{"id":42494,"date":"2022-12-07T16:00:51","date_gmt":"2022-12-07T21:00:51","guid":{"rendered":"https:\/\/cimbcc.org\/test2\/?p=42494"},"modified":"2023-10-16T22:11:07","modified_gmt":"2023-10-17T02:11:07","slug":"que-se-passe-t-il-avec-facebook","status":"publish","type":"post","link":"https:\/\/cimbcc.org\/test2\/que-se-passe-t-il-avec-facebook\/","title":{"rendered":"Que se passe-t-il avec Facebook?"},"content":{"rendered":"<figure id=\"attachment_34910\" aria-describedby=\"caption-attachment-34910\" style=\"width: 125px\" class=\"wp-caption aligncenter\"><img loading=\"lazy\" decoding=\"async\" class=\"size-full wp-image-34910\" src=\"https:\/\/cimbcc.org\/test2\/wp-content\/uploads\/photo_gagne_michel.jpg\" alt=\"\" width=\"125\" height=\"125\" \/><figcaption id=\"caption-attachment-34910\" class=\"wp-caption-text\"><span style=\"color: #ffffff;\">mmm<\/span>Michel Gagn\u00e9<\/figcaption><\/figure>\n<p style=\"text-align: justify;\">C\u2019est \u00e0 n\u2019y rien comprendre ! Il y a quelques ann\u00e9es, on c\u00e9l\u00e9brait le g\u00e9nie de <a href=\"https:\/\/fr.wikipedia.org\/wiki\/Mark_Zuckerberg\" target=\"_blank\" rel=\"noopener\">Mark Zuckerberg<\/a>, on disait que <a href=\"https:\/\/fr.wikipedia.org\/wiki\/Facebook\" target=\"_blank\" rel=\"noopener\">Facebook<\/a> permettait aux familles de communiquer, qu\u2019il permettait aux grands-parents de rester en contact avec leurs petits-enfants, qu\u2019il \u00e9branlait les dictatures en permettant aux citoyens de contourner la censure. Mais aujourd\u2019hui, on ne voit que des d\u00e9fauts \u00e0 Facebook : on dit qu\u2019il affaiblit la d\u00e9mocratie et qu\u2019il est source de <a href=\"https:\/\/fr.wikipedia.org\/wiki\/D%C3%A9sinformation\" target=\"_blank\" rel=\"noopener\">d\u00e9sinformation<\/a> et de probl\u00e8mes mentaux, surtout chez les jeunes.<\/p>\n<p style=\"text-align: justify;\">Rien ne va plus pour Facebook ! Mark Zuckerberg a bien tent\u00e9 de cr\u00e9er une diversion en annon\u00e7ant des investissements massifs dans le <a href=\"https:\/\/fr.wikipedia.org\/wiki\/M%C3%A9tavers\" target=\"_blank\" rel=\"noopener\">m\u00e9tavers<\/a>. Cependant, il semble que tout le monde a perdu confiance en Facebook. Les utilisateurs quittent le r\u00e9seau social. Les annonceurs et les investisseurs quittent aussi le navire, ce qui a fait plonger l\u2019action de Facebook de 379 $ \u00e0 112 $ au cours des 15 derniers mois. Pour couronner le tout, Facebook a annonc\u00e9 r\u00e9cemment le <a href=\"https:\/\/www.macg.co\/ailleurs\/2022\/11\/meta-va-licencier-plus-de-11-000-employes-132535\" target=\"_blank\" rel=\"noopener\">licenciement de 11 000 employ\u00e9s<\/a>.<\/p>\n<p style=\"text-align: justify;\">L\u2019excellente \u00e9mission de t\u00e9l\u00e9vision <em><a href=\"https:\/\/ici.radio-canada.ca\/decrypteurs\" target=\"_blank\" rel=\"noopener\">Les D\u00e9crypteurs<\/a><\/em> a publi\u00e9 r\u00e9cemment un reportage qui nous permet de commencer \u00e0 comprendre ce qui se passe avec Facebook. Le reportage a la forme d\u2019une entrevue avec <a href=\"https:\/\/fr.wikipedia.org\/wiki\/Frances_Haugen\" target=\"_blank\" rel=\"noopener\">Frances Haugen<\/a>, une <a href=\"https:\/\/fr.wikipedia.org\/wiki\/Lanceur_d%27alerte\" target=\"_blank\" rel=\"noopener\">lanceuse d\u2019alerte<\/a> qui a publi\u00e9 20 000 pages de documents confidentiels de Facebook. Ces documents r\u00e9v\u00e8lent que Facebook se soucie beaucoup plus de son portefeuille que de la sant\u00e9 et de la s\u00e9curit\u00e9 de ses utilisateurs.<\/p>\n<p style=\"text-align: justify;\">Dans l\u2019entrevue, Frances Haugen d\u00e9crit les d\u00e9rives de Facebook. Elle propose aussi des pistes de solutions pour que les gouvernements encadrent Facebook et les autres r\u00e9seaux sociaux, et elle fait des suggestions aux parents qui veulent aider leurs enfants \u00e0 utiliser les r\u00e9seaux sociaux intelligemment.<\/p>\n<p style=\"text-align: justify;\"><!--more--><\/p>\n<h4>Qui est la lanceuse d\u2019alerte Frances Haugen?<\/h4>\n<p style=\"text-align: justify;\">Frances Haugen est une informaticienne d\u2019environ 35 ans, <a href=\"https:\/\/fr.wikipedia.org\/wiki\/Science_des_donn%C3%A9es\" target=\"_blank\" rel=\"noopener\">sp\u00e9cialiste des donn\u00e9es<\/a>. Elle a \u00e9tudi\u00e9 l\u2019informatique et le g\u00e9nie \u00e9lectrique, et elle a une ma\u00eetrise en administration des affaires de la Harvard Business School.<\/p>\n<p style=\"text-align: justify;\">Elle a travaill\u00e9 dans plusieurs compagnies technologiques de la <a href=\"https:\/\/fr.wikipedia.org\/wiki\/Silicon_Valley\" target=\"_blank\" rel=\"noopener\">Silicon Valley<\/a> comme <a href=\"https:\/\/fr.wikipedia.org\/wiki\/Google\" target=\"_blank\" rel=\"noopener\">Google<\/a>, <a href=\"https:\/\/fr.wikipedia.org\/wiki\/Yelp\" target=\"_blank\" rel=\"noopener\">Yelp<\/a> et <a href=\"https:\/\/fr.wikipedia.org\/wiki\/Pinterest\" target=\"_blank\" rel=\"noopener\">Pinterest<\/a>.<\/p>\n<p style=\"text-align: justify;\">En 2019, Facebook l\u2019a recrut\u00e9 au sein de son d\u00e9partement d&rsquo;int\u00e9grit\u00e9 civique pour lutter contre la d\u00e9sinformation. De 2019 \u00e0 2021, au sein de l&rsquo;entreprise, elle a constat\u00e9 que la direction refusait de prendre conscience de son potentiel de pr\u00e9judice et de le corriger.<\/p>\n<p style=\"text-align: justify;\">Elle a alors entam\u00e9 une d\u00e9marche de lanceuse d&rsquo;alerte et a copi\u00e9 secr\u00e8tement des dizaines de milliers de pages de recherches internes de Facebook, afin de fournir les preuves que l&rsquo;entreprise ment d\u00e9lib\u00e9r\u00e9ment au public et aux autorit\u00e9s sur ses progr\u00e8s en termes de lutte contre les contenus haineux, la violence en ligne et la d\u00e9sinformation. En 2021, elle a quitt\u00e9 Facebook et a publi\u00e9 les documents qu&rsquo;elle avait subtilis\u00e9s.<\/p>\n<p style=\"text-align: justify;\">L\u2019information pr\u00e9c\u00e9dente provient de Wikip\u00e9dia. Si vous voulez plus d\u2019information sur Frances Haugen, je vous invite \u00e0 lire l\u2019article complet sur cette courageuse lanceuse d\u2019alerte en <a href=\"https:\/\/fr.wikipedia.org\/wiki\/Frances_Haugen\" target=\"_blank\" rel=\"noopener\">cliquant ici<\/a>. Vous y trouverez, entre autres, un r\u00e9sum\u00e9 des r\u00e9v\u00e9lations r\u00e9centes faites sur Facebook par Frances Haugen, par les enqu\u00eates journalistiques men\u00e9es \u00e0 partir des documents qu\u2019elle a rendus publics et par des entrevues d\u2019employ\u00e9s de Facebook.<\/p>\n<h4 style=\"text-align: justify;\">L\u2019entrevue avec Frances Haugen<\/h4>\n<p style=\"text-align: justify;\">L\u2019\u00e9mission des D\u00e9crypteurs sur Facebook se trouve sur le site Web d&rsquo;ICI TOU.TV <a href=\"https:\/\/ici.tou.tv\/decrypteurs\/S04E06?lectureauto=1\" target=\"_blank\" rel=\"noopener\">\u00e0 cet endroit<\/a>. L\u2019entrevue avec Frances Haugen commence \u00e0 10 minutes 35 secondes du d\u00e9but du vid\u00e9o.<\/p>\n<p style=\"text-align: justify;\">Malheureusement, l\u2019entrevue est en anglais avec sous-titres, sans traduction simultan\u00e9e. Comme Frances Haugen parle assez rapidement, les sous-titres sont difficiles \u00e0 lire. Pour vous faciliter la compr\u00e9hension de l\u2019entrevue, j\u2019en ai fait une transcription que vous trouverez ci-dessous. Si vous comprenez tr\u00e8s bien l\u2019anglais, \u00e9coutez l\u2019entrevue. Sinon, je vous invite \u00e0 lire la transcription ci-dessous.<\/p>\n<h5 style=\"text-align: justify;\"><em>Quelques d\u00e9finitions<\/em><\/h5>\n<p style=\"text-align: justify;\">Voici quelques d\u00e9finitions qui vous aideront \u00e0 comprendre l\u2019entrevue.<\/p>\n<p style=\"text-align: justify;\"><strong>Algorithme<\/strong> : Les r\u00e9seaux sociaux ne vous pr\u00e9sentent pas toutes les informations qui sont publi\u00e9es par vos amis. L\u2019algorithme est le programme qui d\u00e9termine quelles publications sont affich\u00e9es sur votre fil d\u2019actualit\u00e9. Le but de l\u2019algorithme est de vous pr\u00e9senter ce qui est int\u00e9ressant pour vous dans le but de vous retenir le plus longtemps possible sur le r\u00e9seau social.<\/p>\n<p style=\"text-align: justify;\"><strong>D\u00e9filement morbide<\/strong> : Le d\u00e9filement morbide est le visionnement de nouvelles et d\u2019informations \u00e0 pr\u00e9dominance n\u00e9gative. Les informations n\u00e9gatives d\u00e9crivent souvent la soci\u00e9t\u00e9 comme un endroit contr\u00f4l\u00e9 par le gouvernement ou par une \u00e9lite occulte qui exploite les gens et les emp\u00eache d\u2019exercer leur libre arbitre. La consommation de telles informations entra\u00eene des r\u00e9ponses psychologiques n\u00e9fastes chez certains individus. Une partie de la population jeune est particuli\u00e8rement touch\u00e9e par ce ph\u00e9nom\u00e8ne, ce qui inqui\u00e8te les sp\u00e9cialistes de la sant\u00e9 mentale.<\/p>\n<h4 style=\"text-align: justify;\">Transcription de l\u2019entrevue avec Frances Haugen<\/h4>\n<p style=\"text-align: justify;\"><a href=\"https:\/\/twitter.com\/AlexisDeLancer?ref_src=twsrc%5Egoogle%7Ctwcamp%5Eserp%7Ctwgr%5Eauthor\" target=\"_blank\" rel=\"noopener\"><strong>Alexis De Lancer<\/strong><\/a> : Frances Haugen, bienvenue aux D\u00e9crypteurs. Tout d\u2019abord, comment allez-vous? Comment allez-vous depuis vos r\u00e9v\u00e9lations sur Facebook il y a un an?<\/p>\n<p style=\"text-align: justify;\"><a href=\"https:\/\/twitter.com\/franceshaugen\" target=\"_blank\" rel=\"noopener\"><strong>Frances Haugen<\/strong><\/a> : \u00c7a a \u00e9t\u00e9 tout un tourbillon. Je pense que le monde entier avait envie de d\u00e9couvrir ce qui se passait sur Facebook. Pendant longtemps, les gens ont eu le sentiment que quelque chose clochait. Facebook avait l\u2019habitude d\u2019\u00e9carter les militants qui signalaient des probl\u00e8mes. Mais c\u2019est tr\u00e8s satisfaisant de d\u00e9couvrir la v\u00e9rit\u00e9. Je pense que les gens ont \u00e9t\u00e9 reconnaissants d\u2019avoir \u00e9t\u00e9 mis au courant du fait que leurs enfants \u00e9taient en danger. Qu\u2019il se passait quelque chose \u00e0 cause de Facebook.<\/p>\n<p style=\"text-align: justify;\"><strong>Alexis De Lancer<\/strong> : Comment d\u00e9cririez-vous les actions de Facebook depuis vos r\u00e9v\u00e9lations?<\/p>\n<p style=\"text-align: justify;\"><strong>Frances Haugen<\/strong> : On a l\u2019impression qu\u2019ils \u00e9coutent, mais c\u2019est comme s\u2019ils n\u2019\u00e9coutaient pas l\u2019essentiel du message. Un des principaux probl\u00e8mes que j\u2019ai soulev\u00e9s concernait le r\u00f4le de Facebook dans les endroits politiquement instables o\u00f9 l\u2019entreprise sous-investit au d\u00e9triment de la s\u00e9curit\u00e9 dans ces pays. Oui, ils ont accompli des choses. Ils ont d\u00e9ploy\u00e9 le programme \u00ab Aucune langue laiss\u00e9e de c\u00f4t\u00e9 \u00bb, qui touche pr\u00e8s de 200 langues. Mais il y a pr\u00e8s de 5000 langues parl\u00e9es dans le monde. C\u2019est comme s\u2019ils entendaient un peu les critiques. Mais en r\u00e9alit\u00e9, ils ne font pas grand-chose pour changer leurs produits de mani\u00e8re significative. Ils ne donnent pas plus d\u2019outils aux enfants pour \u00e9chapper \u00e0 l\u2019algorithme ou pour encadrer leur utilisation de Facebook. Cela irait \u00e0 l\u2019encontre de leur mod\u00e8le d\u2019affaires.<\/p>\n<p style=\"text-align: justify;\"><strong>Alexis De Lancer<\/strong> : \u00c0 propos du probl\u00e8me des langues. Pourquoi est-ce un probl\u00e8me si urgent? Pouvez-vous nous donner des exemples des dangers encourus si on n\u2019encadre pas assez les contenus dans certaines langues, dans certains endroits du monde?<\/p>\n<p style=\"text-align: justify;\"><strong>Frances Haugen<\/strong> : En 2018, Facebook est pass\u00e9 de vouloir vous garder sur son site le plus longtemps possible \u00e0 vouloir vous utiliser pour g\u00e9n\u00e9rer plus de contenus \u00e0 travers d\u2019autres personnes. Donc, quand vous publiez un commentaire ou que vous attribuez un \u00ab j\u2019aime \u00bb \u00e0 quelque chose, vos amis g\u00e9n\u00e8rent plus de contenu. Facebook a constat\u00e9 que les contenus qui produisent plus d\u2019interactions \u00e9taient du meilleur contenu. Mais malheureusement, comme Mark Zuckerberg l\u2019a dit lui-m\u00eame, classer les contenus en se basant sur l\u2019interaction est dangereux, parce que nous avons tendance \u00e0 interagir avec des contenus plus extr\u00eames.<\/p>\n<p style=\"text-align: justify;\"><strong>Alexis De Lancer<\/strong> : Il l\u2019a dit publiquement?<\/p>\n<p style=\"text-align: justify;\"><strong>Frances Haugen<\/strong> : Il l\u2019a dit publiquement. C\u2019\u00e9tait m\u00eame \u00e9crit dans le Livre blanc de l\u2019entreprise en 2018. D\u00e8s qu\u2019ils ont fait ce changement, ils ont commenc\u00e9 \u00e0 r\u00e9aliser plusieurs choses. Et dans les six mois qui ont suivi ce changement, les partis politiques europ\u00e9ens de gauche et de droite ont commenc\u00e9 \u00e0 dire : \u00ab On sait que vous avez chang\u00e9 l\u2019algorithme \u00bb. Avant, ils pouvaient partager quelque chose comme un document sur une politique en mati\u00e8re d\u2019agriculture\u2026 ce qui n\u2019est pas le th\u00e8me le plus excitant au monde.<\/p>\n<p style=\"text-align: justify;\"><strong>Alexis De Lancer<\/strong> : C\u2019est vrai.<\/p>\n<p style=\"text-align: justify;\"><strong>Frances Haugen<\/strong> : Mais on voyait avec les statistiques que ces documents, m\u00eame peu int\u00e9ressants en apparence, \u00e9taient lus. Que les gens s\u2019attardaient \u00e0 ce type de contenu. Si on publiait ce m\u00eame contenu aujourd\u2019hui, il n\u2019atteindrait presque personne. D\u00e9sormais, si on n\u2019adopte pas une position extr\u00eame, m\u00eame si on sait que notre \u00e9lectorat ne partage pas cette posture, notre contenu ne sera pas autant visible. C\u2019est une chose dans un endroit comme l\u2019Europe ou au Canada, o\u00f9 il y a beaucoup de stabilit\u00e9 et des traditions d\u00e9mocratiques plus fortes, mais c\u2019est autre chose quand \u00e7a se passe dans des pays o\u00f9 l\u2019Internet se limite presque \u00e0 Facebook. 80 ou 90 % du contenu dans le monde dans la plupart des langues se trouve uniquement sur Facebook. Lorsque vous commencez \u00e0 donner cette visibilit\u00e9 disproportionn\u00e9e \u00e0 des id\u00e9es plus extr\u00eames, \u00e7a peut conduire \u00e0 la violence.<\/p>\n<p style=\"text-align: justify;\"><strong>Alexis De Lancer<\/strong> : Pourquoi pensez-vous que c\u2019est si difficile pour Facebook d\u2019adopter les changements que vous exigez?<\/p>\n<p style=\"text-align: justify;\"><strong>Frances Haugen<\/strong> : Bonne question. Si nous ne nous focalisons pas sur le contenu, nous pouvons nous concentrer sur la conception du produit. Dans le cas de Facebook, il y a de petits changements qui peuvent \u00eatre faits. Par exemple, devoir cliquer sur un lien avant de le partager. Vous ne pourriez donc pas partager l\u2019article qui appara\u00eet dans votre fil juste en cliquant sur le bouton \u00ab partager \u00bb. Il faudrait d\u2019abord cliquer sur l\u2019article. Comme \u00e7a, on peut atteindre le comportement des gens sans toucher au contenu. Cela fonctionnerait dans tous les pays. Imaginez quelque chose qui appara\u00eet dans votre fil et qui provient d\u2019un contenu partag\u00e9 au-del\u00e0 des amis de vos amis. Imaginez si vous disiez : \u00ab H\u00e9, je ne connais pas cette personne \u00bb. Vous pourriez toujours \u00e9crire ce que vous voulez. Mais vous devriez copier et coller sa publication afin de la partager. C\u2019est le m\u00eame impact que le programme de v\u00e9rification des faits par un tiers\u2026 tout en fonctionnant dans toutes les langues du monde.<\/p>\n<p style=\"text-align: justify;\"><strong>Alexis De Lancer<\/strong> : C\u2019est int\u00e9ressant.<\/p>\n<p style=\"text-align: justify;\"><strong>Frances Haugen<\/strong> : La raison pour laquelle ils ne font pas \u00e7a, c\u2019est parce que cela r\u00e9duirait le nombre de publications dans le syst\u00e8me. Donc, les utilisateurs resteraient moins longtemps sur Facebook, il y aurait moins de clics sur les publicit\u00e9s. Leur motivation est d\u2019avoir le plus de contenus possible qui circulent librement et rapidement dans le syst\u00e8me afin de gagner plus d\u2019argent.<\/p>\n<p style=\"text-align: justify;\"><strong>Alexis De Lancer<\/strong> : Tout est une question de mod\u00e8le d\u2019affaires.<\/p>\n<p style=\"text-align: justify;\"><strong>Frances Haugen<\/strong> : Oui. Tout est une question de mod\u00e8le d\u2019affaires.<\/p>\n<p style=\"text-align: justify;\"><strong>Alexis De Lancer<\/strong> : Existe-t-il des exemples que nous devrions suivre en termes de l\u00e9gislation?<\/p>\n<p style=\"text-align: justify;\"><strong>Frances Haugen<\/strong> : On est enthousiasm\u00e9 par la forme que prend la loi canadienne. Elle est inspir\u00e9e de plusieurs bons mod\u00e8les, dont la l\u00e9gislation sur les services num\u00e9riques, qui est la loi que l\u2019Europe a adopt\u00e9e plus t\u00f4t cette ann\u00e9e. La l\u00e9gislation sur les services num\u00e9riques met l\u2019accent sur la transparence. Nous avons le droit de savoir ce qui se passe sur ces r\u00e9seaux sociaux. Nous avons le droit de savoir ce qu\u2019ils mettent dans nos esprits. Les entreprises doivent s\u2019engager dans un processus de discussion sur les risques engendr\u00e9s par leurs produits. Un mois avant la parution des premiers articles \u00e0 propos de mes r\u00e9v\u00e9lations, le S\u00e9nat am\u00e9ricain a fait une demande \u00e0 Facebook : \u00ab Nous savons qu\u2019il se passe quelque chose avec les enfants. Vous devez nous dire ce que vous savez. \u00bb Et au lieu de partager leurs r\u00e9sultats de recherches, Facebook leur a \u00e9crit une lettre de six pages indiquant que l\u2019entreprise n\u2019allait donner aucune information. Et parce que nous n\u2019avions pas de lois aux \u00c9tats-Unis qui obligeaient Facebook \u00e0 partager ses informations, la conversation s\u2019est arr\u00eat\u00e9e l\u00e0, jusqu\u2019\u00e0 ce que mes r\u00e9v\u00e9lations sortent au grand jour. Apr\u00e8s, nous avons d\u00e9couvert que Facebook avait r\u00e9alis\u00e9 plusieurs recherches sur le comportement des enfants en ligne. Des choses comme des entretiens avec des enfants, o\u00f9 les enfants utilisaient syst\u00e9matiquement les mots d\u2019un toxicomane pour d\u00e9crire leur utilisation des m\u00e9dias sociaux. Ils disaient : \u00ab \u00c7a me rend malheureux. Je ne peux pas arr\u00eater de l\u2019utiliser. Si je pars, je serai ostracis\u00e9. \u00bb C\u2019est sans \u00e9quivoque.<\/p>\n<p style=\"text-align: justify;\"><strong>Alexis De Lancer<\/strong> : On se demande tous ce qui se passe dans l\u2019esprit de Mark Zuckerberg. Quelle gouvernance ont-ils \u00e0 Facebook? Il doit y r\u00e9gner une forme de dissidence, non?<\/p>\n<p style=\"text-align: justify;\"><strong>Frances Haugen<\/strong> : J\u2019ai beaucoup d\u2019empathie pour Mark parce qu\u2019il a pass\u00e9 toute sa vie d\u2019adulte en tant que pr\u00e9sident-directeur g\u00e9n\u00e9ral de Facebook. Il a commenc\u00e9 \u00e0 19 ans. Les gens lui ont dit pendant 10 ans qu\u2019il \u00e9tait le sauveur de l\u2019humanit\u00e9. En avril 2016, il y avait des d\u00e9fil\u00e9s en son honneur dans les rues d\u2019Afrique parce qu\u2019il \u00e9tait l\u2019homme qui a amen\u00e9 Internet dans ce continent. Six mois plus tard, les gens lui ont dit : \u00ab Cela d\u00e9truit la d\u00e9mocratie \u00bb. C\u2019est presque impossible pour quelqu\u2019un de se dire qu\u2019il est responsable de centaines de milliers de morts. Aujourd\u2019hui, nous sommes tous pris en otages par le fait que Mark s\u2019est entour\u00e9 de personnes qui le rassurent, qui lui disent que tout va bien. Qu\u2019il prot\u00e8ge la libert\u00e9 d\u2019expression alors qu\u2019en r\u00e9alit\u00e9, la plupart des choses dont je parle ne touchent pas \u00e0 la libert\u00e9 d\u2019expression. Mais il ne veut m\u00eame pas imaginer que ses produits puissent blesser les gens. C\u2019est trop dur pour lui. Facebook et Mark sont la m\u00eame chose dans sa t\u00eate.<\/p>\n<p style=\"text-align: justify;\"><strong>Alexis De Lancer<\/strong> : on pourrait avoir l\u2019impression que les algorithmes sont intrins\u00e8quement mauvais et qu\u2019on doit donc imaginer autre chose, un autre mod\u00e8le. Mais les algorithmes ont aussi de bons c\u00f4t\u00e9s, non?<\/p>\n<p style=\"text-align: justify;\"><strong>Frances Haugen<\/strong> : Je pense que la vraie conversation que nous devons avoir est de d\u00e9terminer de quel syst\u00e8me d\u2019incitatifs et de quel encadrement nous avons besoin pour rendre les algorithmes moins nocifs? C\u2019est comme les voitures. Les constructeurs automobiles connaissaient depuis des ann\u00e9es les ceintures de s\u00e9curit\u00e9, les colonnes de direction pliables et les coussins gonflables, mais ils refusaient de les installer dans leurs voitures. C\u2019est fou ! Il s\u2019est \u00e9coul\u00e9 20 ans entre le moment o\u00f9 on a eu la premi\u00e8re voiture avec des ceintures de s\u00e9curit\u00e9 et l\u2019obligation l\u00e9gale d\u2019en installer pour chaque si\u00e8ge. Voil\u00e0 donc le genre de situation o\u00f9 des entreprises savent comment rendre des produits s\u00e9curitaires, mais, \u00e0 moins de les contraindre, comme en imposant la transparence, elles ne seront pas incit\u00e9es \u00e0 agir de mani\u00e8re responsable.<\/p>\n<p style=\"text-align: justify;\"><strong>Alexis De Lancer<\/strong> : Si c\u2019est vrai pour Facebook, ce l\u2019est d\u2019autant plus pour <a href=\"https:\/\/fr.wikipedia.org\/wiki\/TikTok\" target=\"_blank\" rel=\"noopener\">TikTok<\/a>. Vous avez devin\u00e9 ma prochaine question. On a vu l\u2019influence qu\u2019\u00e0 TikTok et son algorithme qui semble tr\u00e8s puissant. \u00cates-vous inqui\u00e8te?<\/p>\n<p style=\"text-align: justify;\"><strong>Frances Haugen<\/strong> : TikTok ne vous fait pas de promesses. La seule promesse qu\u2019ils vous font est qu\u2019ils vont vous offrir une autre vid\u00e9o. C\u2019est tellement bon que vous allez vouloir regarder cette vid\u00e9o. Mais ils peuvent faire un certain nombre de choses en arri\u00e8re-sc\u00e8ne. Il y a quelques ann\u00e9es, ils supprimaient le contenu de toutes les personnes visiblement homosexuelles ou handicap\u00e9es en pr\u00e9tendant les \u00ab prot\u00e9ger \u00bb contre l\u2019intimidation. Ce qui rend tout \u00e7a effrayant \u00e0 mes yeux en ce moment, c\u2019est que nous ne parlons pas vraiment de l\u2019influence de TikTok au Kenya et dans les endroits politiquement instables dans le monde. Nous avons vu cet \u00e9t\u00e9 lors des \u00e9lections au Kenya que, pour la premi\u00e8re fois, du contenu violent sur TikTok menait les gens \u00e0 des affrontements. Je m\u2019attends \u00e0 voir tout ce que nous avons vu avec Facebook, au Myanmar et en \u00c9thiopie, aller bien plus loin avec TikTok.<\/p>\n<p style=\"text-align: justify;\"><strong>Alexis De Lancer<\/strong> : Pour terminer, il y a beaucoup d\u2019utilisateurs de Facebook qui vous \u00e9coutent en ce moment. Quel serait votre conseil pour avoir une exp\u00e9rience positive sur Facebook?<\/p>\n<p style=\"text-align: justify;\"><strong>Frances Haugen<\/strong> : Si vous avez des enfants, je vous encourage fortement \u00e0 vous assoir avec eux et \u00e0 leur parler du mod\u00e8le d\u2019affaires de Facebook. \u00c0 leur parler du d\u00e9filement morbide et de l\u2019importance de comprendre \u00e0 quel point il est possible de consacrer beaucoup trop de temps \u00e0 ces syst\u00e8mes. La plupart des t\u00e9l\u00e9phones ont l\u2019option de mesurer le temps qu\u2019on passe sur les r\u00e9seaux sociaux. Posez-vous la question : est-ce que c\u2019est comme \u00e7a que je veux passer du temps dans ma vie? Y passer 3 heures par jour ou 30 minutes? Je ne suis pas absolutiste, je ne vais pas vous dire de vous d\u00e9barrasser des r\u00e9seaux sociaux. Je veux que vous viviez en toute conscience avec les m\u00e9dias sociaux. Je veux que ce soit un outil pour vous, pas que vous soyez un outil pour eux.<\/p>\n","protected":false},"excerpt":{"rendered":"<p>C\u2019est \u00e0 n\u2019y rien comprendre ! Il y a quelques ann\u00e9es, on c\u00e9l\u00e9brait le g\u00e9nie de Mark Zuckerberg, on disait que Facebook permettait aux familles de communiquer, qu\u2019il permettait aux grands-parents de rester en contact avec leurs petits-enfants, qu\u2019il \u00e9branlait les dictatures en permettant aux citoyens de contourner la censure. Mais aujourd\u2019hui, on ne voit &hellip; <a href=\"https:\/\/cimbcc.org\/test2\/que-se-passe-t-il-avec-facebook\/\" class=\"more-link\">Continuer la lecture de <span class=\"screen-reader-text\">Que se passe-t-il avec Facebook?<\/span>  <span class=\"meta-nav\">&rarr;<\/span><\/a><\/p>\n","protected":false},"author":43,"featured_media":0,"comment_status":"open","ping_status":"closed","sticky":false,"template":"","format":"standard","meta":{"footnotes":""},"categories":[25],"tags":[1210,1740,20,1736,1738,1739],"class_list":["post-42494","post","type-post","status-publish","format-standard","hentry","category-chronique-securite","tag-decrypteurs","tag-defilement-morbide","tag-facebook","tag-frances-haugen","tag-lanceur-dalerte","tag-violence"],"_links":{"self":[{"href":"https:\/\/cimbcc.org\/test2\/wp-json\/wp\/v2\/posts\/42494","targetHints":{"allow":["GET"]}}],"collection":[{"href":"https:\/\/cimbcc.org\/test2\/wp-json\/wp\/v2\/posts"}],"about":[{"href":"https:\/\/cimbcc.org\/test2\/wp-json\/wp\/v2\/types\/post"}],"author":[{"embeddable":true,"href":"https:\/\/cimbcc.org\/test2\/wp-json\/wp\/v2\/users\/43"}],"replies":[{"embeddable":true,"href":"https:\/\/cimbcc.org\/test2\/wp-json\/wp\/v2\/comments?post=42494"}],"version-history":[{"count":7,"href":"https:\/\/cimbcc.org\/test2\/wp-json\/wp\/v2\/posts\/42494\/revisions"}],"predecessor-version":[{"id":42549,"href":"https:\/\/cimbcc.org\/test2\/wp-json\/wp\/v2\/posts\/42494\/revisions\/42549"}],"wp:attachment":[{"href":"https:\/\/cimbcc.org\/test2\/wp-json\/wp\/v2\/media?parent=42494"}],"wp:term":[{"taxonomy":"category","embeddable":true,"href":"https:\/\/cimbcc.org\/test2\/wp-json\/wp\/v2\/categories?post=42494"},{"taxonomy":"post_tag","embeddable":true,"href":"https:\/\/cimbcc.org\/test2\/wp-json\/wp\/v2\/tags?post=42494"}],"curies":[{"name":"wp","href":"https:\/\/api.w.org\/{rel}","templated":true}]}}