{"id":42704,"date":"2022-12-18T23:00:11","date_gmt":"2022-12-19T04:00:11","guid":{"rendered":"https:\/\/cimbcc.org\/test2\/?p=42704"},"modified":"2023-10-16T22:11:07","modified_gmt":"2023-10-17T02:11:07","slug":"quand-changer-son-telephone-intelligent-et-reflexions-sur-lintelligence-artificielle","status":"publish","type":"post","link":"https:\/\/cimbcc.org\/test2\/quand-changer-son-telephone-intelligent-et-reflexions-sur-lintelligence-artificielle\/","title":{"rendered":"Quand changer son t\u00e9l\u00e9phone intelligent et r\u00e9flexions\u00a0sur l&rsquo;intelligence artificielle"},"content":{"rendered":"<figure id=\"attachment_24081\" aria-describedby=\"caption-attachment-24081\" style=\"width: 125px\" class=\"wp-caption aligncenter\"><img loading=\"lazy\" decoding=\"async\" class=\"size-full wp-image-24081\" src=\"https:\/\/cimbcc.org\/test2\/wp-content\/uploads\/photo_charron_denis.jpg\" alt=\"\" width=\"125\" height=\"125\" \/><figcaption id=\"caption-attachment-24081\" class=\"wp-caption-text\"><span style=\"color: #ffffff;\">mmm<\/span>Denis Charron<\/figcaption><\/figure>\n<p style=\"text-align: justify;\">L&rsquo;article d&rsquo;aujourd&rsquo;hui abordera deux questions :<\/p>\n<ul style=\"text-align: justify;\">\n<li>Quand changer son t\u00e9l\u00e9phone intelligent ?<\/li>\n<li>Comment l&rsquo;intelligence artificielle nous per\u00e7oit-elle ?<\/li>\n<\/ul>\n<p style=\"text-align: justify;\"><!--more--><\/p>\n<hr \/>\n<h4><strong>Quand changer son t\u00e9l\u00e9phone intelligent ?<\/strong><\/h4>\n<p style=\"text-align: justify;\">De plus en plus de gens utilisent un cellulaire sans contrat. Ils sont donc libres de conserver leur t\u00e9l\u00e9phone plus longtemps. Mais la technologie \u00e9volue \u00e0 un rythme exponentiel. Les nouveaux t\u00e9l\u00e9phones donnent acc\u00e8s \u00e0 de nouvelles possibilit\u00e9s et <strong>la v\u00e9ritable question restera toujours, \u00ab En as-tu vraiment besoin ? \u00bb<\/strong><\/p>\n<p style=\"text-align: justify;\"><a href=\"https:\/\/www.futura-sciences.com\/tech\/questions-reponses\/smartphone-frequence-devriez-vous-changer-smartphone-17154\/?utm_source=nl_quotidienne&amp;nl_optin=optin_sciences&amp;utm_content=20221212&amp;utm_campaign=general&amp;utm_medium=email&amp;xtor=EREC-49-QUOTIDIENNE20221212&amp;uid=b5a4b7bffaa7143b40f072851b561895\" target=\"_blank\" rel=\"noopener\">Cet article<\/a> du site web de <em>Futura-Sciences <\/em>explore les aspects techniques, \u00e9conomiques, mais aussi \u00e9cologiques, qui vont aider \u00e0 savoir s&rsquo;il est temps ou non de changer votre t\u00e9l\u00e9phone.<\/p>\n<hr \/>\n<h4><strong>Comment l&rsquo;intelligence artificielle nous per\u00e7oit-elle ?<\/strong><\/h4>\n<p style=\"text-align: justify;\">L&rsquo;intelligence artificielle d\u00e9passera-t-elle un jour l&rsquo;intelligence humaine ?<\/p>\n<p style=\"text-align: justify;\">Comme le pr\u00e9sente <a href=\"https:\/\/www.lapresse.ca\/arts\/television\/2022-12-12\/le-docu-de-la-semaine\/l-humain-vu-par-l-intelligence-artificielle.php\" target=\"_blank\" rel=\"noopener\">cet article<\/a> de <em>La Presse<\/em>, ces questions et bien d&rsquo;autres seront abord\u00e9es dans un documentaire qui sera pr\u00e9sent\u00e9 sur ICI Explora \u00e0 partir du 19 d\u00e9cembre 2022 et sur RDI les 3, 4 et 5 janvier 2023.<\/p>\n<p style=\"text-align: justify;\">Denis Charron<\/p>\n","protected":false},"excerpt":{"rendered":"<p>L&rsquo;article d&rsquo;aujourd&rsquo;hui abordera deux questions : Quand changer son t\u00e9l\u00e9phone intelligent ? Comment l&rsquo;intelligence artificielle nous per\u00e7oit-elle ?<\/p>\n","protected":false},"author":43,"featured_media":0,"comment_status":"open","ping_status":"closed","sticky":false,"template":"","format":"standard","meta":{"footnotes":""},"categories":[403],"tags":[112,731,104],"class_list":["post-42704","post","type-post","status-publish","format-standard","hentry","category-applications","tag-achat","tag-intelligence-artificielle","tag-telephone-intelligent"],"_links":{"self":[{"href":"https:\/\/cimbcc.org\/test2\/wp-json\/wp\/v2\/posts\/42704","targetHints":{"allow":["GET"]}}],"collection":[{"href":"https:\/\/cimbcc.org\/test2\/wp-json\/wp\/v2\/posts"}],"about":[{"href":"https:\/\/cimbcc.org\/test2\/wp-json\/wp\/v2\/types\/post"}],"author":[{"embeddable":true,"href":"https:\/\/cimbcc.org\/test2\/wp-json\/wp\/v2\/users\/43"}],"replies":[{"embeddable":true,"href":"https:\/\/cimbcc.org\/test2\/wp-json\/wp\/v2\/comments?post=42704"}],"version-history":[{"count":3,"href":"https:\/\/cimbcc.org\/test2\/wp-json\/wp\/v2\/posts\/42704\/revisions"}],"predecessor-version":[{"id":42733,"href":"https:\/\/cimbcc.org\/test2\/wp-json\/wp\/v2\/posts\/42704\/revisions\/42733"}],"wp:attachment":[{"href":"https:\/\/cimbcc.org\/test2\/wp-json\/wp\/v2\/media?parent=42704"}],"wp:term":[{"taxonomy":"category","embeddable":true,"href":"https:\/\/cimbcc.org\/test2\/wp-json\/wp\/v2\/categories?post=42704"},{"taxonomy":"post_tag","embeddable":true,"href":"https:\/\/cimbcc.org\/test2\/wp-json\/wp\/v2\/tags?post=42704"}],"curies":[{"name":"wp","href":"https:\/\/api.w.org\/{rel}","templated":true}]}}