{"id":42857,"date":"2023-01-08T17:00:39","date_gmt":"2023-01-08T22:00:39","guid":{"rendered":"https:\/\/cimbcc.org\/test2\/?p=42857"},"modified":"2023-10-16T22:10:27","modified_gmt":"2023-10-17T02:10:27","slug":"zoom-retour-pour-le-futur","status":"publish","type":"post","link":"https:\/\/cimbcc.org\/test2\/zoom-retour-pour-le-futur\/","title":{"rendered":"Zoom\u00a0: retour pour le futur \u2026"},"content":{"rendered":"<figure id=\"attachment_43010\" aria-describedby=\"caption-attachment-43010\" style=\"width: 125px\" class=\"wp-caption aligncenter\"><img loading=\"lazy\" decoding=\"async\" class=\"size-full wp-image-43010\" src=\"https:\/\/cimbcc.org\/test2\/wp-content\/uploads\/photo_delisle_pierre_noel_m-e1673148323661.jpg\" alt=\"\" width=\"125\" height=\"125\" \/><figcaption id=\"caption-attachment-43010\" class=\"wp-caption-text\"><span style=\"color: #ffffff;\">mmmn<\/span>Pierre Delisle<\/figcaption><\/figure>\n<p style=\"text-align: justify;\">Rebonjour \u00e0 toutes et tous ! Laissez-moi d\u2019abord le plaisir de vous souhaiter une Bonne et Heureuse Ann\u00e9e 2023, emplie de joie, de bonheur, de connaissances et, surtout, de sant\u00e9 !<\/p>\n<p style=\"text-align: justify;\">En 2020, votre club informatique a d\u00e9cid\u00e9 d\u2019adopter la solution Zoom afin de permettre la continuit\u00e9 virtuelle des pr\u00e9sentations pour ses membres malgr\u00e9 le confinement en lien avec la pand\u00e9mie. F\u00e9licitations \u00e0 toutes et tous ! Face \u00e0 ce changement, vous avez si bien r\u00e9pondu que nous continuerons \u00e0 privil\u00e9gier cette fa\u00e7on de faire. Cet hiver, nous tenterons de bien en optimiser l\u2019utilisation, peu importe votre niveau d\u2019aisance actuelle.<\/p>\n<p style=\"text-align: justify;\"><img loading=\"lazy\" decoding=\"async\" class=\"aligncenter size-full wp-image-42941\" src=\"https:\/\/cimbcc.org\/test2\/wp-content\/uploads\/chip_2023_1_zoom_1.jpg\" alt=\"\" width=\"81\" height=\"79\" \/><\/p>\n<p style=\"text-align: justify;\"><!--more--><\/p>\n<h4 style=\"text-align: justify;\">Introduction<\/h4>\n<p style=\"text-align: justify;\">Au tout d\u00e9but de l&rsquo;introduction de Zoom, en septembre 2020, nous y sommes all\u00e9s tout doucement pour vous assister dans l\u2019installation, la compr\u00e9hension et l\u2019utilisation des fonctions de base. Puis, nous vous avons pr\u00e9sent\u00e9, au commencement de chaque saison, une conf\u00e9rence Web sur les nouveaut\u00e9s et les principaux outils pour lesquels vous manifestiez des inconforts.<\/p>\n<p style=\"text-align: justify;\">De nombreuses nouvelles personnes se sont jointes \u00e0 nous sans avoir eu la chance de recevoir la formation quant aux notions de base, vues il y a quand m\u00eame deux ans et demi. Mentionnons de plus les membres qui, \u00e0 ce moment, n\u2019\u00e9taient pas \u00e0 l\u2019aise pour s\u2019initier \u00e0 un environnement de vid\u00e9oconf\u00e9rence. Nous vous proposons donc deux nouvelles pr\u00e9sentations Zoom qui constitueront une base solide pour l&rsquo;utilisation future de ce logiciel.<\/p>\n<hr \/>\n<h4>Premi\u00e8re pr\u00e9sentation<\/h4>\n<p><img loading=\"lazy\" decoding=\"async\" class=\"aligncenter size-full wp-image-42942\" src=\"https:\/\/cimbcc.org\/test2\/wp-content\/uploads\/chip_2023_1_zoom_2.jpg\" alt=\"\" width=\"248\" height=\"149\" \/><\/p>\n<p style=\"text-align: justify;\">Lors de la pr\u00e9sentation du <span style=\"color: #ff0000;\"><strong>13 janvier 2023<\/strong><\/span>, \u00e0 <strong>13 h 15<\/strong>, nous commencerons par la toute premi\u00e8re action : l\u2019installation de <a href=\"https:\/\/zoom.us\/\" target=\"_blank\" rel=\"noopener\">Zoom<\/a> sur votre poste, avec des d\u00e9monstrations pour le PC et l\u2019iPad. Cette pr\u00e9sentation aura lieu au <a href=\"https:\/\/cimbcc.org\/test2\/chalet-marie-victorin-saint-bruno\" target=\"_blank\" rel=\"noopener\">Chalet Marie-Victorin<\/a> et sera offerte en mode hybride (pr\u00e9sentiel et vid\u00e9oconf\u00e9rence).<\/p>\n<p style=\"text-align: justify;\">Les personnes qui poss\u00e8dent un appareil mobile (tablette ou portable) pourraient m\u00eame apporter leur appareil au Chalet et des b\u00e9n\u00e9voles se feront un plaisir d\u2019installer et de bien configurer le logiciel Zoom sur leur poste.<\/p>\n<p style=\"text-align: justify;\">Par la suite, l\u2019animateur parcourra les principales actions permettant de se connecter aux pr\u00e9sentations gr\u00e2ce au courrier hebdomadaire du Club et ce, que vous ayez install\u00e9 ou non Zoom. Eh oui ! Il est possible d\u2019assister aux pr\u00e9sentations par Zoom sans m\u00eame avoir install\u00e9 le logiciel !<\/p>\n<p style=\"text-align: justify;\">Suivront les actions vraiment de base. Apr\u00e8s cette pr\u00e9sentation, vous aurez les outils minimaux pour tirer profit d&rsquo;une r\u00e9union en vid\u00e9oconf\u00e9rence.<\/p>\n<p style=\"text-align: justify;\">Voici un aper\u00e7u du plan de cette pr\u00e9sentation.<\/p>\n<p style=\"text-align: justify;\"><img loading=\"lazy\" decoding=\"async\" class=\"aligncenter size-full wp-image-42943\" src=\"https:\/\/cimbcc.org\/test2\/wp-content\/uploads\/chip_2023_1_zoom_3.jpg\" alt=\"\" width=\"520\" height=\"284\" srcset=\"https:\/\/cimbcc.org\/test2\/wp-content\/uploads\/chip_2023_1_zoom_3.jpg 520w, https:\/\/cimbcc.org\/test2\/wp-content\/uploads\/chip_2023_1_zoom_3-300x164.jpg 300w\" sizes=\"auto, (max-width: 520px) 100vw, 520px\" \/><\/p>\n<p><strong><a href=\"https:\/\/cimbcc.org\/test2\/wp-content\/uploads\/notes_2023_01_13_zomm_premiers_pas.pdf\" target=\"_blank\" rel=\"noopener\">Cliquez ici<\/a><\/strong> pour voir le diaporama complet.<\/p>\n<hr \/>\n<h4>Seconde pr\u00e9sentation<\/h4>\n<p style=\"text-align: justify;\">Le <span style=\"color: #ff0000;\"><strong>18 janvier 2023<\/strong><\/span> \u00e0 <strong>19 h 30<\/strong>, en mode vid\u00e9oconf\u00e9rence seulement, il y aura une seconde pr\u00e9sentation pour les \u00ab initi\u00e9s \u00bb. Cela comprend tous les membres qui utilisent d\u00e9j\u00e0 Zoom, mais aussi celles et ceux qui auront assist\u00e9 \u00e0 la pr\u00e9sentation du 13 janvier.<\/p>\n<p style=\"text-align: justify;\">La cr\u00e9ation d\u2019un compte, quoique maintenant non obligatoire, permet l\u2019utilisation d\u2019autres fonctionnalit\u00e9s non disponibles sans celui-ci. Nous d\u00e9buterons donc par cette \u00e9tape. Nous continuerons ensuite le survol des actions int\u00e9ressantes : les arri\u00e8re-plans virtuels, les affichages, les avatars et les filtres de m\u00eame que le clavardage (<em>Chat<\/em>). En fin de compte, il s&rsquo;agit de personnaliser votre environnement.<\/p>\n<p style=\"text-align: justify;\">Apr\u00e8s la pause, pour les personnes qui en auraient l\u2019intention, il sera question de la m\u00e9thode pour planifier une rencontre Zoom et inviter famille, amis et confr\u00e8res. Vous pourrez ensuite leur montrer vos images, vos po\u00e8mes ou vos documents pertinents.<\/p>\n<p style=\"text-align: justify;\">Voici le plan de cette pr\u00e9sentation.<\/p>\n<p style=\"text-align: justify;\"><img loading=\"lazy\" decoding=\"async\" class=\"aligncenter size-full wp-image-42944\" src=\"https:\/\/cimbcc.org\/test2\/wp-content\/uploads\/chip_2023_1_zoom_4.jpg\" alt=\"\" width=\"520\" height=\"293\" srcset=\"https:\/\/cimbcc.org\/test2\/wp-content\/uploads\/chip_2023_1_zoom_4.jpg 520w, https:\/\/cimbcc.org\/test2\/wp-content\/uploads\/chip_2023_1_zoom_4-300x169.jpg 300w\" sizes=\"auto, (max-width: 520px) 100vw, 520px\" \/><\/p>\n<p><strong><a href=\"https:\/\/cimbcc.org\/test2\/wp-content\/uploads\/notes_2023_01_18_zoom_pour_inities.pdf\" target=\"_blank\" rel=\"noopener\">Cliquez ici<\/a><\/strong> pour voir le diaporama complet.<\/p>\n<hr \/>\n<h4 style=\"text-align: justify;\">Invitation cordiale<\/h4>\n<p style=\"text-align: justify;\">Ce sont donc deux rendez-vous importants auxquels vous \u00eates invit\u00e9(e)s.<\/p>\n<p>\u00c0 tr\u00e8s bient\u00f4t !<\/p>\n<p>Pierre Delisle<\/p>\n","protected":false},"excerpt":{"rendered":"<p>Rebonjour \u00e0 toutes et tous ! Laissez-moi d\u2019abord le plaisir de vous souhaiter une Bonne et Heureuse Ann\u00e9e 2023, emplie de joie, de bonheur, de connaissances et, surtout, de sant\u00e9 ! En 2020, votre club informatique a d\u00e9cid\u00e9 d\u2019adopter la solution Zoom afin de permettre la continuit\u00e9 virtuelle des pr\u00e9sentations pour ses membres malgr\u00e9 le &hellip; <a href=\"https:\/\/cimbcc.org\/test2\/zoom-retour-pour-le-futur\/\" class=\"more-link\">Continuer la lecture de <span class=\"screen-reader-text\">Zoom\u00a0: retour pour le futur \u2026<\/span>  <span class=\"meta-nav\">&rarr;<\/span><\/a><\/p>\n","protected":false},"author":43,"featured_media":0,"comment_status":"open","ping_status":"closed","sticky":false,"template":"","format":"standard","meta":{"footnotes":""},"categories":[402],"tags":[271,1675,1277,1190],"class_list":["post-42857","post","type-post","status-publish","format-standard","hentry","category-activites-du-club","tag-presentations","tag-presentations-hybrides","tag-videoconference","tag-zoom"],"_links":{"self":[{"href":"https:\/\/cimbcc.org\/test2\/wp-json\/wp\/v2\/posts\/42857","targetHints":{"allow":["GET"]}}],"collection":[{"href":"https:\/\/cimbcc.org\/test2\/wp-json\/wp\/v2\/posts"}],"about":[{"href":"https:\/\/cimbcc.org\/test2\/wp-json\/wp\/v2\/types\/post"}],"author":[{"embeddable":true,"href":"https:\/\/cimbcc.org\/test2\/wp-json\/wp\/v2\/users\/43"}],"replies":[{"embeddable":true,"href":"https:\/\/cimbcc.org\/test2\/wp-json\/wp\/v2\/comments?post=42857"}],"version-history":[{"count":21,"href":"https:\/\/cimbcc.org\/test2\/wp-json\/wp\/v2\/posts\/42857\/revisions"}],"predecessor-version":[{"id":43023,"href":"https:\/\/cimbcc.org\/test2\/wp-json\/wp\/v2\/posts\/42857\/revisions\/43023"}],"wp:attachment":[{"href":"https:\/\/cimbcc.org\/test2\/wp-json\/wp\/v2\/media?parent=42857"}],"wp:term":[{"taxonomy":"category","embeddable":true,"href":"https:\/\/cimbcc.org\/test2\/wp-json\/wp\/v2\/categories?post=42857"},{"taxonomy":"post_tag","embeddable":true,"href":"https:\/\/cimbcc.org\/test2\/wp-json\/wp\/v2\/tags?post=42857"}],"curies":[{"name":"wp","href":"https:\/\/api.w.org\/{rel}","templated":true}]}}