{"id":42877,"date":"2023-01-01T15:00:26","date_gmt":"2023-01-01T20:00:26","guid":{"rendered":"https:\/\/cimbcc.org\/test2\/?p=42877"},"modified":"2023-10-16T22:10:27","modified_gmt":"2023-10-17T02:10:27","slug":"mot-du-president-janvier-2023","status":"publish","type":"post","link":"https:\/\/cimbcc.org\/test2\/mot-du-president-janvier-2023\/","title":{"rendered":"Mot du pr\u00e9sident &#8211; janvier 2023"},"content":{"rendered":"<figure id=\"attachment_35278\" aria-describedby=\"caption-attachment-35278\" style=\"width: 125px\" class=\"wp-caption aligncenter\"><img loading=\"lazy\" decoding=\"async\" class=\"size-full wp-image-35278\" src=\"https:\/\/cimbcc.org\/test2\/wp-content\/uploads\/photo_cote_rejean.jpg\" alt=\"\" width=\"125\" height=\"125\" \/><figcaption id=\"caption-attachment-35278\" class=\"wp-caption-text\"><span style=\"color: #ffffff;\">mmmm<\/span>R\u00e9jean C\u00f4t\u00e9<\/figcaption><\/figure>\n<p style=\"text-align: justify;\">Apr\u00e8s le temps des F\u00eates, o\u00f9 j\u2019esp\u00e8re que vous avez pu passer d\u2019agr\u00e9ables moments avec parents et amis, le Club vous propose en ce d\u00e9but d\u2019ann\u00e9e\u00a02023 de nombreuses activit\u00e9s destin\u00e9es \u00e0 am\u00e9liorer vos connaissances en informatique. Je vous invite \u00e0 les passer en revue ci-dessous.<\/p>\n<p style=\"text-align: justify;\">Avant tout, je vous rappelle que cet hiver\u00a0:<\/p>\n<ul>\n<li style=\"text-align: justify;\">les s\u00e9ances de pr\u00e9sentations du <strong>mercredi soir<\/strong> d\u00e9buteront \u00e0 19\u00a0h\u00a030 et se d\u00e9rouleront exclusivement en ligne, avec le logiciel Zoom;<\/li>\n<li style=\"text-align: justify;\">celles du <strong>vendredi apr\u00e8s-midi<\/strong> d\u00e9buteront \u00e0 13\u00a0h\u00a015 et se tiendront en mode hybride, c\u2019est-\u00e0-dire en salle au Chalet Marie-Victorin et simultan\u00e9ment en ligne avec le logiciel Zoom.<\/li>\n<\/ul>\n<p><!--more--><\/p>\n<hr \/>\n<h4><strong>La session d\u2019hiver\u00a02023 au Club<\/strong><\/h4>\n<h5><em><strong>Les ateliers\u00a0<\/strong><\/em><\/h5>\n<p style=\"text-align: justify;\">Les membres pourront s\u2019inscrire aux ateliers du\u00a0<strong>5 au 7\u00a0janvier<\/strong><strong>\u00a02023. <\/strong>Les inscriptions se feront directement sur le site du Club o\u00f9 la page consacr\u00e9e aux ateliers \u00e9num\u00e8re ceux qui sont propos\u00e9s. Cette page vous donne aussi acc\u00e8s \u00e0 la description de chacun de ces ateliers. <a href=\"https:\/\/cimbcc.org\/test2\/partage-de-connaissances\/les-ateliers\" target=\"_blank\" rel=\"noopener\">Cliquez ici<\/a> pour ouvrir la page des ateliers.<\/p>\n<h5><em>La <strong>s\u00e9rie Facile<\/strong><\/em><\/h5>\n<p style=\"text-align: justify;\">Les pr\u00e9sentations de cette s\u00e9rie se d\u00e9rouleront en ligne <strong>le mercredi soir<\/strong>. Cette s\u00e9rie reprendra des sujets trait\u00e9s au cours de l\u2019automne\u00a02022. Vous pourrez ainsi profiter des pr\u00e9sentations que vous avez manqu\u00e9es, ou revoir celles dont vous souhaitez mieux ma\u00eetriser le sujet. Pour consulter le <strong>calendrier des s\u00e9ances de la s\u00e9rie <em>Facile<\/em><\/strong><em>,<\/em> <a href=\"https:\/\/cimbcc.org\/test2\/wp-content\/uploads\/calendrier_serie_facile.pdf\" target=\"_blank\" rel=\"noopener\">cliquez ici<\/a>.<\/p>\n<h5 style=\"text-align: justify;\"><em>La <strong>s\u00e9rie D\u00e9couverte<\/strong><\/em><\/h5>\n<p style=\"text-align: justify;\">Les pr\u00e9sentations de cette s\u00e9rie se tiendront en mode hybride <strong>le vendredi apr\u00e8s-midi<\/strong>. Les membres pourront y assister au Chalet Marie-Victorin ou \u00e0 domicile en se connectant avec Zoom. Cette s\u00e9rie reprendra plusieurs sujets pr\u00e9sent\u00e9s l\u2019automne dernier, mais de nouveaux th\u00e8mes seront aussi abord\u00e9s. Pour consulter le<strong> calendrier des s\u00e9ances de la s\u00e9rie<\/strong> <strong><em>D\u00e9couverte<\/em><\/strong><em>,<\/em> <a href=\"https:\/\/cimbcc.org\/test2\/wp-content\/uploads\/calendrier_serie_decouverte.pdf\" target=\"_blank\" rel=\"noopener\">cliquez ici<\/a>.<\/p>\n<h5 style=\"text-align: justify;\"><em>La <strong>s\u00e9rie<\/strong> <strong>IOS &amp; Android<\/strong><\/em><\/h5>\n<p style=\"text-align: justify;\">Les pr\u00e9sentations de cette s\u00e9rie seront au programme en fin de session. Elles se d\u00e9rouleront en mode hybride le <strong>vendredi apr\u00e8s-midi<\/strong> \u00e0 13\u00a0h\u00a015 h, le 31\u00a0mars et les 14, 21 et 28\u00a0avril. Pour plus de d\u00e9tails, consultez le <strong>calendrier des s\u00e9ances de la s\u00e9rie<\/strong> <strong><em>IOS &amp; Android<\/em><\/strong> en <a href=\"https:\/\/cimbcc.org\/test2\/wp-content\/uploads\/calendrier_serie_ios_android.pdf\" target=\"_blank\" rel=\"noopener\">cliquant ici<\/a>.<\/p>\n<hr \/>\n<h4 style=\"text-align: justify;\"><strong>Les trois premi\u00e8res pr\u00e9sentations de la s\u00e9rie <em>Facile<\/em> en janvier\u00a02023\u00a0<\/strong><\/h4>\n<h5 style=\"text-align: justify;\"><em>13 janvier 2023<\/em><\/h5>\n<p style=\"text-align: justify;\">Afin de mieux profiter de vos s\u00e9ances en ligne avec le logiciel Zoom, vous \u00eates invit\u00e9s \u00e0 assister, le <strong>vendredi\u00a013\u00a0janvier<\/strong>, \u00e0 la pr\u00e9sentation de Pierre\u00a0Delisle sur les <strong>PREMIERS PAS SUR ZOOM<\/strong>.<\/p>\n<h5 style=\"text-align: justify;\"><em>18 janvier 2023<\/em><\/h5>\n<p style=\"text-align: justify;\">Pour faire suite \u00e0 cette s\u00e9ance en mode hybride, Pierre\u00a0Delisle vous proposera d\u2019assister, le <strong>mercredi\u00a018\u00a0janvier<\/strong>, \u00e0 une pr\u00e9sentation en ligne intitul\u00e9e <strong>ZOOM POUR LES INITI\u00c9S<\/strong><strong>.<\/strong><\/p>\n<h5 style=\"text-align: justify;\"><em>25 janvier 2023<\/em><\/h5>\n<p style=\"text-align: justify;\">Le <strong>mercredi\u00a025\u00a0janvier<\/strong>, Michel\u00a0Gagn\u00e9 vous expliquera comment fonctionnent <strong>LES VIRUS ET LES ANTIVIRUS<\/strong>. Il amorcera aussi une pr\u00e9sentation en deux volets sur le syst\u00e8me d\u2019exploitation <strong>WINDOWS 10<\/strong>.<\/p>\n<hr \/>\n<h4>Invitation et remerciements<\/h4>\n<p style=\"text-align: justify;\">J\u2019invite les membres \u00e0 participer en grand nombre aux activit\u00e9s du Club et \u00e0 venir nous rencontrer le vendredi apr\u00e8s-midi au <a href=\"https:\/\/cimbcc.org\/test2\/chalet-marie-victorin-saint-bruno\" target=\"_blank\" rel=\"noopener\">Chalet Marie-Victorin<\/a>.<\/p>\n<p style=\"text-align: justify;\">Enfin, je remercie nos pr\u00e9cieux b\u00e9n\u00e9voles qui ont permis au Club de poursuivre sa mission, malgr\u00e9 les nombreux obstacles engendr\u00e9s par la pand\u00e9mie.<\/p>\n<p>R\u00e9jean\u00a0C\u00f4t\u00e9, pr\u00e9sident<\/p>\n","protected":false},"excerpt":{"rendered":"<p>Apr\u00e8s le temps des F\u00eates, o\u00f9 j\u2019esp\u00e8re que vous avez pu passer d\u2019agr\u00e9ables moments avec parents et amis, le Club vous propose en ce d\u00e9but d\u2019ann\u00e9e\u00a02023 de nombreuses activit\u00e9s destin\u00e9es \u00e0 am\u00e9liorer vos connaissances en informatique. Je vous invite \u00e0 les passer en revue ci-dessous. Avant tout, je vous rappelle que cet hiver\u00a0: les s\u00e9ances &hellip; <a href=\"https:\/\/cimbcc.org\/test2\/mot-du-president-janvier-2023\/\" class=\"more-link\">Continuer la lecture de <span class=\"screen-reader-text\">Mot du pr\u00e9sident &#8211; janvier 2023<\/span>  <span class=\"meta-nav\">&rarr;<\/span><\/a><\/p>\n","protected":false},"author":43,"featured_media":0,"comment_status":"open","ping_status":"closed","sticky":false,"template":"","format":"standard","meta":{"footnotes":""},"categories":[11],"tags":[525,269,371,370,1748,1513,76,88,1190],"class_list":["post-42877","post","type-post","status-publish","format-standard","hentry","category-mots-du-president","tag-antivirus","tag-ateliers","tag-decouverte","tag-facile","tag-hiver-2023","tag-ios-et-android","tag-virus","tag-windows-10","tag-zoom"],"_links":{"self":[{"href":"https:\/\/cimbcc.org\/test2\/wp-json\/wp\/v2\/posts\/42877","targetHints":{"allow":["GET"]}}],"collection":[{"href":"https:\/\/cimbcc.org\/test2\/wp-json\/wp\/v2\/posts"}],"about":[{"href":"https:\/\/cimbcc.org\/test2\/wp-json\/wp\/v2\/types\/post"}],"author":[{"embeddable":true,"href":"https:\/\/cimbcc.org\/test2\/wp-json\/wp\/v2\/users\/43"}],"replies":[{"embeddable":true,"href":"https:\/\/cimbcc.org\/test2\/wp-json\/wp\/v2\/comments?post=42877"}],"version-history":[{"count":5,"href":"https:\/\/cimbcc.org\/test2\/wp-json\/wp\/v2\/posts\/42877\/revisions"}],"predecessor-version":[{"id":42883,"href":"https:\/\/cimbcc.org\/test2\/wp-json\/wp\/v2\/posts\/42877\/revisions\/42883"}],"wp:attachment":[{"href":"https:\/\/cimbcc.org\/test2\/wp-json\/wp\/v2\/media?parent=42877"}],"wp:term":[{"taxonomy":"category","embeddable":true,"href":"https:\/\/cimbcc.org\/test2\/wp-json\/wp\/v2\/categories?post=42877"},{"taxonomy":"post_tag","embeddable":true,"href":"https:\/\/cimbcc.org\/test2\/wp-json\/wp\/v2\/tags?post=42877"}],"curies":[{"name":"wp","href":"https:\/\/api.w.org\/{rel}","templated":true}]}}