{"id":4288,"date":"2013-01-14T10:00:41","date_gmt":"2013-01-14T15:00:41","guid":{"rendered":"https:\/\/cimbcc.org\/test2\/?p=4288"},"modified":"2023-10-16T22:17:12","modified_gmt":"2023-10-17T02:17:12","slug":"albert-le-curieux-a-trouve-des-sites-web-pour-vous-janvier-2013","status":"publish","type":"post","link":"https:\/\/cimbcc.org\/test2\/albert-le-curieux-a-trouve-des-sites-web-pour-vous-janvier-2013\/","title":{"rendered":"Albert le Curieux a trouv\u00e9 des sites Web pour vous \u2013 janvier 2013"},"content":{"rendered":"<figure id=\"attachment_24119\" aria-describedby=\"caption-attachment-24119\" style=\"width: 125px\" class=\"wp-caption aligncenter\"><img loading=\"lazy\" decoding=\"async\" class=\"size-full wp-image-24119\" src=\"https:\/\/cimbcc.org\/test2\/wp-content\/uploads\/photo_richard_albert.jpg\" alt=\"\" width=\"125\" height=\"125\" \/><figcaption id=\"caption-attachment-24119\" class=\"wp-caption-text\"><span style=\"color: #ffffff;\">mmm<\/span>Albert Richard<\/figcaption><\/figure>\n<h4 style=\"text-align: left;\">Pour une visite virtuelle et des sites d\u2019int\u00e9r\u00eat<\/h4>\n<p style=\"text-align: justify;\">En ce d\u00e9but d\u2019ann\u00e9e 2013, je vous invite \u00e0 d\u00e9couvrir Prague ainsi que deux\u00a0sites traitant, entre autres, de la m\u00e9t\u00e9o, des changements climatiques et d\u2019environnement.<\/p>\n<p><!--more--><\/p>\n<h4>Praha (Prague) &#8211; Visite virtuelle du Patrimoine tch\u00e8que de l&rsquo;UNESCO<\/h4>\n<p style=\"text-align: justify;\">Pour commencer, visitez en mode plein \u00e9cran la Vieille Ville de <span style=\"color: #888888;\"><span style=\"color: #000000;\">Prague<\/span>,<\/span> la Grande place, l&rsquo;horloge astronomique, le cimeti\u00e8re juif, le Ch\u00e2teau et de nombreux sites remarquables de Prague ainsi que plusieurs villages et endroits d&rsquo;int\u00e9r\u00eats. Si vous avez visit\u00e9 la R\u00e9publique tch\u00e8que, le site suivant est rempli de bons souvenirs\u00a0:<\/p>\n<p style=\"text-align: justify;\"><a href=\"http:\/\/fr.czech-unesco.org\/prague\/visite-virtuelle\/\" target=\"_blank\" rel=\"noopener\">http:\/\/fr.czech-unesco.org\/prague\/visite-virtuelle\/<\/a><\/p>\n<h4>Changements climatiques et environnement<\/h4>\n<p style=\"text-align: justify;\">Explorez aussi les nombreuses pages de la Fondation David Suzuki en d\u00e9butant par celles concernant les changements climatiques au Qu\u00e9bec et, ensuite, consultez les autres sujets trait\u00e9s par des experts de l&rsquo;environnement\u00a0:<\/p>\n<p><a href=\"http:\/\/www.davidsuzuki.org\/fr\/champs-dintervention\/changements-climatiques\/enjeux-et-recherche\/le-canada-et-les-changements-climatiques\/les-changements-climatiques-au-quebec\/?gclid=CP-r3PPGqbQCFVCd4Aod734ATw\/\" target=\"_blank\" rel=\"noopener\">http:\/\/www.davidsuzuki.org\/fr\/champs-dintervention\/changements-climatiques\/enjeux-et-recherche\/le-canada-et-les-changements-climatiques\/les-changements-climatiques-au-quebec\/?gclid=CP-r3PPGqbQCFVCd4Aod734ATw\/<\/a><\/p>\n<h4>M\u00e9t\u00e9oM\u00e9dia &#8211; un site qu&rsquo;on consid\u00e8re comme acquis<\/h4>\n<p style=\"text-align: justify;\">Vous pourrez t\u00e9l\u00e9charger l\u2019application PC M\u00e9t\u00e9oM\u00e9dia (version\u00a05.0) pour Windows\u00a0XP, Vista et Windows\u00a07 (voir Applications m\u00e9t\u00e9o). Personnellement, j\u2019ai ajout\u00e9 le lien dans mes Favoris, en plus de la m\u00e9t\u00e9o, des pr\u00e9visions horaires, des cam\u00e9ras de circulation, des lever et coucher de soleil et beaucoup d\u2019autres encore\u2026<\/p>\n<p><a href=\"http:\/\/www.meteomedia.com\/\" target=\"_blank\" rel=\"noopener\">http:\/\/www.meteomedia.com\/<\/a><\/p>\n<p>Bonne navigation sur Internet!<\/p>\n<p>Albert Richard<br \/>\nMon site\u00a0:\u00a0<a href=\"http:\/\/pages.infinit.net\/alber\" target=\"_blank\" rel=\"noopener\">http:\/\/pages.infinit.net\/alber<\/a><\/p>\n","protected":false},"excerpt":{"rendered":"<p>Pour une visite virtuelle et des sites d\u2019int\u00e9r\u00eat En ce d\u00e9but d\u2019ann\u00e9e 2013, je vous invite \u00e0 d\u00e9couvrir Prague ainsi que deux\u00a0sites traitant, entre autres, de la m\u00e9t\u00e9o, des changements climatiques et d\u2019environnement.<\/p>\n","protected":false},"author":43,"featured_media":0,"comment_status":"open","ping_status":"closed","sticky":false,"template":"","format":"standard","meta":{"footnotes":""},"categories":[13],"tags":[195,197,196,118,220,208],"class_list":["post-4288","post","type-post","status-publish","format-standard","hentry","category-suggestions-dalbert-richard","tag-fondation-david-suzuki","tag-meteomedia","tag-prague","tag-windows-7","tag-windows-vista","tag-windows-xp"],"_links":{"self":[{"href":"https:\/\/cimbcc.org\/test2\/wp-json\/wp\/v2\/posts\/4288","targetHints":{"allow":["GET"]}}],"collection":[{"href":"https:\/\/cimbcc.org\/test2\/wp-json\/wp\/v2\/posts"}],"about":[{"href":"https:\/\/cimbcc.org\/test2\/wp-json\/wp\/v2\/types\/post"}],"author":[{"embeddable":true,"href":"https:\/\/cimbcc.org\/test2\/wp-json\/wp\/v2\/users\/43"}],"replies":[{"embeddable":true,"href":"https:\/\/cimbcc.org\/test2\/wp-json\/wp\/v2\/comments?post=4288"}],"version-history":[{"count":52,"href":"https:\/\/cimbcc.org\/test2\/wp-json\/wp\/v2\/posts\/4288\/revisions"}],"predecessor-version":[{"id":25771,"href":"https:\/\/cimbcc.org\/test2\/wp-json\/wp\/v2\/posts\/4288\/revisions\/25771"}],"wp:attachment":[{"href":"https:\/\/cimbcc.org\/test2\/wp-json\/wp\/v2\/media?parent=4288"}],"wp:term":[{"taxonomy":"category","embeddable":true,"href":"https:\/\/cimbcc.org\/test2\/wp-json\/wp\/v2\/categories?post=4288"},{"taxonomy":"post_tag","embeddable":true,"href":"https:\/\/cimbcc.org\/test2\/wp-json\/wp\/v2\/tags?post=4288"}],"curies":[{"name":"wp","href":"https:\/\/api.w.org\/{rel}","templated":true}]}}