{"id":42891,"date":"2023-01-05T20:00:06","date_gmt":"2023-01-06T01:00:06","guid":{"rendered":"https:\/\/cimbcc.org\/test2\/?p=42891"},"modified":"2023-10-16T22:10:27","modified_gmt":"2023-10-17T02:10:27","slug":"revue-des-seances-du-mercredi-et-vendredi-de-lautomne-2022-et-prevision-pour-lhiver-2023","status":"publish","type":"post","link":"https:\/\/cimbcc.org\/test2\/revue-des-seances-du-mercredi-et-vendredi-de-lautomne-2022-et-prevision-pour-lhiver-2023\/","title":{"rendered":"Revue des s\u00e9ances du mercredi et vendredi de l&rsquo;automne 2022 et pr\u00e9vision pour l&rsquo;hiver 2023"},"content":{"rendered":"<figure id=\"attachment_24078\" aria-describedby=\"caption-attachment-24078\" style=\"width: 125px\" class=\"wp-caption aligncenter\"><img loading=\"lazy\" decoding=\"async\" class=\"size-full wp-image-24078\" src=\"https:\/\/cimbcc.org\/test2\/wp-content\/uploads\/photo_belanger_guy.jpg\" alt=\"\" width=\"125\" height=\"125\" \/><figcaption id=\"caption-attachment-24078\" class=\"wp-caption-text\"><span style=\"color: #ffffff;\">mmmi<\/span>Guy B\u00e9langer<\/figcaption><\/figure>\n<p style=\"text-align: justify;\">Le 2 d\u00e9cembre 2022 marquait la fin de la saison d\u2019automne des pr\u00e9sentations techniques du CIMBCC, soit les s\u00e9ries:<\/p>\n<ul style=\"text-align: justify;\">\n<li style=\"text-align: justify;\"><em>Facile<\/em>, donn\u00e9es les vendredis en apr\u00e8s-midi,<\/li>\n<li style=\"text-align: justify;\"><em>D\u00e9couverte<\/em>, offertes les mercredis en soir\u00e9e, et<\/li>\n<li style=\"text-align: justify;\"><em>iOS &amp; Android<\/em>, aussi dispens\u00e9es les mercredis soir.<\/li>\n<\/ul>\n<p style=\"text-align: justify;\">Cet article passera en revue les s\u00e9ances du mercredi et du vendredi de l&rsquo;automne 2022. Il annoncera aussi les sujets qui seront trait\u00e9s durant l&rsquo;hiver 2023.<\/p>\n<p><!--more--><\/p>\n<hr \/>\n<h4>Revue de l&rsquo;automne 2022<\/h4>\n<h5>S\u00e9rie <em>Facile<\/em><\/h5>\n<p style=\"text-align: justify;\">Pour la s\u00e9rie <em>Facile,<\/em> les s\u00e9ances ont \u00e9t\u00e9 pr\u00e9sent\u00e9es en mode hybride, soit en vid\u00e9oconf\u00e9rence avec l\u2019application Zoom, et en pr\u00e9sentiel, au Chalet Marie-Victorin.<\/p>\n<p style=\"text-align: justify;\">Malgr\u00e9 quelques probl\u00e8mes techniques li\u00e9s aux \u00e9quipements mis \u00e0 notre disposition par la ville de Saint-Bruno, nous avons pu pr\u00e9senter les diff\u00e9rents sujets pr\u00e9vus au programme.\u00a0 Ces derniers ont \u00e9t\u00e9 des reprises des s\u00e9ances des ann\u00e9es pass\u00e9es.<\/p>\n<p style=\"text-align: justify;\">Le graphique suivant illustre l\u2019achalandage de ces s\u00e9ances.<\/p>\n<p><img loading=\"lazy\" decoding=\"async\" class=\"aligncenter size-full wp-image-42904\" src=\"https:\/\/cimbcc.org\/test2\/wp-content\/uploads\/chip_2023_1_presentations_1a.jpg\" alt=\"\" width=\"486\" height=\"252\" srcset=\"https:\/\/cimbcc.org\/test2\/wp-content\/uploads\/chip_2023_1_presentations_1a.jpg 486w, https:\/\/cimbcc.org\/test2\/wp-content\/uploads\/chip_2023_1_presentations_1a-300x156.jpg 300w\" sizes=\"auto, (max-width: 486px) 100vw, 486px\" \/><\/p>\n<p style=\"text-align: justify;\">On y remarque que le nombre de membres physiquement pr\u00e9sents au Chalet Marie-Victorin a vari\u00e9 entre <strong>46<\/strong> et un minimum de 20. \u00a0Par contre, les membres qui ont suivi les s\u00e9ances en mode Zoom ont \u00e9t\u00e9 plus nombreux, oscillant de <strong>103<\/strong> en d\u00e9but de saison jusqu\u2019\u00e0 un minimum de 54 pr\u00e9sences virtuelles.<\/p>\n<p style=\"text-align: justify;\">L\u2019ouverture du mode pr\u00e9sentiel a permis d\u2019offrir \u00e0 nouveau le service d\u2019<a href=\"https:\/\/cimbcc.org\/test2\/entraide\/lassistance-avant-les-seances\" target=\"_blank\" rel=\"noopener\">assistance avant les pr\u00e9sentations<\/a>.<\/p>\n<h5><em>S\u00e9rie D\u00e9couverte<\/em><\/h5>\n<p style=\"text-align: justify;\">Pour la s\u00e9rie <em>D\u00e9couverte<\/em>, offerte les mercredis soir, le nombre de pr\u00e9sences a oscill\u00e9 de <strong>149<\/strong>, en d\u00e9but de saison, \u00e0 80, \u00e0 la fin de celle-ci. Cette diminution graduelle durant l&rsquo;automne est typiquement observable depuis de nombreuses ann\u00e9es.<\/p>\n<h5><em>Nombre total de participants<\/em><\/h5>\n<p>Le graphique suivant illustre le nombre total de participants selon le type de s\u00e9ries.<\/p>\n<p><img loading=\"lazy\" decoding=\"async\" class=\"aligncenter size-full wp-image-42901\" src=\"https:\/\/cimbcc.org\/test2\/wp-content\/uploads\/chip_2023_1_presentations_2.jpg\" alt=\"\" width=\"404\" height=\"218\" srcset=\"https:\/\/cimbcc.org\/test2\/wp-content\/uploads\/chip_2023_1_presentations_2.jpg 404w, https:\/\/cimbcc.org\/test2\/wp-content\/uploads\/chip_2023_1_presentations_2-300x162.jpg 300w\" sizes=\"auto, (max-width: 404px) 100vw, 404px\" \/><\/p>\n<table style=\"border-collapse: collapse; width: 100%;\">\n<tbody>\n<tr>\n<td style=\"width: 25%; text-align: center;\"><strong>D<\/strong><\/td>\n<td style=\"width: 25%;\"><em>D\u00e9couverte<\/em><\/td>\n<td style=\"width: 25%; text-align: center;\"><strong>iOS<\/strong><\/td>\n<td style=\"width: 25%;\"><em>iOS &amp; Android<\/em><\/td>\n<\/tr>\n<tr>\n<td style=\"width: 25%; text-align: center;\"><strong>F<\/strong><\/td>\n<td style=\"width: 25%;\"><em>Facile<\/em><\/td>\n<td style=\"width: 25%; text-align: center;\"><strong>T<\/strong><\/td>\n<td style=\"width: 25%;\">Pour tous<\/td>\n<\/tr>\n<\/tbody>\n<\/table>\n<p style=\"text-align: justify;\">On y remarque que la s\u00e9rie <em>Facile<\/em> attire toujours un public nombreux, indiquant la pertinence des sujets trait\u00e9s, m\u00eame s\u2019ils sont pr\u00e9sent\u00e9s de fa\u00e7on r\u00e9currente depuis quelques ann\u00e9es d\u00e9j\u00e0.<\/p>\n<p style=\"text-align: justify;\">Je tiens \u00e0 remercier C\u00e9line Dufresne, qui assure le suivi des pr\u00e9sentations, pour la mise en forme des statistiques pr\u00e9sent\u00e9es ici.<\/p>\n<p style=\"text-align: justify;\">Il est pertinent de noter que les pr\u00e9sentations des dix derni\u00e8res ann\u00e9es se retrouvent sur l&rsquo;\u00e9cran d&rsquo;accueil du <a href=\"https:\/\/cimbcc.org\/test2\/\" target=\"_blank\" rel=\"noopener\">site Web du Club<\/a> sous la rubrique <a href=\"https:\/\/cimbcc.org\/test2\/wp-content\/uploads\/calendrier_archive.pdf\" target=\"_blank\" rel=\"noopener\">Archives<\/a>, \u00e0 droite de l&rsquo;\u00e9cran.<\/p>\n<hr \/>\n<h4>Pr\u00e9sentations pr\u00e9vues pour l&rsquo;hiver 2023<\/h4>\n<p style=\"text-align: justify;\">Pour la saison d&rsquo;hiver 2023, les pr\u00e9sentations de l\u2019automne dernier seront reprises \u00e0 la fois pour la s\u00e9rie <em>Facile<\/em> ainsi que pour les s\u00e9ries <em>D\u00e9couverte<\/em> et <em>iOS &amp; Android<\/em>.<\/p>\n<p style=\"text-align: justify;\">Les s\u00e9ances du mercredi soir seront encore en vid\u00e9oconf\u00e9rence <a href=\"https:\/\/zoom.us\/\" target=\"_blank\" rel=\"noopener\">Zoom<\/a> et celles du vendredi apr\u00e8s-midi, en mode hybride au <a href=\"https:\/\/cimbcc.org\/test2\/chalet-marie-victorin-saint-bruno\" target=\"_blank\" rel=\"noopener\">Chalet Marie-Victorin<\/a> et en <a href=\"https:\/\/zoom.us\/\" target=\"_blank\" rel=\"noopener\">Zoom<\/a>.<\/p>\n<h5><em>S\u00e9rie <a href=\"https:\/\/cimbcc.org\/test2\/wp-content\/uploads\/calendrier_serie_facile.pdf\" target=\"_blank\" rel=\"noopener\">Facile<\/a><\/em><\/h5>\n<p>Pour la s\u00e9rie <em>Facile<\/em> du mercredi soir :<\/p>\n<ul>\n<li>En d\u00e9but de saison, les s\u00e9ances des 13 et 18 janvier s\u2019adressent \u00e0 tous les publics. Elles seront ax\u00e9es sur l\u2019utilisation et la ma\u00eetrise de l\u2019application <a href=\"https:\/\/zoom.us\/\" target=\"_blank\" rel=\"noopener\">Zoom<\/a>. Elles seront anim\u00e9es par <strong>Pierre Delisle<\/strong>.<\/li>\n<li style=\"text-align: justify;\"><strong>Michel Gagn\u00e9<\/strong> traitera de la s\u00e9curit\u00e9 informatique : <a href=\"https:\/\/fr.wikipedia.org\/wiki\/Virus_informatique\" target=\"_blank\" rel=\"noopener\">virus<\/a>, <a href=\"https:\/\/fr.wikipedia.org\/wiki\/Hame%C3%A7onnage\" target=\"_blank\" rel=\"noopener\">hame\u00e7onnage<\/a> et <a href=\"https:\/\/fr.wikipedia.org\/wiki\/S%C3%A9curit%C3%A9_de_l%27information\" target=\"_blank\" rel=\"noopener\">s\u00e9curit\u00e9<\/a> dans les <a href=\"https:\/\/fr.wikipedia.org\/wiki\/Op%C3%A9ration_financi%C3%A8re\" target=\"_blank\" rel=\"noopener\">transactions \u00e9lectroniques<\/a>. Il fera aussi une comparaison entre les <a href=\"https:\/\/fr.wikipedia.org\/wiki\/Syst%C3%A8me_d%27exploitation\" target=\"_blank\" rel=\"noopener\">syst\u00e8mes d\u2019exploitation<\/a> <a href=\"https:\/\/fr.wikipedia.org\/wiki\/Windows_10\" target=\"_blank\" rel=\"noopener\">Windows 10<\/a> et <a href=\"https:\/\/fr.wikipedia.org\/wiki\/Windows_11\" target=\"_blank\" rel=\"noopener\">Windows 11<\/a>.<\/li>\n<li style=\"text-align: justify;\">Pour sa part, <strong>Sylvain Garneau<\/strong> nous fera d\u00e9couvrir le navigateur Web de Google, l\u2019application <a href=\"https:\/\/fr.wikipedia.org\/wiki\/Google_Chrome\" target=\"_blank\" rel=\"noopener\">Chrome<\/a>, en trois s\u00e9ances cons\u00e9cutives.<\/li>\n<li style=\"text-align: justify;\"><strong>Francine Couture<\/strong> nous expliquera la diff\u00e9rence entre les <a href=\"https:\/\/fr.wikipedia.org\/wiki\/Fichier_informatique\" target=\"_blank\" rel=\"noopener\">fichiers<\/a> et les <a href=\"https:\/\/fr.wikipedia.org\/wiki\/R%C3%A9pertoire_(informatique)\" target=\"_blank\" rel=\"noopener\">dossiers<\/a>. Elle nous aidera \u00e0 utiliser ces outils informatiques pour classer nos informations.<\/li>\n<li style=\"text-align: justify;\">Dans une s\u00e9rie de trois pr\u00e9sentations, <strong>Pierre Delisle<\/strong> et <strong>R\u00e9jean Bouchard<\/strong> nous guideront dans l\u2019utilisation efficace des applications de courrier \u00e9lectronique <a href=\"https:\/\/fr.wikipedia.org\/wiki\/Gmail\" target=\"_blank\" rel=\"noopener\">Gmail<\/a> et <a href=\"https:\/\/fr.wikipedia.org\/wiki\/Outlook.com\" target=\"_blank\" rel=\"noopener\">Outlook<\/a>.<\/li>\n<li style=\"text-align: justify;\"><strong>Francine Couture<\/strong> nous indiquera comme <a href=\"https:\/\/fr.wikipedia.org\/wiki\/Traitement_d%27images\" target=\"_blank\" rel=\"noopener\">am\u00e9liorer<\/a> nos <a href=\"https:\/\/fr.wikipedia.org\/wiki\/Photographie_num%C3%A9rique\" target=\"_blank\" rel=\"noopener\">photos<\/a> et <strong>Guy B\u00e9langer<\/strong> explorera les caract\u00e9ristiques et l\u2019usage du <a href=\"https:\/\/fr.wikipedia.org\/wiki\/Google_(moteur_de_recherche)\" target=\"_blank\" rel=\"noopener\">moteur de recherche de Google<\/a>.<\/li>\n<li style=\"text-align: justify;\">Enfin, <strong>Pierre Delisle<\/strong> conclura la saison par une s\u00e9ance d\u2019utilisation des <a href=\"https:\/\/fr.wikipedia.org\/wiki\/Tablette_tactile\" target=\"_blank\" rel=\"noopener\">tablettes<\/a> <a href=\"https:\/\/fr.wikipedia.org\/wiki\/IPad\" target=\"_blank\" rel=\"noopener\">iPad<\/a>.<\/li>\n<\/ul>\n<h5 style=\"text-align: justify;\"><em>S\u00e9rie <a href=\"https:\/\/cimbcc.org\/test2\/wp-content\/uploads\/calendrier_serie_decouverte.pdf\" target=\"_blank\" rel=\"noopener\">D\u00e9couverte<\/a><\/em><\/h5>\n<p>Pour la s\u00e9rie <em>D\u00e9couverte<\/em>, les sujets suivants seront abord\u00e9s.<\/p>\n<ul>\n<li style=\"text-align: justify;\"><a href=\"https:\/\/fr.wikipedia.org\/wiki\/Internet\" target=\"_blank\" rel=\"noopener\">Internet<\/a>, son <a href=\"https:\/\/fr.wikipedia.org\/wiki\/Histoire_d%27Internet\" target=\"_blank\" rel=\"noopener\">histoire<\/a> et son fonctionnement, par <strong>Charles Terreault<\/strong> et <strong>Michel Gagn\u00e9<\/strong>.<\/li>\n<li style=\"text-align: justify;\">Certains \u00e9l\u00e9ments du logiciel <a href=\"https:\/\/fr.wikipedia.org\/wiki\/Microsoft_Word\" target=\"_blank\" rel=\"noopener\">Word<\/a> pour la production de documents, par <strong>C\u00e9line Dufresne<\/strong> et <strong>Nicole Comtois<\/strong>.<\/li>\n<li style=\"text-align: justify;\">La <a href=\"https:\/\/fr.wikipedia.org\/wiki\/Lecture_sur_%C3%A9cran\" target=\"_blank\" rel=\"noopener\">lecture sur support num\u00e9rique<\/a>, les <a href=\"https:\/\/fr.wikipedia.org\/wiki\/Clavier_d%27ordinateur\" target=\"_blank\" rel=\"noopener\">claviers<\/a> fran\u00e7ais et internationaux, les <a href=\"https:\/\/fr.wikipedia.org\/wiki\/Infox\" target=\"_blank\" rel=\"noopener\">fausses nouvelles<\/a> et la <a href=\"https:\/\/fr.wikipedia.org\/wiki\/D%C3%A9sinformation\" target=\"_blank\" rel=\"noopener\">d\u00e9sinformation<\/a>, par <strong>Denis Charron<\/strong> et <strong>Guy B\u00e9langer<\/strong>.<\/li>\n<li style=\"text-align: justify;\">Tout ce qui entoure la <a href=\"https:\/\/fr.wikipedia.org\/wiki\/Droit_d%27auteur\" target=\"_blank\" rel=\"noopener\">propri\u00e9t\u00e9 intellectuelle<\/a> des documents comme les textes, les images, les vid\u00e9os et la musique qui se retrouvent sur le Web, par <strong>Pierre Delisle<\/strong>.<\/li>\n<li style=\"text-align: justify;\">Divers outils de planification de r\u00e9unions comme <a href=\"https:\/\/fr.wikipedia.org\/wiki\/Doodle.com\" target=\"_blank\" rel=\"noopener\">Doodle<\/a> et <a href=\"https:\/\/fr.wikipedia.org\/wiki\/Liste_des_produits_et_services_de_Framasoft#Framadate\" target=\"_blank\" rel=\"noopener\">Framadate<\/a> et l\u2019application <a href=\"https:\/\/fr.wikipedia.org\/wiki\/TeamViewer\" target=\"_blank\" rel=\"noopener\">TeamViewer<\/a> pour interagir sur des ordinateurs distants, par <strong>R\u00e9jean C\u00f4t\u00e9<\/strong> et <strong>R\u00e9jean Bouchard<\/strong>.<\/li>\n<li style=\"text-align: justify;\">Comment r\u00e9aliser des photos de qualit\u00e9 avec son <a href=\"https:\/\/fr.wikipedia.org\/wiki\/Smartphone\" target=\"_blank\" rel=\"noopener\">t\u00e9l\u00e9phone intelligent<\/a> et les \u00e9l\u00e9ments de <a href=\"https:\/\/fr.wikipedia.org\/wiki\/Param%C3%A8tre_de_s%C3%A9curit%C3%A9\" target=\"_blank\" rel=\"noopener\">gestion de la s\u00e9curit\u00e9<\/a> de nos appareils, par <strong>Germain B\u00e9langer<\/strong> et <strong>Denis Bergeron<\/strong> du club informatique de Brossard.<\/li>\n<li style=\"text-align: justify;\">La revue des composantes de nos ordinateurs et les <a href=\"https:\/\/fr.wikipedia.org\/wiki\/Adresse_IP\" target=\"_blank\" rel=\"noopener\">adresses IP<\/a> de m\u00eame que les <a href=\"https:\/\/fr.wikipedia.org\/wiki\/R%C3%A9seau_priv%C3%A9_virtuel\" target=\"_blank\" rel=\"noopener\">r\u00e9seaux virtuels priv\u00e9s<\/a> (RPV \/ VPN), par <strong>Daniel Vinet<\/strong> et, du club informatique de Brossard, <strong>Jean-Pierre Bonneau<\/strong>.<\/li>\n<li style=\"text-align: justify;\">La d\u00e9couverte et l\u2019analyse du site <a href=\"https:\/\/fr.wikipedia.org\/wiki\/Pinterest\" target=\"_blank\" rel=\"noopener\">Pinterest<\/a> qui offre de nombreux conseils pour la vie de tous les jours, par <strong>C\u00e9line Dufresne<\/strong>.<\/li>\n<\/ul>\n<h5><em>S\u00e9rie <a href=\"https:\/\/cimbcc.org\/test2\/wp-content\/uploads\/calendrier_serie_ios_android.pdf\" target=\"_blank\" rel=\"noopener\">iOS &amp; Android<\/a><\/em><\/h5>\n<p style=\"text-align: justify;\">Enfin, la s\u00e9rie iOS &amp; Android terminera la saison des vendredis apr\u00e8s-midi avec les sujets suivants :<\/p>\n<ul style=\"text-align: justify;\">\n<li>Comment s\u2019informer et se divertir sur nos tablettes <a href=\"https:\/\/fr.wikipedia.org\/wiki\/IPad\" target=\"_blank\" rel=\"noopener\">iPad<\/a>, par <strong>Guy B\u00e9langer<\/strong>.<\/li>\n<li>Comment optimiser nos <a href=\"https:\/\/fr.wikipedia.org\/wiki\/Photographie_num%C3%A9rique\" target=\"_blank\" rel=\"noopener\">photos<\/a> et <a href=\"https:\/\/fr.wikipedia.org\/wiki\/Vid%C3%A9o\" target=\"_blank\" rel=\"noopener\">vid\u00e9os<\/a>, par <strong>Bruno Fournier<\/strong>.<\/li>\n<li>Comment optimiser l\u2019utilisation des <a href=\"https:\/\/fr.wikipedia.org\/wiki\/Global_Positioning_System\" target=\"_blank\" rel=\"noopener\">GPS<\/a> et de <a href=\"https:\/\/fr.wikipedia.org\/wiki\/Google_Maps\" target=\"_blank\" rel=\"noopener\">Google Maps<\/a>, par <strong>Bruno Fournier<\/strong>.<\/li>\n<li>Comment utiliser le signal d\u2019alarme <a href=\"https:\/\/fr.wikipedia.org\/wiki\/In_Case_of_Emergency\" target=\"_blank\" rel=\"noopener\">ICE<\/a> <em>(In Case of Emergency)<\/em> et comment brancher un appareil mobile \u00e0 un \u00e9cran de t\u00e9l\u00e9vision, par <strong>Gilles Lepage<\/strong> et <strong>Denis Charron<\/strong>.<\/li>\n<\/ul>\n<hr \/>\n<h4>Remerciements<\/h4>\n<p style=\"text-align: justify;\">Un grand merci \u00e0 nos pr\u00e9sentatrices et pr\u00e9sentateurs qui consacrent de nombreuses heures \u00e0 pr\u00e9parer et \u00e0 pr\u00e9senter les sujets propos\u00e9s ainsi qu&rsquo;\u00e0 mettre en forme les notes de pr\u00e9sentations.<\/p>\n<h4>Invitation<\/h4>\n<p style=\"text-align: justify;\">Nous vous invitons donc \u00e0 suivre les diff\u00e9rentes pr\u00e9sentations et \u00e0 venir nombreux au <a href=\"https:\/\/cimbcc.org\/test2\/chalet-marie-victorin-saint-bruno\" target=\"_blank\" rel=\"noopener\">Chalet Marie-Victorin<\/a> ou \u00e0 nous suivre avec l\u2019outil <a href=\"https:\/\/zoom.us\/\" target=\"_blank\" rel=\"noopener\">Zoom<\/a>.<\/p>\n<p style=\"text-align: justify;\">Je nous souhaite donc une bonne saison pour l&rsquo;hiver 2023.<\/p>\n<p>Guy B\u00e9langer<br \/>\nCo-responsable des s\u00e9ances du mercredi et du vendredi<\/p>\n","protected":false},"excerpt":{"rendered":"<p>Le 2 d\u00e9cembre 2022 marquait la fin de la saison d\u2019automne des pr\u00e9sentations techniques du CIMBCC, soit les s\u00e9ries: Facile, donn\u00e9es les vendredis en apr\u00e8s-midi, D\u00e9couverte, offertes les mercredis en soir\u00e9e, et iOS &amp; Android, aussi dispens\u00e9es les mercredis soir. Cet article passera en revue les s\u00e9ances du mercredi et du vendredi de l&rsquo;automne 2022. &hellip; <a href=\"https:\/\/cimbcc.org\/test2\/revue-des-seances-du-mercredi-et-vendredi-de-lautomne-2022-et-prevision-pour-lhiver-2023\/\" class=\"more-link\">Continuer la lecture de <span class=\"screen-reader-text\">Revue des s\u00e9ances du mercredi et vendredi de l&rsquo;automne 2022 et pr\u00e9vision pour l&rsquo;hiver 2023<\/span>  <span class=\"meta-nav\">&rarr;<\/span><\/a><\/p>\n","protected":false},"author":43,"featured_media":0,"comment_status":"open","ping_status":"closed","sticky":false,"template":"","format":"standard","meta":{"footnotes":""},"categories":[402],"tags":[1487,371,370,271,1675,1510,1190],"class_list":["post-42891","post","type-post","status-publish","format-standard","hentry","category-activites-du-club","tag-salle-marie-victorin","tag-decouverte","tag-facile","tag-presentations","tag-presentations-hybrides","tag-presentiel","tag-zoom"],"_links":{"self":[{"href":"https:\/\/cimbcc.org\/test2\/wp-json\/wp\/v2\/posts\/42891","targetHints":{"allow":["GET"]}}],"collection":[{"href":"https:\/\/cimbcc.org\/test2\/wp-json\/wp\/v2\/posts"}],"about":[{"href":"https:\/\/cimbcc.org\/test2\/wp-json\/wp\/v2\/types\/post"}],"author":[{"embeddable":true,"href":"https:\/\/cimbcc.org\/test2\/wp-json\/wp\/v2\/users\/43"}],"replies":[{"embeddable":true,"href":"https:\/\/cimbcc.org\/test2\/wp-json\/wp\/v2\/comments?post=42891"}],"version-history":[{"count":16,"href":"https:\/\/cimbcc.org\/test2\/wp-json\/wp\/v2\/posts\/42891\/revisions"}],"predecessor-version":[{"id":42959,"href":"https:\/\/cimbcc.org\/test2\/wp-json\/wp\/v2\/posts\/42891\/revisions\/42959"}],"wp:attachment":[{"href":"https:\/\/cimbcc.org\/test2\/wp-json\/wp\/v2\/media?parent=42891"}],"wp:term":[{"taxonomy":"category","embeddable":true,"href":"https:\/\/cimbcc.org\/test2\/wp-json\/wp\/v2\/categories?post=42891"},{"taxonomy":"post_tag","embeddable":true,"href":"https:\/\/cimbcc.org\/test2\/wp-json\/wp\/v2\/tags?post=42891"}],"curies":[{"name":"wp","href":"https:\/\/api.w.org\/{rel}","templated":true}]}}