{"id":43412,"date":"2023-02-15T20:00:46","date_gmt":"2023-02-16T01:00:46","guid":{"rendered":"https:\/\/cimbcc.org\/test2\/?p=43412"},"modified":"2023-10-16T22:10:26","modified_gmt":"2023-10-17T02:10:26","slug":"mise-a-jour-urgente-pour-les-appareils-apple-et-limpact-de-lutilisation-des-ecrans-sur-la-myopie","status":"publish","type":"post","link":"https:\/\/cimbcc.org\/test2\/mise-a-jour-urgente-pour-les-appareils-apple-et-limpact-de-lutilisation-des-ecrans-sur-la-myopie\/","title":{"rendered":"Mise \u00e0 jour requise pour les appareils Apple et l&rsquo;impact de l&rsquo;utilisation des \u00e9crans sur la myopie"},"content":{"rendered":"<figure id=\"attachment_24081\" aria-describedby=\"caption-attachment-24081\" style=\"width: 125px\" class=\"wp-caption aligncenter\"><img loading=\"lazy\" decoding=\"async\" class=\"size-full wp-image-24081\" src=\"https:\/\/cimbcc.org\/test2\/wp-content\/uploads\/photo_charron_denis.jpg\" alt=\"\" width=\"125\" height=\"125\" \/><figcaption id=\"caption-attachment-24081\" class=\"wp-caption-text\"><span style=\"color: #ffffff;\">mmm<\/span>Denis Charron<\/figcaption><\/figure>\n<p>Deux sujets seront trait\u00e9s dans cet article :<\/p>\n<ul>\n<li>une mise \u00e0 jour requise pour les appareils Apple ;<\/li>\n<li>l&rsquo;impact de l&rsquo;utilisation des \u00e9crans sur la myopie.<\/li>\n<\/ul>\n<p><!--more--><\/p>\n<hr \/>\n<h4 style=\"text-align: justify;\">Une mise \u00e0 jour requise pour les appareils Apple<\/h4>\n<p style=\"text-align: justify;\">Une <a href=\"https:\/\/fr.wikipedia.org\/wiki\/Vuln%C3%A9rabilit%C3%A9_zero-day\" target=\"_blank\" rel=\"noopener\">faille <em>zero day<\/em><\/a> vient d&rsquo;\u00eatre d\u00e9couverte sur les Mac, iPhone, et iPad.<\/p>\n<p style=\"text-align: justify;\">Comme l&rsquo;explique Fran\u00e7ois Charron dans <a href=\"https:\/\/journalmetro.com\/societe\/techno\/3006743\/une-faille-zero-day-dans-ios-demande-une-mise-a-jour-immediate-des-iphone-ipad-et-mac\/\" target=\"_blank\" rel=\"noopener\">cet article<\/a>, cette faille peut\u00a0<em>\u00ab permettre \u00e0 un pirate informatique d\u2019ex\u00e9cuter du code malveillant \u00e0 distance dans nos appareils et de faire planter le syst\u00e8me d\u2019exploitation. <\/em><em>(&#8230;) La faille en question est activement exploit\u00e9e, d\u2019o\u00f9 l\u2019importance de ne pas attendre pour proc\u00e9der \u00e0 ses mises \u00e0 jour. \u00bb<\/em><\/p>\n<p style=\"text-align: justify;\">Apple recommande d&rsquo;<a href=\"https:\/\/support.apple.com\/fr-ca\/HT201222\" target=\"_blank\" rel=\"noopener\">installer imm\u00e9diatement les mises \u00e0 jour offertes<\/a> pour r\u00e9gler ce probl\u00e8me. Voici les versions que vous devriez avoir :<\/p>\n<ul style=\"text-align: justify;\">\n<li>Pour Mac : <a href=\"https:\/\/fr.wikipedia.org\/wiki\/MacOS\" target=\"_blank\" rel=\"noopener\">macOS<\/a> Ventura 13.2.1<\/li>\n<li>Pour iPhone : <a href=\"https:\/\/fr.wikipedia.org\/wiki\/IOS\" target=\"_blank\" rel=\"noopener\">iOS<\/a> 16.3.1<\/li>\n<li>Pour iPad : <a href=\"https:\/\/fr.wikipedia.org\/wiki\/IPadOS\" target=\"_blank\" rel=\"noopener\">iPadOS<\/a> 16.3.1<\/li>\n<li>Pour Safari : <a href=\"https:\/\/fr.wikipedia.org\/wiki\/Safari_(navigateur_web)\" target=\"_blank\" rel=\"noopener\">Safari<\/a> 16.3.1<\/li>\n<\/ul>\n<p style=\"text-align: justify;\"><strong>Il se peut que vous poss\u00e9diez d\u00e9j\u00e0 ces versions<\/strong>, si les mises \u00e0 jour automatiques ont \u00e9t\u00e9 activ\u00e9es sur vos appareils.<\/p>\n<hr \/>\n<h4 style=\"text-align: justify;\">L&rsquo;impact de l&rsquo;utilisation des \u00e9crans sur la myopie<\/h4>\n<p style=\"text-align: justify;\">On entend souvent dire que l&rsquo;utilisation excessive des \u00e9crans \u00e9lectroniques peut causer la myopie. Vrai ou faux ?<\/p>\n<p style=\"text-align: justify;\"><a href=\"https:\/\/www.futura-sciences.com\/sante\/questions-reponses\/corps-humain-peut-on-devenir-myope-cause-ecrans-17943\/?utm_source=nl_qr&amp;nl_optin=optin_we&amp;utm_campaign=week-end&amp;utm_medium=+email&amp;xtor=EPR-58-QR-20230212&amp;uid=b5a4b7bffaa7143b40f072851b561895&amp;utm_content=www.futura-sciences.com%3aFS_popin\" target=\"_blank\" rel=\"noopener\">Cet article<\/a> du site Web de <em>Futura Sciences<\/em> vous aidera \u00e0 r\u00e9pondre \u00e0 cette question.<\/p>\n<p>Denis Charron<\/p>\n","protected":false},"excerpt":{"rendered":"<p>Deux sujets seront trait\u00e9s dans cet article : une mise \u00e0 jour requise pour les appareils Apple ; l&rsquo;impact de l&rsquo;utilisation des \u00e9crans sur la myopie.<\/p>\n","protected":false},"author":43,"featured_media":0,"comment_status":"open","ping_status":"closed","sticky":false,"template":"","format":"standard","meta":{"footnotes":""},"categories":[403],"tags":[1763,1535,390,1397,1721,1764,1280,1354],"class_list":["post-43412","post","type-post","status-publish","format-standard","hentry","category-applications","tag-faille-zero-day","tag-failles-de-securite","tag-ios","tag-ipados","tag-macos","tag-myopie","tag-safari","tag-vision"],"_links":{"self":[{"href":"https:\/\/cimbcc.org\/test2\/wp-json\/wp\/v2\/posts\/43412","targetHints":{"allow":["GET"]}}],"collection":[{"href":"https:\/\/cimbcc.org\/test2\/wp-json\/wp\/v2\/posts"}],"about":[{"href":"https:\/\/cimbcc.org\/test2\/wp-json\/wp\/v2\/types\/post"}],"author":[{"embeddable":true,"href":"https:\/\/cimbcc.org\/test2\/wp-json\/wp\/v2\/users\/43"}],"replies":[{"embeddable":true,"href":"https:\/\/cimbcc.org\/test2\/wp-json\/wp\/v2\/comments?post=43412"}],"version-history":[{"count":14,"href":"https:\/\/cimbcc.org\/test2\/wp-json\/wp\/v2\/posts\/43412\/revisions"}],"predecessor-version":[{"id":43431,"href":"https:\/\/cimbcc.org\/test2\/wp-json\/wp\/v2\/posts\/43412\/revisions\/43431"}],"wp:attachment":[{"href":"https:\/\/cimbcc.org\/test2\/wp-json\/wp\/v2\/media?parent=43412"}],"wp:term":[{"taxonomy":"category","embeddable":true,"href":"https:\/\/cimbcc.org\/test2\/wp-json\/wp\/v2\/categories?post=43412"},{"taxonomy":"post_tag","embeddable":true,"href":"https:\/\/cimbcc.org\/test2\/wp-json\/wp\/v2\/tags?post=43412"}],"curies":[{"name":"wp","href":"https:\/\/api.w.org\/{rel}","templated":true}]}}