{"id":43642,"date":"2023-03-17T12:15:07","date_gmt":"2023-03-17T16:15:07","guid":{"rendered":"https:\/\/cimbcc.org\/test2\/?p=43642"},"modified":"2023-10-16T22:10:26","modified_gmt":"2023-10-17T02:10:26","slug":"garder-tiktok-ou-non-concentrateur-usb-c-et-recharge-avec-le-reseau-tesla-supercharger","status":"publish","type":"post","link":"https:\/\/cimbcc.org\/test2\/garder-tiktok-ou-non-concentrateur-usb-c-et-recharge-avec-le-reseau-tesla-supercharger\/","title":{"rendered":"Garder TikTok ou non, concentrateur USB-C et recharge avec le r\u00e9seau Tesla SuperCharger\u00a0"},"content":{"rendered":"<figure id=\"attachment_24081\" aria-describedby=\"caption-attachment-24081\" style=\"width: 125px\" class=\"wp-caption aligncenter\"><img loading=\"lazy\" decoding=\"async\" class=\"size-full wp-image-24081\" src=\"https:\/\/cimbcc.org\/test2\/wp-content\/uploads\/photo_charron_denis.jpg\" alt=\"\" width=\"125\" height=\"125\" \/><figcaption id=\"caption-attachment-24081\" class=\"wp-caption-text\"><span style=\"color: #ffffff;\">mmm<\/span>Denis Charron<\/figcaption><\/figure>\n<p>Trois sujets seront abord\u00e9s ici :<\/p>\n<ul>\n<li>Quoi faire avec TikTok ?<\/li>\n<li>Concentrateur pour prise USB-C<\/li>\n<li>Recharge avec le r\u00e9seau Tesla SuperCharger<\/li>\n<\/ul>\n<p><!--more--><\/p>\n<hr \/>\n<div>\n<h4 class=\"gmail_default\"><b>Quoi faire avec TikTok ?<\/b><\/h4>\n<p class=\"gmail_default\" style=\"text-align: justify;\">L&rsquo;application <a href=\"https:\/\/fr.wikipedia.org\/wiki\/TikTok\" target=\"_blank\" rel=\"noopener\">TikTok<\/a> fait souvent les manchettes dans l&rsquo;actualit\u00e9 r\u00e9cente. Les gouvernements f\u00e9d\u00e9raux et provinciaux de m\u00eame que les organismes publics interdisent \u00e0 leurs employ\u00e9s de l&rsquo;installer sur leurs appareils mobiles. Mais, devrait-on la retirer aussi des t\u00e9l\u00e9phones des particuliers ?<\/p>\n<p class=\"gmail_default\" style=\"text-align: justify;\"><a href=\"https:\/\/www.lapresse.ca\/actualites\/2023-03-01\/cybersecurite\/devriez-vous-supprimer-tiktok-de-votre-telephone.php\" target=\"_blank\" rel=\"noopener\">Cet article<\/a> du journal <em>La Presse<\/em> nous recommande une grande prudence alors que <a href=\"https:\/\/www.tvanouvelles.ca\/2023\/03\/17\/tiktok-detient-vos-donnees-sans-que-nayez-utilise-lapplication\" target=\"_blank\" rel=\"noopener\">ce document<\/a>\u00a0de <em>TVA Nouvelles<\/em> mentionne ceci :<\/p>\n<div class=\"gmail_default\" style=\"text-align: justify; padding-left: 40px;\"><em>Selon un rapport \u00e9mis par Feroot, une entreprise ontarienne de cybers\u00e9curit\u00e9, TikTok d\u00e9tient vos donn\u00e9es m\u00eame si vous n\u2019avez jamais utilis\u00e9 l\u2019application.<\/em><\/div>\n<div>\n<p style=\"padding-left: 40px; text-align: justify;\"><em>Vos informations sont tout de m\u00eame collect\u00e9es et transf\u00e9r\u00e9es, que l\u2019application soit supprim\u00e9e ou non.<br \/>\n<\/em><em>\u00ab TikTok peut \u00eatre pr\u00e9sent sur un site web dans \u00e0 peu pr\u00e8s n&rsquo;importe quel secteur sous la forme de pixels\/trackers (les dispositifs de suivi) TikTok \u00bb, \u00e9tablit Feroot.<br \/>\n<\/em><em>Le rapport avance \u00e9galement que \u00ab dans de nombreux cas, les pixels\/trackers commencent imm\u00e9diatement \u00e0 s&rsquo;ex\u00e9cuter et n&rsquo;ont que peu ou rien \u00e0 voir avec les activit\u00e9s imm\u00e9diates du propri\u00e9taire du site web \u00bb.<\/em><\/p>\n<p style=\"text-align: justify;\">Le <a href=\"https:\/\/fr.wikipedia.org\/wiki\/Pistage_web\" target=\"_blank\" rel=\"noopener\">pistage web<\/a> est d\u00e9j\u00e0 utilis\u00e9, entre autres, par Facebook, Microsoft, Google et DoubleClick. La d\u00e9cision quant \u00e0 garder TikTok ou non vous revient donc.<\/p>\n<\/div>\n<hr \/>\n<h4 class=\"gmail_default\"><b><\/b>Concentrateur pour prise USB-C<\/h4>\n<div>\n<div><\/div>\n<p class=\"gmail_default\" style=\"text-align: justify;\">La <a href=\"https:\/\/fr.wikipedia.org\/wiki\/USB_Type-C\" target=\"_blank\" rel=\"noopener\">prise USB-C<\/a> devient <a href=\"https:\/\/leclaireur.fnac.com\/article\/1828-lusb-c-cest-quoi-au-juste\/#:~:text=6%20septembre%202022.-,L'USB%2DC%2C%20c\" target=\"_blank\" rel=\"noopener\">la norme<\/a> pour la plupart des nouveaux ordinateurs portables et des appareils mobiles.\u00a0\u00a0Mon r\u00e9cent Chromebook ne poss\u00e8de que deux prises USB-C.<\/p>\n<p class=\"gmail_default\" style=\"text-align: justify;\">Heureusement, la prise USB-C\u00a0 est \u00e9galement r\u00e9tro-compatible avec les types plus anciens comme l&rsquo;<a href=\"https:\/\/fr.wikipedia.org\/wiki\/USB\" target=\"_blank\" rel=\"noopener\">USB<\/a> Type-A ou le <a href=\"https:\/\/fr.wikipedia.org\/wiki\/Connecteur_micro-USB\" target=\"_blank\" rel=\"noopener\">micro-USB<\/a>. Il est donc possible de continuer d&rsquo;utiliser les accessoires munis de ces prises en ajoutant des adaptateurs.<\/p>\n<p class=\"gmail_default\" style=\"text-align: justify;\">Plut\u00f4t que d&rsquo;acheter plusieurs adaptateurs, il est possible de se procurer, \u00e0 partir de 20$, un concentrateur USB-C qui poss\u00e8de \u00e0 peu pr\u00e8s tous les types de connexions existantes. Il vous reste donc \u00e0 d\u00e9terminer les types de prise dont vous aurez besoin.<\/p>\n<p class=\"gmail_default\" style=\"text-align: justify;\"><a href=\"https:\/\/www.lesnumeriques.com\/hub-usb-c\/comment-bien-choisir-l-accessoire-ideal-pour-le-teletravail-un-hub-usb-c-a160401.html\" target=\"_blank\" rel=\"noopener\">Cet article<\/a> du site Web <em>Les num\u00e9riques<\/em> peut vous aider \u00e0 explorer certaines possibilit\u00e9s.<\/p>\n<div style=\"text-align: justify;\">\n<hr \/>\n<\/div>\n<\/div>\n<h4 class=\"gmail_default\"><b>Recharge avec le r\u00e9seau Tesla SuperCharger\u00a0<\/b><\/h4>\n<div><\/div>\n<p class=\"gmail_default\" style=\"text-align: justify;\">Lors d&rsquo;un voyage dans les Maritimes l&rsquo;\u00e9t\u00e9 dernier, j&rsquo;ai pu voir que les chargeurs pour les voitures \u00e9lectriques autres que les Tesla sont beaucoup moins pr\u00e9sents qu&rsquo;au Qu\u00e9bec o\u00f9 nous sommes choy\u00e9s.<\/p>\n<p class=\"gmail_default\" style=\"text-align: justify;\">Mais voil\u00e0 une bonne nouvelle. Le r\u00e9seau <a href=\"https:\/\/fr.wikipedia.org\/wiki\/Tesla_Superchargeur\" target=\"_blank\" rel=\"noopener\">Tesla SuperCharger<\/a> aux \u00c9tats-Unis est maintenant capable de charger tous les types de v\u00e9hicules \u00e9lectriques, comme l&rsquo;explique <a href=\"https:\/\/www.youtube.com\/watch?v=Mw5_lG3qJIs\" target=\"_blank\" rel=\"noopener\">cet extrait vid\u00e9o<\/a> en langue anglaise. Ces chargeurs adapt\u00e9s vont s\u00fbrement arriver prochainement au Canada.<\/p>\n<div class=\"gmail_default\" style=\"text-align: justify;\">Denis Charron<\/div>\n<\/div>\n","protected":false},"excerpt":{"rendered":"<p>Trois sujets seront abord\u00e9s ici : Quoi faire avec TikTok ? Concentrateur pour prise USB-C Recharge avec le r\u00e9seau Tesla SuperCharger<\/p>\n","protected":false},"author":43,"featured_media":0,"comment_status":"open","ping_status":"closed","sticky":false,"template":"","format":"standard","meta":{"footnotes":""},"categories":[403],"tags":[1772,1093,683,1773,1771,1378,1078],"class_list":["post-43642","post","type-post","status-publish","format-standard","hentry","category-applications","tag-concentrateur","tag-pistage","tag-protection-des-donnees","tag-tesla-supercharger","tag-tiktok","tag-usb-c","tag-voiture-electrique"],"_links":{"self":[{"href":"https:\/\/cimbcc.org\/test2\/wp-json\/wp\/v2\/posts\/43642","targetHints":{"allow":["GET"]}}],"collection":[{"href":"https:\/\/cimbcc.org\/test2\/wp-json\/wp\/v2\/posts"}],"about":[{"href":"https:\/\/cimbcc.org\/test2\/wp-json\/wp\/v2\/types\/post"}],"author":[{"embeddable":true,"href":"https:\/\/cimbcc.org\/test2\/wp-json\/wp\/v2\/users\/43"}],"replies":[{"embeddable":true,"href":"https:\/\/cimbcc.org\/test2\/wp-json\/wp\/v2\/comments?post=43642"}],"version-history":[{"count":10,"href":"https:\/\/cimbcc.org\/test2\/wp-json\/wp\/v2\/posts\/43642\/revisions"}],"predecessor-version":[{"id":43650,"href":"https:\/\/cimbcc.org\/test2\/wp-json\/wp\/v2\/posts\/43642\/revisions\/43650"}],"wp:attachment":[{"href":"https:\/\/cimbcc.org\/test2\/wp-json\/wp\/v2\/media?parent=43642"}],"wp:term":[{"taxonomy":"category","embeddable":true,"href":"https:\/\/cimbcc.org\/test2\/wp-json\/wp\/v2\/categories?post=43642"},{"taxonomy":"post_tag","embeddable":true,"href":"https:\/\/cimbcc.org\/test2\/wp-json\/wp\/v2\/tags?post=43642"}],"curies":[{"name":"wp","href":"https:\/\/api.w.org\/{rel}","templated":true}]}}