{"id":43737,"date":"2023-04-04T20:00:11","date_gmt":"2023-04-05T00:00:11","guid":{"rendered":"https:\/\/cimbcc.org\/test2\/?p=43737"},"modified":"2023-10-16T22:10:26","modified_gmt":"2023-10-17T02:10:26","slug":"il-est-temps-de-reglementer-internet","status":"publish","type":"post","link":"https:\/\/cimbcc.org\/test2\/il-est-temps-de-reglementer-internet\/","title":{"rendered":"Il est temps de r\u00e9glementer Internet"},"content":{"rendered":"<figure id=\"attachment_34910\" aria-describedby=\"caption-attachment-34910\" style=\"width: 125px\" class=\"wp-caption aligncenter\"><img loading=\"lazy\" decoding=\"async\" class=\"size-full wp-image-34910\" src=\"https:\/\/cimbcc.org\/test2\/wp-content\/uploads\/photo_gagne_michel.jpg\" alt=\"\" width=\"125\" height=\"125\" \/><figcaption id=\"caption-attachment-34910\" class=\"wp-caption-text\"><span style=\"color: #ffffff;\">mmmi<\/span>Michel Gagn\u00e9<\/figcaption><\/figure>\n<p style=\"text-align: justify;\">Il y a quelques jours, un article du CHIP indiquait que <a href=\"https:\/\/fr.wikipedia.org\/wiki\/Cambridge_Analytica\" target=\"_blank\" rel=\"noopener\">Cambridge Analytica<\/a> n\u2019avait pas r\u00e9ellement influenc\u00e9 les r\u00e9sultats du <a href=\"https:\/\/fr.wikipedia.org\/wiki\/Retrait_du_Royaume-Uni_de_l'Union_europ%C3%A9enne\" target=\"_blank\" rel=\"noopener\">Brexit<\/a> et des \u00e9lections am\u00e9ricaines. Toutefois, la saga Cambridge Analytica nous montre \u00e0 quel point <a href=\"https:\/\/fr.wikipedia.org\/wiki\/Facebook\" target=\"_blank\" rel=\"noopener\">Facebook<\/a> ne prot\u00e8ge pas nos donn\u00e9es personnelles et avec quelle facilit\u00e9 une compagnie peut obtenir frauduleusement les donn\u00e9es personnelles de dizaines de millions d\u2019internautes.<\/p>\n<p style=\"text-align: justify;\">On dirait que, parce que \u00e7a se passe sur Internet, tout est permis !<\/p>\n<p><!--more--><\/p>\n<p style=\"text-align: justify;\">Jusqu\u2019\u00e0 maintenant, les gouvernements ont laiss\u00e9 Internet se d\u00e9velopper avec tr\u00e8s peu de r\u00e8glementation. C\u2019\u00e9tait probablement la bonne d\u00e9cision au d\u00e9but du d\u00e9veloppement du r\u00e9seau. Une trop grande r\u00e8glementation aurait ralenti ou m\u00eame emp\u00each\u00e9 le d\u00e9veloppement de plusieurs aspects innovants et b\u00e9n\u00e9fiques d\u2019Internet.<\/p>\n<p style=\"text-align: justify;\">Toutefois, je crois qu\u2019Internet est aujourd\u2019hui mature et je crois que le r\u00e9seau doit \u00eatre r\u00e8glement\u00e9 comme tous les autres secteurs d\u2019activit\u00e9s :<\/p>\n<ul>\n<li style=\"text-align: justify;\">pour maintenir un sain niveau de comp\u00e9tition entre les compagnies,<\/li>\n<li style=\"text-align: justify;\">pour prot\u00e9ger les internautes et leurs informations personnelles,<\/li>\n<li style=\"text-align: justify;\">et pour qu\u2019Internet respecte les valeurs des communaut\u00e9s qui l\u2019utilisent.<\/li>\n<\/ul>\n<p style=\"text-align: justify;\">Ce ne sera pas facile de r\u00e8glementer Internet parce qu\u2019Internet est multinational par nature et il est toujours difficile pour un gouvernement de contr\u00f4ler un organisme dont la majorit\u00e9 des activit\u00e9s se d\u00e9roule \u00e0 l\u2019ext\u00e9rieur de ses fronti\u00e8res.<\/p>\n<p style=\"text-align: justify;\">Le gouvernement canadien a r\u00e9cemment entrepris un <a href=\"https:\/\/www.justice.gc.ca\/fra\/sjc-csj\/pl\/charte-charter\/c18_1.html\" target=\"_blank\" rel=\"noopener\">bras de fer<\/a> avec Google et Facebook pour que ceux-ci contribuent financi\u00e8rement \u00e0 la production des nouvelles qu\u2019ils diffusent sur Internet. <a href=\"https:\/\/www.ledroit.com\/2023\/03\/10\/google-talonne-par-les-elus-pour-son-blocage-de-nouvelles-de-sa-plateforme-99eb82557599853974cdafb846736ecf\" target=\"_blank\" rel=\"noopener\">Google<\/a> et <a href=\"https:\/\/ici.radio-canada.ca\/nouvelle\/1962338\/gafa-meta-c18-medias-information\" target=\"_blank\" rel=\"noopener\">Facebook<\/a> ont d\u00e9j\u00e0 manifest\u00e9 leur d\u00e9saccord et ont m\u00eame brandi quelques menaces. Il sera int\u00e9ressant de voir quelles actions Google et Facebook prendront pour contrer le gouvernement et de voir si le gouvernement r\u00e9ussira \u00e0 rediriger des revenus substantiels vers les cr\u00e9ateurs de contenu canadiens qui en ont bien besoin.<\/p>\n<p style=\"text-align: justify;\">Et le financement des contenus n\u2019est qu\u2019un des multiples aspects d\u2019Internet qui doit \u00eatre r\u00e8glement\u00e9. Il faudra beaucoup de courage, d\u2019effort et de temps aux gouvernements pour encadrer une entit\u00e9 aussi puissante et changeante qu\u2019Internet.<\/p>\n<p style=\"text-align: justify;\"><strong>P.-S.<\/strong> J\u2019ai termin\u00e9 la r\u00e9daction de cet article le 20 mars 2023. On dirait que l\u2019actualit\u00e9 de ce jour voulait illustrer l\u2019importance et la difficult\u00e9 de r\u00e8glementer Internet. Si vous voulez approfondir les enjeux de cette r\u00e8glementation, je vous sugg\u00e8re de lire deux articles publi\u00e9s par <em>La Presse<\/em>\u00a0le 20 mars :<\/p>\n<ul>\n<li style=\"text-align: justify;\">un article intitul\u00e9 <a href=\"https:\/\/www.lapresse.ca\/actualites\/chroniques\/2023-03-20\/pour-charlie.php\" target=\"_blank\" rel=\"noopener\"><em>Pour Charlie<\/em><\/a> qui traite de la r\u00e8glementation de la location de logements touristiques pour contrer les agissements sauvages de certains locateurs et des plateformes comme <a href=\"https:\/\/fr.wikipedia.org\/wiki\/Airbnb\" target=\"_blank\" rel=\"noopener\">Airbnb<\/a>;<\/li>\n<li style=\"text-align: justify;\">un article intitul\u00e9 <a href=\"https:\/\/www.lapresse.ca\/debats\/opinions\/2023-03-20\/journee-internationale-de-la-francophonie\/face-aux-barbares-numeriques-l-heure-est-a-la-contre-attaque.php\" target=\"_blank\" rel=\"noopener\"><em>Face aux \u00ab barbares num\u00e9riques \u00bb, l\u2019heure est \u00e0 la contre-attaqu<\/em>e<\/a> qui traite de la r\u00e8glementation n\u00e9cessaire pour prot\u00e9ger et promouvoir le fran\u00e7ais sur Internet.<\/li>\n<\/ul>\n<p style=\"text-align: justify;\">Nos l\u00e9gislateurs ont beaucoup de pain sur la planche. Auront-ils le courage d\u2019agir? Je crois que leur courage sera proportionnel \u00e0 la priorit\u00e9 que nous accorderons \u00e0 ce sujet. Ce sujet est-il prioritaire pour vous?<\/p>\n<p>Michel Gagn\u00e9<\/p>\n<hr \/>\n<h4>Note de l&rsquo;\u00e9diteur<\/h4>\n<p>En compl\u00e9ment \u00e0 cet article, voici les r\u00e9f\u00e9rences \u00e0 deux projets de loi du gouvernement canadien :<\/p>\n<p style=\"text-align: justify;\"><a href=\"https:\/\/www.justice.gc.ca\/fra\/sjc-csj\/pl\/charte-charter\/c11.html\" target=\"_blank\" rel=\"noopener\">Projet de loi C-11 :<\/a> Loi \u00e9dictant la Loi sur la protection de la vie priv\u00e9e des consommateurs et la Loi sur le Tribunal de la protection des renseignements personnels et des donn\u00e9es et apportant des modifications corr\u00e9latives et connexes \u00e0 d&rsquo;autres lois<\/p>\n<p style=\"text-align: justify;\"><a href=\"https:\/\/www.justice.gc.ca\/fra\/sjc-csj\/pl\/charte-charter\/c18_1.html\" target=\"_blank\" rel=\"noopener\">Projet de loi C-18 :<\/a> Loi concernant les plateformes de communication en ligne rendant disponible du contenu de nouvelles aux personnes se trouvant au Canada<\/p>\n<p>R. Gervais<\/p>\n","protected":false},"excerpt":{"rendered":"<p>Il y a quelques jours, un article du CHIP indiquait que Cambridge Analytica n\u2019avait pas r\u00e9ellement influenc\u00e9 les r\u00e9sultats du Brexit et des \u00e9lections am\u00e9ricaines. Toutefois, la saga Cambridge Analytica nous montre \u00e0 quel point Facebook ne prot\u00e8ge pas nos donn\u00e9es personnelles et avec quelle facilit\u00e9 une compagnie peut obtenir frauduleusement les donn\u00e9es personnelles de &hellip; <a href=\"https:\/\/cimbcc.org\/test2\/il-est-temps-de-reglementer-internet\/\" class=\"more-link\">Continuer la lecture de <span class=\"screen-reader-text\">Il est temps de r\u00e9glementer Internet<\/span>  <span class=\"meta-nav\">&rarr;<\/span><\/a><\/p>\n","protected":false},"author":43,"featured_media":0,"comment_status":"open","ping_status":"closed","sticky":false,"template":"","format":"standard","meta":{"footnotes":""},"categories":[25],"tags":[1796,1797,1793,154,1795,1794,1622,1792],"class_list":["post-43737","post","type-post","status-publish","format-standard","hentry","category-chronique-securite","tag-createurs-de-contenu-canadiens","tag-financement","tag-gouvernements","tag-internet","tag-projet-de-loi-c-11","tag-projet-de-loi-c-18","tag-protection-des-renseignements-personnels","tag-reglementation"],"_links":{"self":[{"href":"https:\/\/cimbcc.org\/test2\/wp-json\/wp\/v2\/posts\/43737","targetHints":{"allow":["GET"]}}],"collection":[{"href":"https:\/\/cimbcc.org\/test2\/wp-json\/wp\/v2\/posts"}],"about":[{"href":"https:\/\/cimbcc.org\/test2\/wp-json\/wp\/v2\/types\/post"}],"author":[{"embeddable":true,"href":"https:\/\/cimbcc.org\/test2\/wp-json\/wp\/v2\/users\/43"}],"replies":[{"embeddable":true,"href":"https:\/\/cimbcc.org\/test2\/wp-json\/wp\/v2\/comments?post=43737"}],"version-history":[{"count":6,"href":"https:\/\/cimbcc.org\/test2\/wp-json\/wp\/v2\/posts\/43737\/revisions"}],"predecessor-version":[{"id":43858,"href":"https:\/\/cimbcc.org\/test2\/wp-json\/wp\/v2\/posts\/43737\/revisions\/43858"}],"wp:attachment":[{"href":"https:\/\/cimbcc.org\/test2\/wp-json\/wp\/v2\/media?parent=43737"}],"wp:term":[{"taxonomy":"category","embeddable":true,"href":"https:\/\/cimbcc.org\/test2\/wp-json\/wp\/v2\/categories?post=43737"},{"taxonomy":"post_tag","embeddable":true,"href":"https:\/\/cimbcc.org\/test2\/wp-json\/wp\/v2\/tags?post=43737"}],"curies":[{"name":"wp","href":"https:\/\/api.w.org\/{rel}","templated":true}]}}