{"id":43830,"date":"2023-04-13T19:00:22","date_gmt":"2023-04-13T23:00:22","guid":{"rendered":"https:\/\/cimbcc.org\/test2\/?p=43830"},"modified":"2023-10-16T22:10:26","modified_gmt":"2023-10-17T02:10:26","slug":"sommes-nous-reconnaissants-envers-les-informaticiens-et-les-informaticiennes-soyons-le","status":"publish","type":"post","link":"https:\/\/cimbcc.org\/test2\/sommes-nous-reconnaissants-envers-les-informaticiens-et-les-informaticiennes-soyons-le\/","title":{"rendered":"Sommes-nous reconnaissants envers les informaticiens et les informaticiennes ? Soyons-le !"},"content":{"rendered":"<figure id=\"attachment_38542\" aria-describedby=\"caption-attachment-38542\" style=\"width: 125px\" class=\"wp-caption aligncenter\"><img loading=\"lazy\" decoding=\"async\" class=\"size-full wp-image-38542\" src=\"https:\/\/cimbcc.org\/test2\/wp-content\/uploads\/photo_robert_lapointe.jpg\" alt=\"\" width=\"125\" height=\"111\" \/><figcaption id=\"caption-attachment-38542\" class=\"wp-caption-text\"><span style=\"color: #ffffff;\">mmm<\/span>Robert Lapointe<\/figcaption><\/figure>\n<p style=\"text-align: justify;\">Dans le blogue du CIMBCC, nous avons vu des informaticiens se d\u00e9cha\u00eener dans plusieurs articles r\u00e9cents.\u00a0 Ceci est rafra\u00eechissant ! Je les ai lus avec grand plaisir.<\/p>\n<p style=\"text-align: justify;\">Sachez qu\u2019au Qu\u00e9bec, la certification professionnelle en informatique n&rsquo;est pas encadr\u00e9e par une loi ou des r\u00e8glements. Il y a 55 professions encadr\u00e9es par un ordre, mais il n\u2019y a aucun titre reconnu pour les informaticiens. Il existe une sp\u00e9cialisation en informatique dans des universit\u00e9s, notamment \u00e0 l\u2019\u00c9cole Polytechnique de l\u2019Universit\u00e9 de Montr\u00e9al et l\u2019Universit\u00e9 McGill a un programme fort en math\u00e9matique et informatique !<\/p>\n<p><!--more--><\/p>\n<p style=\"text-align: justify;\"><a href=\"https:\/\/fr.wikipedia.org\/wiki\/Certification_professionnelle_en_informatique_(Qu%C3%A9bec)\" target=\"_blank\" rel=\"noopener\">Cela fait plus de 30 ans<\/a> que l\u2019Association professionnelle des informaticiens et informaticiennes du Qu\u00e9bec (APIIQ) se voit refuser par l\u2019<a href=\"https:\/\/www.opq.gouv.qc.ca\/accueil\" target=\"_blank\" rel=\"noopener\">Office des professions du Qu\u00e9bec<\/a> d\u2019\u00eatre reconnue et encadr\u00e9e. L\u2019OPQ se limite \u00e0 dire que le sujet n\u2019est pas opportun ! Y a-t-il une chasse gard\u00e9e par certaines professions ?<\/p>\n<p style=\"text-align: justify;\">Les compagnies d\u2019assurance se cachent sous la couverte et n\u2019assurent pas les informaticiens ! Il y a 20 ans, je me suis fait refuser une couverture d\u2019assurance pour des services-conseils et de formation ainsi que pour de la programmation. Et il n\u2019y a pas de profession reconnue d\u2019informaticiens afin d\u2019assurer le bien du public et de la responsabilit\u00e9 professionnelle de ces derniers.<\/p>\n<p style=\"text-align: justify;\">Pourtant l\u2019informaticien r\u00e9alise de la programmation pour fabriquer des <a href=\"https:\/\/fr.wikipedia.org\/wiki\/Logiciel\" target=\"_blank\" rel=\"noopener\">logiciels<\/a> et des <a href=\"https:\/\/fr.wikipedia.org\/wiki\/Application_(informatique)\" target=\"_blank\" rel=\"noopener\">applications<\/a> qui aident les actuaires, les ing\u00e9nieurs, les architectes et les gestionnaires ! Ce sont eux qui con\u00e7oivent les jeux pour nos jeunes et moins jeunes ! Ils programment des versions Windows et des suites Office. Ils assurent la s\u00e9curit\u00e9 des applications et des r\u00e9seaux. \u00c9crivent des <a href=\"https:\/\/fr.wikipedia.org\/wiki\/Application_(informatique)\" target=\"_blank\" rel=\"noopener\">Apps<\/a> populaires ! Tout le monde b\u00e9n\u00e9ficie quotidiennement du travail des informaticiens.<\/p>\n<p style=\"text-align: justify;\">Malheureusement, les cafouillages et les \u00e9checs sont rapidement mis en \u00e9vidence. La population est en d\u00e9sarroi lorsqu\u2019elle constate les <a href=\"https:\/\/ici.radio-canada.ca\/info\/videos\/1-8745189\/deboires-saaq-se-poursuivent\" target=\"_blank\" rel=\"noopener\">d\u00e9boires de la SAAQ<\/a>, du <a href=\"https:\/\/www.ledevoir.com\/politique\/canada\/783514\/le-systeme-de-paie-phenix-a-7-ans-encore-418-000-problemes-non-resolus-dit-l-afpc\" target=\"_blank\" rel=\"noopener\">syst\u00e8me de paie Ph\u00e9nix<\/a> ou des <a href=\"https:\/\/www.lapresse.ca\/affaires\/2023-04-07\/vol-de-donnees-massif-chez-desjardins\/la-preuve-liberee-l-enquete-peut-avancer.php\" target=\"_blank\" rel=\"noopener\">vols des donn\u00e9es<\/a>. Ma r\u00e9ponse personnelle est la suivante : HARO sur les travaux en comit\u00e9 lorsqu\u2019on ne sait pas ce que l\u2019on veut et que l\u2019on change d\u2019id\u00e9e ou de direction de fa\u00e7on erratique ! Parfois, le sous-traitant a le dos large !<\/p>\n<p style=\"text-align: justify;\">Il serait ironique que le robot informatique d\u2019intelligence artificielle obtienne respect avant l\u2019informaticien humano\u00efde qui l\u2019a cr\u00e9\u00e9.<\/p>\n<p style=\"text-align: justify;\">Imaginons un programme de gestion qui doit s\u2019occuper d\u2019un nombre infini de variables r\u00eav\u00e9 par les n\u00e9gociateurs, les fonctionnaires, les syndicalistes et les politiciens. Et que le tout puisse changer en tout temps ! Solution magique : l\u2019intelligence artificielle ?\u00a0 Ben voyons donc !<\/p>\n<p style=\"text-align: justify;\">Connaissez-vous l\u2019<a href=\"https:\/\/www.aqiii.org\/fr\/\" target=\"_blank\" rel=\"noopener\">Association qu\u00e9b\u00e9coise des informaticiennes et informaticiens ind\u00e9pendants<\/a> en TI (AQIII) ?<\/p>\n<p style=\"text-align: justify; padding-left: 40px;\"><em>\u00ab Cette association professionnelle a \u00e9t\u00e9 fond\u00e9e en 1993 en tant qu\u2019organisme sans but lucratif. L\u2019AQIII repr\u00e9sente la voix de plus de 34 000 travailleurs autonomes, pigistes et micro-entrepreneurs en technologie de l\u2019information (TI) \u00e0 travers le Qu\u00e9bec et rassemble le plus grand bassin de talents TI au Canada, toutes expertises confondues (charg\u00e9s de projets, programmeurs, d\u00e9veloppeurs, analystes\u2026). \u00c0 titre d\u2019unique communaut\u00e9 d\u2019affaires qu\u00e9b\u00e9coise exclusivement d\u00e9di\u00e9e aux consultants ind\u00e9pendants en TI et depuis d\u00e9j\u00e0 30 ans, elle appuie le succ\u00e8s de ses 1300 membres. \u00bb<\/em><\/p>\n<p>Robert Lapointe<\/p>\n","protected":false},"excerpt":{"rendered":"<p>Dans le blogue du CIMBCC, nous avons vu des informaticiens se d\u00e9cha\u00eener dans plusieurs articles r\u00e9cents.\u00a0 Ceci est rafra\u00eechissant ! Je les ai lus avec grand plaisir. Sachez qu\u2019au Qu\u00e9bec, la certification professionnelle en informatique n&rsquo;est pas encadr\u00e9e par une loi ou des r\u00e8glements. Il y a 55 professions encadr\u00e9es par un ordre, mais il &hellip; <a href=\"https:\/\/cimbcc.org\/test2\/sommes-nous-reconnaissants-envers-les-informaticiens-et-les-informaticiennes-soyons-le\/\" class=\"more-link\">Continuer la lecture de <span class=\"screen-reader-text\">Sommes-nous reconnaissants envers les informaticiens et les informaticiennes ? Soyons-le !<\/span>  <span class=\"meta-nav\">&rarr;<\/span><\/a><\/p>\n","protected":false},"author":43,"featured_media":0,"comment_status":"open","ping_status":"closed","sticky":false,"template":"","format":"standard","meta":{"footnotes":""},"categories":[1594],"tags":[1807,1808,1805,1806,421,1810,1809],"class_list":["post-43830","post","type-post","status-publish","format-standard","hentry","category-chronique-technique","tag-apiiq","tag-aqiii","tag-informaticien","tag-informaticienne","tag-informatique","tag-office-des-professions-du-quebec","tag-ordre-professionnel"],"_links":{"self":[{"href":"https:\/\/cimbcc.org\/test2\/wp-json\/wp\/v2\/posts\/43830","targetHints":{"allow":["GET"]}}],"collection":[{"href":"https:\/\/cimbcc.org\/test2\/wp-json\/wp\/v2\/posts"}],"about":[{"href":"https:\/\/cimbcc.org\/test2\/wp-json\/wp\/v2\/types\/post"}],"author":[{"embeddable":true,"href":"https:\/\/cimbcc.org\/test2\/wp-json\/wp\/v2\/users\/43"}],"replies":[{"embeddable":true,"href":"https:\/\/cimbcc.org\/test2\/wp-json\/wp\/v2\/comments?post=43830"}],"version-history":[{"count":5,"href":"https:\/\/cimbcc.org\/test2\/wp-json\/wp\/v2\/posts\/43830\/revisions"}],"predecessor-version":[{"id":43909,"href":"https:\/\/cimbcc.org\/test2\/wp-json\/wp\/v2\/posts\/43830\/revisions\/43909"}],"wp:attachment":[{"href":"https:\/\/cimbcc.org\/test2\/wp-json\/wp\/v2\/media?parent=43830"}],"wp:term":[{"taxonomy":"category","embeddable":true,"href":"https:\/\/cimbcc.org\/test2\/wp-json\/wp\/v2\/categories?post=43830"},{"taxonomy":"post_tag","embeddable":true,"href":"https:\/\/cimbcc.org\/test2\/wp-json\/wp\/v2\/tags?post=43830"}],"curies":[{"name":"wp","href":"https:\/\/api.w.org\/{rel}","templated":true}]}}