{"id":43920,"date":"2023-04-16T19:00:57","date_gmt":"2023-04-16T23:00:57","guid":{"rendered":"https:\/\/cimbcc.org\/test2\/?p=43920"},"modified":"2023-10-16T22:10:26","modified_gmt":"2023-10-17T02:10:26","slug":"pour-contrer-la-desinformation-mise-a-jour-vers-ios-17-et-produits-apple-endommages-par-leau","status":"publish","type":"post","link":"https:\/\/cimbcc.org\/test2\/pour-contrer-la-desinformation-mise-a-jour-vers-ios-17-et-produits-apple-endommages-par-leau\/","title":{"rendered":"Pour contrer la d\u00e9sinformation, mise \u00e0 jour vers iOS 17 et produits Apple endommag\u00e9s par l&rsquo;eau"},"content":{"rendered":"<figure id=\"attachment_24081\" aria-describedby=\"caption-attachment-24081\" style=\"width: 125px\" class=\"wp-caption aligncenter\"><img loading=\"lazy\" decoding=\"async\" class=\"size-full wp-image-24081\" src=\"https:\/\/cimbcc.org\/test2\/wp-content\/uploads\/photo_charron_denis.jpg\" alt=\"\" width=\"125\" height=\"125\" \/><figcaption id=\"caption-attachment-24081\" class=\"wp-caption-text\"><span style=\"color: #ffffff;\">mmm<\/span>Denis Charron<\/figcaption><\/figure>\n<p>L&rsquo;article d&rsquo;aujourd&rsquo;hui touche \u00e0 trois sujets :<\/p>\n<ul>\n<li>pour contrer la d\u00e9sinformation ;<\/li>\n<li>mises \u00e0 jour vers iOS 17 et iPadOS 17 ;<\/li>\n<li>produits Apple endommag\u00e9s par l&rsquo;eau.<\/li>\n<\/ul>\n<p><!--more--><\/p>\n<hr \/>\n<h4>Pour contrer la d\u00e9sinformation<\/h4>\n<p style=\"text-align: justify;\">Une fonction suppl\u00e9mentaire a fait son apparition dans le <a href=\"https:\/\/fr.wikipedia.org\/wiki\/Google_(moteur_de_recherche)\" target=\"_blank\" rel=\"noopener\">moteur de recherche Google<\/a>. Il est d\u00e9sormais possible d&rsquo;avoir de l&rsquo;information sur le r\u00e9sultat de notre recherche.<\/p>\n<p style=\"text-align: justify;\"><a href=\"https:\/\/www.lapresse.ca\/affaires\/techno\/2023-04-09\/clins-d-oeil-technologiques.php\" target=\"_blank\" rel=\"noopener\">Cet article<\/a> de <em>LaPresse.ca<\/em> nous l&rsquo;explique.<\/p>\n<p class=\"paragraph textModule textModule--type-paragraph \" style=\"padding-left: 40px; text-align: justify;\"><em>\u00ab En cliquant sur les trois petits points verticaux \u00e0 c\u00f4t\u00e9 d\u2019un lien, on ouvre la fen\u00eatre \u00ab \u00c0 propos de ce r\u00e9sultat \u00bb qui offre plus de contexte sur les sources et les sujets. <\/em><em>On y d\u00e9crit la source, y donne la date \u00e0 laquelle le site a \u00e9t\u00e9 index\u00e9 une premi\u00e8re fois et y indique si la connexion est s\u00e9curis\u00e9e. \u00bb<\/em><\/p>\n<hr \/>\n<h4>Mises \u00e0 jour vers iOS 17 et iPadOS 17<\/h4>\n<p style=\"text-align: justify;\">La prochaine mise \u00e0 jour des appareils mobiles Apple \u00e0 l&rsquo;automne risque encore de rendre orphelins des <a href=\"https:\/\/fr.wikipedia.org\/wiki\/IPhone\" target=\"_blank\" rel=\"noopener\">iPhone<\/a> et <a href=\"https:\/\/fr.wikipedia.org\/wiki\/IPad\" target=\"_blank\" rel=\"noopener\">iPad<\/a> plus \u00e2g\u00e9s. Ces derniers ne pourront pas installer cette nouvelle mise \u00e0 jour. Ferez-vous partie des malchanceux ?<\/p>\n<p style=\"text-align: justify;\"><a href=\"https:\/\/francoischarron.com\/gadgets-techno\/mobile-tablettes\/ios-17-et-ipados-17-pousseront-ces-iphone-et-ipad-un-peu-plus-vers-lobsolescence\/sY0MlGKDjy\/\" target=\"_blank\" rel=\"noopener\">Cet article<\/a> du site Web de <em>Fran\u00e7ois Charron<\/em> vous donnera plus d&rsquo;informations.<\/p>\n<p style=\"padding-left: 40px; text-align: justify;\"><em>\u00ab Ainsi, lorsque notre iPhone ou iPad ne peut plus installer la nouvelle mise \u00e0 jour, est-ce dire qu\u2019ils deviennent obsol\u00e8tes?<\/em><\/p>\n<p style=\"padding-left: 40px; text-align: justify;\"><em>La r\u00e9ponse rapide est: non.<\/em><\/p>\n<p style=\"padding-left: 40px; text-align: justify;\"><em>Concr\u00e8tement, ceci ne veut pas dire que notre iPhone ou notre iPad cessera de fonctionner du jour ou lendemain. On peut tr\u00e8s bien continuer de l\u2019utiliser avec une plus vieille version d\u2019iOS ou d\u2019iPadOS, et ce, pendant quelques ann\u00e9es parfois. \u00bb<\/em><\/p>\n<hr \/>\n<h4>Produits Apple endommag\u00e9s par l&rsquo;eau<\/h4>\n<p style=\"text-align: justify;\">C&rsquo;est bien connu, les appareils \u00e9lectroniques et l&rsquo;eau ne font pas bon m\u00e9nage. Plusieurs de ces objets sont cependant dot\u00e9s d&rsquo;une \u00e9tanch\u00e9it\u00e9 aux \u00e9claboussures et, m\u00eame, \u00e0 une immersion br\u00e8ve.<\/p>\n<p style=\"text-align: justify;\">Certains produits mobiles Apple sont \u00e9quip\u00e9s d&rsquo;un avertisseur visuel permettant de savoir s&rsquo;ils ont r\u00e9sist\u00e9 au contact des liquides ou s&rsquo;ils demandent une inspection professionnelle. <a href=\"https:\/\/support.apple.com\/fr-fr\/HT204104\" target=\"_blank\" rel=\"noopener\">Cet article<\/a> vous indique l&rsquo;endroit \u00e0 regarder sur plusieurs mod\u00e8les de <a href=\"https:\/\/fr.wikipedia.org\/wiki\/IPhone\" target=\"_blank\" rel=\"noopener\">iPhone<\/a> et de <a href=\"https:\/\/fr.wikipedia.org\/wiki\/IPod\" target=\"_blank\" rel=\"noopener\">iPod<\/a>.<\/p>\n<p>Denis Charron<\/p>\n","protected":false},"excerpt":{"rendered":"<p>L&rsquo;article d&rsquo;aujourd&rsquo;hui touche \u00e0 trois sujets : pour contrer la d\u00e9sinformation ; mises \u00e0 jour vers iOS 17 et iPadOS 17 ; produits Apple endommag\u00e9s par l&rsquo;eau.<\/p>\n","protected":false},"author":43,"featured_media":0,"comment_status":"open","ping_status":"closed","sticky":false,"template":"","format":"standard","meta":{"footnotes":""},"categories":[403],"tags":[427,1086,1804,847,35,390,1811,55,1812,216,217],"class_list":["post-43920","post","type-post","status-publish","format-standard","hentry","category-applications","tag-apple","tag-desinformation","tag-dommage-par-leau","tag-fake-news","tag-google","tag-ios","tag-ios-17","tag-ipad","tag-ipados-17","tag-iphone","tag-ipod"],"_links":{"self":[{"href":"https:\/\/cimbcc.org\/test2\/wp-json\/wp\/v2\/posts\/43920","targetHints":{"allow":["GET"]}}],"collection":[{"href":"https:\/\/cimbcc.org\/test2\/wp-json\/wp\/v2\/posts"}],"about":[{"href":"https:\/\/cimbcc.org\/test2\/wp-json\/wp\/v2\/types\/post"}],"author":[{"embeddable":true,"href":"https:\/\/cimbcc.org\/test2\/wp-json\/wp\/v2\/users\/43"}],"replies":[{"embeddable":true,"href":"https:\/\/cimbcc.org\/test2\/wp-json\/wp\/v2\/comments?post=43920"}],"version-history":[{"count":6,"href":"https:\/\/cimbcc.org\/test2\/wp-json\/wp\/v2\/posts\/43920\/revisions"}],"predecessor-version":[{"id":43925,"href":"https:\/\/cimbcc.org\/test2\/wp-json\/wp\/v2\/posts\/43920\/revisions\/43925"}],"wp:attachment":[{"href":"https:\/\/cimbcc.org\/test2\/wp-json\/wp\/v2\/media?parent=43920"}],"wp:term":[{"taxonomy":"category","embeddable":true,"href":"https:\/\/cimbcc.org\/test2\/wp-json\/wp\/v2\/categories?post=43920"},{"taxonomy":"post_tag","embeddable":true,"href":"https:\/\/cimbcc.org\/test2\/wp-json\/wp\/v2\/tags?post=43920"}],"curies":[{"name":"wp","href":"https:\/\/api.w.org\/{rel}","templated":true}]}}