{"id":43968,"date":"2023-04-23T14:00:18","date_gmt":"2023-04-23T18:00:18","guid":{"rendered":"https:\/\/cimbcc.org\/test2\/?p=43968"},"modified":"2023-10-16T22:10:26","modified_gmt":"2023-10-17T02:10:26","slug":"la-tablette-de-plus-en-plus-un-appareil-connecte-incontournable","status":"publish","type":"post","link":"https:\/\/cimbcc.org\/test2\/la-tablette-de-plus-en-plus-un-appareil-connecte-incontournable\/","title":{"rendered":"La tablette\u00a0: de plus en plus un appareil connect\u00e9 incontournable"},"content":{"rendered":"<figure id=\"attachment_43393\" aria-describedby=\"caption-attachment-43393\" style=\"width: 125px\" class=\"wp-caption aligncenter\"><a href=\"https:\/\/cimbcc.org\/test2\/wp-content\/uploads\/photo_delisle_pierre.jpg\"><img loading=\"lazy\" decoding=\"async\" class=\"wp-image-43393 size-full\" src=\"https:\/\/cimbcc.org\/test2\/wp-content\/uploads\/photo_delisle_pierre.jpg\" alt=\"\" width=\"125\" height=\"126\" \/><\/a><figcaption id=\"caption-attachment-43393\" class=\"wp-caption-text\"><span style=\"color: #ffffff;\">mmm<\/span>Pierre Delisle<\/figcaption><\/figure>\n<p style=\"text-align: justify;\">La <strong>tablette<\/strong>, quelle belle solution num\u00e9rique pour s\u2019informer et communiquer ! Beaucoup de gens s\u2019en servaient d\u00e9j\u00e0, mais la pand\u00e9mie a accentu\u00e9 de fa\u00e7on exponentielle son utilisation. D\u2019ailleurs, de nombreux centres de service ont mis de l\u2019avant des <a href=\"https:\/\/www.lapresse.ca\/affaires\/tetes-d-affiche\/2020-11-29\/des-tablettes-pour-les-aines.php\" target=\"_blank\" rel=\"noopener\">campagnes sp\u00e9ciales<\/a> afin de s\u2019en procurer rapidement.<\/p>\n<p style=\"text-align: justify;\">Les nouveaux utilisateurs ont alors d\u00e9couvert un monde accessible et passionnant, devenant m\u00eame une source d\u2019am\u00e9lioration de leur vie et, parall\u00e8lement, un sentiment de soulagement pour bien des familles.<\/p>\n<p style=\"text-align: justify;\">Apr\u00e8s une appropriation rapide, il faut continuer \u00e0 \u00e9voluer dans son usage. Plus nous emmagasinons de nouvelles fa\u00e7ons de faire, plus nous devenons <strong><em>agiles<\/em><\/strong> dans notre utilisation de <strong>tablettes<\/strong> pour\u00a0:<\/p>\n<ul>\n<li style=\"text-align: justify;\">utiliser le <a href=\"https:\/\/fr.wikipedia.org\/wiki\/Courrier_%C3%A9lectronique\" target=\"_blank\" rel=\"noopener\">courrier \u00e9lectronique<\/a> ;<\/li>\n<li style=\"text-align: justify;\">parcourir le vaste monde d\u2019<a href=\"https:\/\/fr.wikipedia.org\/wiki\/Internet\" target=\"_blank\" rel=\"noopener\">Internet<\/a> ;<\/li>\n<li style=\"text-align: justify;\">revivre l\u2019histoire avec <a href=\"https:\/\/www.wikipedia.org\/\" target=\"_blank\" rel=\"noopener\">Wikip\u00e9dia<\/a> ;<\/li>\n<li style=\"text-align: justify;\">explorer la plan\u00e8te avec <a href=\"https:\/\/www.google.com\/intl\/fr_ca\/earth\/\" target=\"_blank\" rel=\"noopener\">Google Earth<\/a> ;<\/li>\n<li>assister aux <a href=\"https:\/\/cimbcc.org\/test2\/partage-de-connaissances\/les-presentations-du-mercredi-et-du-vendredi\" target=\"_blank\" rel=\"noopener\">pr\u00e9sentations<\/a> et aux <a href=\"https:\/\/cimbcc.org\/test2\/partage-de-connaissances\/les-ateliers\" target=\"_blank\" rel=\"noopener\">ateliers<\/a> du CIMBCC par Zoom ;<\/li>\n<li style=\"text-align: justify;\">stimuler nos neurones avec des mots crois\u00e9s, cach\u00e9s ou myst\u00e8res, des casse-t\u00eates, des jeux de cartes, des jeux de table ou en apprenant de nouvelles langues pour <a href=\"https:\/\/cimbcc.org\/test2\/enrichir-son-capital-cerveau\" target=\"_blank\" rel=\"noopener\">enrichir votre capital cerveau<\/a> ;<\/li>\n<li style=\"text-align: justify;\">faire une visite de mus\u00e9es :\n<ul style=\"list-style-type: circle;\">\n<li style=\"text-align: justify;\"><a href=\"https:\/\/cimbcc.org\/test2\/le-musee-virtuel-dhistoire-politique-du-quebec\" target=\"_blank\" rel=\"noopener\">le mus\u00e9e virtuel d&rsquo;histoire politique du Qu\u00e9bec<\/a> ;<\/li>\n<li><a href=\"https:\/\/cimbcc.org\/test2\/voyager-en-temps-de-pandemie-a-nos-outils-numeriques\" target=\"_blank\" rel=\"noopener\">voyager en temps de pand\u00e9mie<\/a> ;<\/li>\n<li><a href=\"https:\/\/cimbcc.org\/test2\/realite-virtuelle-a-quebec-et-au-louvre-realite-augmentee-dans-google-maps\" target=\"_blank\" rel=\"noopener\">r\u00e9alit\u00e9 virtuelle \u00e0 Qu\u00e9bec et au Louvre<\/a> ;<\/li>\n<\/ul>\n<\/li>\n<li style=\"text-align: justify;\">laisser libre cours \u00e0 notre imagination avec le dessin et l\u2019\u00e9criture ;<\/li>\n<li style=\"text-align: justify;\">rester \u00e0 l\u2019aff\u00fbt de <a href=\"https:\/\/www.lapresse.ca\/\" target=\"_blank\" rel=\"noopener\">l\u2019actualit\u00e9 avec <em>La Presse<\/em><\/a> ou de <a href=\"https:\/\/www.rds.ca\/nouvelles\" target=\"_blank\" rel=\"noopener\">l&rsquo;actualit\u00e9 sportive avec <em>RDS<\/em><\/a>\u00a0;<\/li>\n<li style=\"text-align: justify;\">partager nos photos ;<\/li>\n<li style=\"text-align: justify;\">se laisser emporter au son de notre musique \u2026<\/li>\n<\/ul>\n<p style=\"text-align: justify;\">Mais attention ! Un futur usage se profile de plus en plus \u00e0 l\u2019horizon avec la complicit\u00e9 de la <strong>tablette<\/strong>\u00a0: les soins \u00e0 domicile et la t\u00e9l\u00e9surveillance.<\/p>\n<p><!--more--><\/p>\n<h4>La t\u00e9l\u00e9vigilance<\/h4>\n<p style=\"text-align: justify;\"><img loading=\"lazy\" decoding=\"async\" class=\"size-full wp-image-43970 aligncenter\" src=\"https:\/\/cimbcc.org\/test2\/wp-content\/uploads\/chip_2023_04_tablette_1.jpg\" alt=\"\" width=\"147\" height=\"104\" \/>D\u2019entr\u00e9e de jeu, je n\u2019aime pas le terme \u00ab\u00a0<a href=\"https:\/\/fr.wikipedia.org\/wiki\/T%C3%A9l%C3%A9surveillance\" target=\"_blank\" rel=\"noopener\"><em>t\u00e9l\u00e9surveillance<\/em><\/a>\u00a0\u00bb qui, selon moi, est une mauvaise traduction de \u00ab\u00a0<em>telemonitoring<\/em>\u00a0\u00bb (terme anglais exact\u00a0: <em>Remote Patient Monitoring<\/em>). \u00c9voqu\u00e9 de cette fa\u00e7on, nous avons une impression d\u2019un outil r\u00e9pressif \u00e0 connotation polici\u00e8re.<\/p>\n<p style=\"text-align: justify;\">J\u2019utiliserais plut\u00f4t un terme du type \u00ab\u00a0<strong><em>t\u00e9l\u00e9vigilance<\/em><\/strong> \u00bb. Soyons clairs ! Il n\u2019y aura pas une personne qui vous \u00e9piera \u00e0 longueur de journ\u00e9e\u00a0 pour vous observer et poser un jugement lors de chacune de vos actions. Mais pensons plut\u00f4t \u00e0 une interface qui n\u2019affecte pas le confort de la personne et qui \u00e9met des signaux d\u2019alerte lorsqu\u2019un indicateur de sant\u00e9 important tend vers la dangerosit\u00e9.<\/p>\n<p style=\"text-align: justify;\">Selon <a href=\"https:\/\/www.oiiq.org\/la-telesurveillance-une-solution-pour-les-soins-a-domicile\" target=\"_blank\" rel=\"noopener\">cet article<\/a> du site Web de l&rsquo;Ordre des infirmi\u00e8res et infirmiers du Qu\u00e9bec (OIIQ) :<em> \u00ab Le vieillissement de la population est associ\u00e9 \u00e0 une pr\u00e9valence \u00e9lev\u00e9e de maladies chroniques et de <a href=\"https:\/\/fr.wikipedia.org\/wiki\/Comorbidit%C3%A9\" target=\"_blank\" rel=\"noopener\">comorbidit\u00e9s<\/a>, ce qui induit une pression significative sur la demande en soins de sant\u00e9. Concr\u00e8tement, plus de 40 000 personnes au Qu\u00e9bec sont en attente pour des soins \u00e0 domicile.<\/em> \u00bb<\/p>\n<p style=\"text-align: justify;\">Un simple coup d\u2019\u0153il \u00e0 l\u2019actualit\u00e9 nous fait r\u00e9aliser la surutilisation des employ\u00e9s m\u00e9dicaux ainsi que la p\u00e9nurie de main-d\u2019\u0153uvre. Cette situation oblige le milieu \u00e0 trouver des solutions innovatrices, hors de la bo\u00eete. Derni\u00e8rement, il y a eu cette lev\u00e9e de boucliers de la part des syndicats lorsque le gouvernement a fait une annonce vers un volet num\u00e9rique \u00e0 distance.<\/p>\n<p style=\"text-align: justify;\">En fait, les communications parlaient plut\u00f4t de <a href=\"https:\/\/ici.radio-canada.ca\/nouvelle\/1862749\/projet-pilote-teleconsultation-tablettes-infirmieres-ipads-chsld-nuit-garde-mobile-quebec-msss\" target=\"_blank\" rel=\"noopener\">t\u00e9l\u00e9consultation<\/a>\u00a0et non de <strong><em>t\u00e9l\u00e9vigilance<\/em><\/strong>. Je suis d\u2019accord que des assistants vocaux (<strong><em>tablettes<\/em><\/strong>) combin\u00e9s \u00e0 divers gadgets \u00e9lectroniques connect\u00e9s ne peuvent rivaliser avec la comp\u00e9tence de nos infirmi\u00e8res et infirmiers. Ils ne remplaceront pas la partie humaine du jugement, du diagnostic et de la prescription.<\/p>\n<p style=\"text-align: justify;\">Mais posons-nous la question de la pertinence de toutes les visites \u00e0 domicile organis\u00e9es \u00e0 l\u2019avance. Ces derni\u00e8res se r\u00e9sument souvent \u00e0 poser les m\u00eames questions protocolaires et \u00e0 prendre les m\u00eames signes vitaux.<\/p>\n<p style=\"text-align: justify;\">Et, sans la connaissance de ces donn\u00e9es avant la visite, comment peut-on \u00eatre convaincu d\u2019apporter le bon \u00e9quipement ? Avec des outils de t\u00e9l\u00e9vigilance connect\u00e9s, les visites pourraient n\u2019\u00eatre faites que lorsqu&rsquo;elles s&rsquo;av\u00e8rent n\u00e9cessaires. La personne en soutien saura alors \u00e0 quoi s\u2019attendre, se garantissant des outils appropri\u00e9s.<\/p>\n<p style=\"text-align: justify;\">Comme le mentionne <a href=\"https:\/\/www.lapresse.ca\/actualites\/sante\/2023-03-28\/soutien-a-domicile\/un-ecosysteme-complexe-qui-n-atteint-pas-les-cibles-visees.php\" target=\"_blank\" rel=\"noopener\">cet article<\/a> de<em> La Presse : \u00ab On pourrait obtenir de meilleurs r\u00e9sultats si les ressources \u00e9taient mieux structur\u00e9es et allou\u00e9es et si on donnait plus de possibilit\u00e9s aux milieux locaux de d\u00e9velopper des situations ad\u00e9quates compte tenu des ressources qu\u2019elles ont \u00e0 leur disposition. \u00bb<\/em><\/p>\n<p style=\"text-align: justify;\">Sous l\u2019hypoth\u00e8se conservatrice de retirer une visite sur quatre, en raison de la condition stable de l\u2019usager, nous avons le potentiel de lib\u00e9rer le personnel infirmier pour effectuer 220\u00a0000 visites \u00e0 domicile de plus par ann\u00e9e vers de nouveaux usagers.<\/p>\n<p style=\"text-align: justify;\">Pensons aussi au maintien \u00e0 domicile des personnes qui ont des maladies chroniques. Ils n\u00e9cessitent une <a href=\"https:\/\/www.oiiq.org\/la-telesurveillance\" target=\"_blank\" rel=\"noopener\">vigilance infirmi\u00e8re<\/a> \u00e9troite pour v\u00e9rifier plusieurs param\u00e8tres mesurables afin de d\u00e9tecter la modification ou la d\u00e9gradation de l\u2019\u00e9tat de sant\u00e9 et ainsi g\u00e9n\u00e9rer des alertes, comme nous l&rsquo;explique Dr Philippe Voyer dans <a href=\"https:\/\/www.youtube.com\/watch?v=b8Ah65G_YhY\" target=\"_blank\" rel=\"noopener\">cet extrait vid\u00e9o<\/a>.<\/p>\n<h4>Les capteurs de la t\u00e9l\u00e9vigilance<\/h4>\n<p>Quels pourraient \u00eatre ces gadgets <strong><em>connect\u00e9s<\/em><\/strong> ?<\/p>\n<p><img loading=\"lazy\" decoding=\"async\" class=\"size-full wp-image-43974 aligncenter\" src=\"https:\/\/cimbcc.org\/test2\/wp-content\/uploads\/chip_2023_04_tablette_2.jpg\" alt=\"\" width=\"162\" height=\"162\" srcset=\"https:\/\/cimbcc.org\/test2\/wp-content\/uploads\/chip_2023_04_tablette_2.jpg 162w, https:\/\/cimbcc.org\/test2\/wp-content\/uploads\/chip_2023_04_tablette_2-150x150.jpg 150w, https:\/\/cimbcc.org\/test2\/wp-content\/uploads\/chip_2023_04_tablette_2-125x125.jpg 125w\" sizes=\"auto, (max-width: 162px) 100vw, 162px\" \/><\/p>\n<ul>\n<li style=\"text-align: justify;\">un assistant vocal (<strong><em>tablette<\/em><\/strong>) qui pose des questions objectives tous les matins et qui permet d\u2019enregistrer les r\u00e9ponses ;<\/li>\n<li style=\"text-align: justify;\">des objets qui vont alimenter la base de donn\u00e9es sur des param\u00e8tres biologiques retenus\u00a0:\n<ul style=\"list-style-type: circle;\">\n<li>telle qu\u2019une montre qui calculera la <a href=\"https:\/\/fr.wikipedia.org\/wiki\/Fr%C3%A9quence_cardiaque\" target=\"_blank\" rel=\"noopener\">fr\u00e9quence cardiaque<\/a>, la <a href=\"https:\/\/fr.wikipedia.org\/wiki\/Pression_art%C3%A9rielle\" target=\"_blank\" rel=\"noopener\">pression art\u00e9rielle<\/a>, la <a href=\"https:\/\/fr.wikipedia.org\/wiki\/Oxym%C3%A9trie_colorim%C3%A9trique\" target=\"_blank\" rel=\"noopener\">saturation en oxyg\u00e8ne<\/a>, le temps de sommeil, la <a href=\"https:\/\/fr.wikipedia.org\/wiki\/Temp%C3%A9rature_corporelle\" target=\"_blank\" rel=\"noopener\">temp\u00e9rature corporelle<\/a>, le niveau de stress ;<\/li>\n<li>un signal <a href=\"https:\/\/fr.wikipedia.org\/wiki\/Global_Positioning_System\" target=\"_blank\" rel=\"noopener\">GPS<\/a> sur une semelle, un m\u00e9daillon, une montre pouvant d\u00e9tecter une chute ou simplement la localisation dans le cas de <a href=\"https:\/\/fr.wikipedia.org\/wiki\/Trouble_cognitif\" target=\"_blank\" rel=\"noopener\">troubles cognitifs<\/a>\u00a0;<\/li>\n<\/ul>\n<\/li>\n<li style=\"text-align: justify;\">un <a href=\"https:\/\/fr.wikipedia.org\/wiki\/P%C3%A8se-personne\" target=\"_blank\" rel=\"noopener\">p\u00e8se-personne<\/a> connect\u00e9 pour v\u00e9rifier la variation de poids, avec une alerte si la personne oublie de l\u2019utiliser selon le rythme pr\u00e9\u00e9tabli ou si un \u00e9cart trop grand se concr\u00e9tise ;<\/li>\n<li style=\"text-align: justify;\">un moniteur de <a href=\"https:\/\/fr.wikipedia.org\/wiki\/Glyc%C3%A9mie\" target=\"_blank\" rel=\"noopener\">glyc\u00e9mie<\/a> ;<\/li>\n<li style=\"text-align: justify;\">un <a href=\"https:\/\/fr.wikipedia.org\/wiki\/Pilulier\" target=\"_blank\" rel=\"noopener\">pilulier<\/a> intelligent, avec alerte en ligne, si la personne oublie ;<\/li>\n<li style=\"text-align: justify;\">un d\u00e9tecteur radar, un peu comme les d\u00e9tecteurs de mouvement de nos syst\u00e8mes d\u2019alarme \u00e0 la maison, qui reconnait les chutes \u00e0 domicile.<\/li>\n<\/ul>\n<p style=\"text-align: justify;\">Et tout cela, naturellement, reli\u00e9 \u00e0 un tableau de bord r\u00e9sumant les donn\u00e9es et accessible \u00e0 un intervenant m\u00e9dical ou, peut-\u00eatre, \u00e0 un proche aidant. Dans <a href=\"https:\/\/www.youtube.com\/watch?v=jU5T_H9N3UY&amp;t=5s\" target=\"_blank\" rel=\"noopener\">cet autre extrait vid\u00e9o<\/a>, le Dr Voyer d\u00e9mystifie la technologie avec des exemples pratiques.<\/p>\n<p style=\"text-align: justify;\">J\u2019ai encore en t\u00eate toute notre inqui\u00e9tude r\u00e9cente lorsqu\u2019une personne nonag\u00e9naire, qui vit seule dans son appartement, est all\u00e9e souper avec une copine sans aviser ses enfants qui ont l\u2019habitude de l\u2019appeler quotidiennement sur son t\u00e9l\u00e9phone fixe. Il s\u2019en fallait de peu pour qu\u2019ils d\u00e9clenchent une alerte Amber !<\/p>\n<p style=\"text-align: justify;\">Vous vous en doutez, faire tourner le paquebot de la sant\u00e9, c\u2019est long\u00a0! Trop long ! D\u00e9sireux d\u2019avancer plus rapidement et inquiets lorsqu\u2019ils n\u2019ont pas de nouvelles de leur prot\u00e9g\u00e9, plusieurs aidants naturels ont choisi de se procurer personnellement une interface semblable, sans n\u00e9cessairement \u00eatre connect\u00e9s \u00e0 un organisme m\u00e9dical, souvent d\u00e9bord\u00e9, soulageant ainsi des entit\u00e9s comme les CIUSS ou les CHSLD.<\/p>\n<p style=\"text-align: justify;\">Eh bien oui! Un petit oiseau m\u2019a dit qu\u2019une entreprise envisage l\u2019\u00e9laboration d\u2019une telle interface pour proche aidant ou tout membre de la famille : \u00ab <em>Partout o\u00f9 vous serez, vous aurez acc\u00e8s aux informations retenues de votre prot\u00e9g\u00e9, en tout temps, au bout de vos doigts.<\/em> \u00bb<\/p>\n<p style=\"text-align: justify;\">Signalons qu\u2019au besoin, la cueillette d\u2019information pourrait \u00eatre t\u00e9l\u00e9vers\u00e9e vers un professionnel. Le proche aidant \u00e9tant ainsi inform\u00e9, d\u2019une part, son niveau d\u2019inqui\u00e9tude sera amoindri, d\u2019autre part, il pourra communiquer avec le prot\u00e9g\u00e9 s\u2019il y a une alerte qui ne demandait pas n\u00e9cessairement l\u2019intervention d\u2019un pr\u00e9pos\u00e9 m\u00e9dical, comme l\u2019oubli de prendre des m\u00e9dicaments ou de mesurer son poids.<\/p>\n<p style=\"text-align: justify;\"><a href=\"https:\/\/www.goodreads.com\/quotes\/566484-peace-begins-when-expectation-ends\" target=\"_blank\" rel=\"noopener\">Comme dit<\/a> <a href=\"https:\/\/fr.wikipedia.org\/wiki\/Sri_Chinmoy\" target=\"_blank\" rel=\"noopener\">Sri Chinmoy<\/a> : <em>\u00ab La Paix commence l\u00e0 o\u00f9 l\u2019attente se termine.\u00a0\u00bb<\/em><\/p>\n<p style=\"text-align: justify;\">Et la base de tout cela\u00a0: la <strong><em>tablette<\/em><\/strong> !<\/p>\n<h4>Votre opinion est sollicit\u00e9e<\/h4>\n<p style=\"text-align: justify;\">Mon petit oiseau, en fait, mon informateur, aimerait bien conna\u00eetre votre opinion sur ce projet de t\u00e9l\u00e9vigilance, afin de mieux l\u2019adapter \u00e0 notre r\u00e9alit\u00e9 :<\/p>\n<ul style=\"text-align: justify;\">\n<li>avenue int\u00e9ressante ou pas ;<\/li>\n<li>outils les plus importants selon vous ;<\/li>\n<li>les tabous ;<\/li>\n<li>les gains ;<\/li>\n<li>les r\u00e9ticences.<\/li>\n<\/ul>\n<p style=\"text-align: justify;\">Y aurait-il lieu d\u2019avoir une pr\u00e9sentation <em>D\u00e9couverte<\/em> sur ce sujet ?<\/p>\n<p style=\"text-align: justify;\"><span style=\"color: #ff0000;\"><strong> Laissez-nous svp un commentaire \u00e0 la fin de cet article pour nous guider.<\/strong><\/span><\/p>\n<h4>Une invitation pour le 26 avril 2023<\/h4>\n<p style=\"text-align: justify;\">Vous n\u2019\u00eates pas encore tout \u00e0 fait \u00e0 l\u2019aise dans l\u2019utilisation d\u2019une <strong><em>tablette<\/em><\/strong><em> ?<\/em>\u00a0Que cela ne tienne ! <strong><span style=\"color: #ff0000;\">Mercredi 26 avril<\/span> \u00e0 19 h 30<\/strong> sur Zoom, je ferai un tour d\u2019initiation \u00e0 l\u2019environnement <strong>iPad, <\/strong>dans le cadre d&rsquo;une pr\u00e9sentation de la <a href=\"https:\/\/cimbcc.org\/test2\/wp-content\/uploads\/calendrier_serie_facile.pdf\" target=\"_blank\" rel=\"noopener\">S\u00e9rie <em>Facile<\/em><\/a>.<\/p>\n<p style=\"text-align: justify;\">Nous n\u2019irons pas jusqu\u2019\u00e0 l\u2019utilisation des gadgets pr\u00e9cit\u00e9s, mais nous d\u00e9buterons avec son achat, sa premi\u00e8re ouverture, ses premiers r\u00e9glages, sa manipulation de base, mais, surtout, vos premiers accomplissements !<\/p>\n<p>Pierre Delisle<\/p>\n","protected":false},"excerpt":{"rendered":"<p>La tablette, quelle belle solution num\u00e9rique pour s\u2019informer et communiquer ! Beaucoup de gens s\u2019en servaient d\u00e9j\u00e0, mais la pand\u00e9mie a accentu\u00e9 de fa\u00e7on exponentielle son utilisation. D\u2019ailleurs, de nombreux centres de service ont mis de l\u2019avant des campagnes sp\u00e9ciales afin de s\u2019en procurer rapidement. Les nouveaux utilisateurs ont alors d\u00e9couvert un monde accessible et &hellip; <a href=\"https:\/\/cimbcc.org\/test2\/la-tablette-de-plus-en-plus-un-appareil-connecte-incontournable\/\" class=\"more-link\">Continuer la lecture de <span class=\"screen-reader-text\">La tablette\u00a0: de plus en plus un appareil connect\u00e9 incontournable<\/span>  <span class=\"meta-nav\">&rarr;<\/span><\/a><\/p>\n","protected":false},"author":43,"featured_media":0,"comment_status":"open","ping_status":"closed","sticky":false,"template":"","format":"standard","meta":{"footnotes":""},"categories":[402],"tags":[370,55,271,1813,105,1815,1814],"class_list":["post-43968","post","type-post","status-publish","format-standard","hentry","category-activites-du-club","tag-facile","tag-ipad","tag-presentations","tag-soins-a-domicile","tag-tablette","tag-teleconsultation","tag-televigilance"],"_links":{"self":[{"href":"https:\/\/cimbcc.org\/test2\/wp-json\/wp\/v2\/posts\/43968","targetHints":{"allow":["GET"]}}],"collection":[{"href":"https:\/\/cimbcc.org\/test2\/wp-json\/wp\/v2\/posts"}],"about":[{"href":"https:\/\/cimbcc.org\/test2\/wp-json\/wp\/v2\/types\/post"}],"author":[{"embeddable":true,"href":"https:\/\/cimbcc.org\/test2\/wp-json\/wp\/v2\/users\/43"}],"replies":[{"embeddable":true,"href":"https:\/\/cimbcc.org\/test2\/wp-json\/wp\/v2\/comments?post=43968"}],"version-history":[{"count":20,"href":"https:\/\/cimbcc.org\/test2\/wp-json\/wp\/v2\/posts\/43968\/revisions"}],"predecessor-version":[{"id":44097,"href":"https:\/\/cimbcc.org\/test2\/wp-json\/wp\/v2\/posts\/43968\/revisions\/44097"}],"wp:attachment":[{"href":"https:\/\/cimbcc.org\/test2\/wp-json\/wp\/v2\/media?parent=43968"}],"wp:term":[{"taxonomy":"category","embeddable":true,"href":"https:\/\/cimbcc.org\/test2\/wp-json\/wp\/v2\/categories?post=43968"},{"taxonomy":"post_tag","embeddable":true,"href":"https:\/\/cimbcc.org\/test2\/wp-json\/wp\/v2\/tags?post=43968"}],"curies":[{"name":"wp","href":"https:\/\/api.w.org\/{rel}","templated":true}]}}