{"id":43991,"date":"2023-04-27T19:00:17","date_gmt":"2023-04-27T23:00:17","guid":{"rendered":"https:\/\/cimbcc.org\/test2\/?p=43991"},"modified":"2023-10-16T22:10:26","modified_gmt":"2023-10-17T02:10:26","slug":"echos-du-conseil-dadministration-4-avril-2023","status":"publish","type":"post","link":"https:\/\/cimbcc.org\/test2\/echos-du-conseil-dadministration-4-avril-2023\/","title":{"rendered":"\u00c9chos du conseil d\u2019administration &#8211; 4 avril 2023"},"content":{"rendered":"<figure id=\"attachment_42359\" aria-describedby=\"caption-attachment-42359\" style=\"width: 536px\" class=\"wp-caption alignleft\"><img loading=\"lazy\" decoding=\"async\" class=\"size-full wp-image-42359\" src=\"https:\/\/cimbcc.org\/test2\/wp-content\/uploads\/photo_conseil_dadministration_2022_2023-e1668820290183.jpg\" alt=\"\" width=\"536\" height=\"267\" srcset=\"https:\/\/cimbcc.org\/test2\/wp-content\/uploads\/photo_conseil_dadministration_2022_2023-e1668820290183.jpg 536w, https:\/\/cimbcc.org\/test2\/wp-content\/uploads\/photo_conseil_dadministration_2022_2023-e1668820290183-300x149.jpg 300w\" sizes=\"auto, (max-width: 536px) 100vw, 536px\" \/><figcaption id=\"caption-attachment-42359\" class=\"wp-caption-text\">Dans l&rsquo;ordre habituel : Danielle Barab\u00e9, Nicole Comtois, R\u00e9jean C\u00f4t\u00e9, C\u00e9line Dufresne,<br \/>Michel Gagn\u00e9, Richard Gervais, Sylvie Mazur, Michel Paul<\/figcaption><\/figure>\n<p style=\"text-align: justify;\">La r\u00e9union du 4\u00a0avril a d\u00e9but\u00e9 par le choix de certaines activit\u00e9s destin\u00e9es \u00e0 c\u00e9l\u00e9brer le 40<sup>e<\/sup>\u00a0anniversaire du Club en 2023-2024. Walter Pearce, responsable des activit\u00e9s sociales du Club s\u2019\u00e9tait joint au conseil d\u2019administration pour ce point \u00e0 l\u2019ordre du jour.<\/p>\n<p style=\"text-align: justify;\">Ensuite, le conseil s\u2019est inform\u00e9, d\u2019une part, de l\u2019avancement des travaux r\u00e9alis\u00e9s pour permettre le retour des s\u00e9ances au Chalet Marie-Victorin et, d\u2019autre part, des services d\u2019assistance avant les s\u00e9ances tels qu\u2019adapt\u00e9s \u00e0 la situation.<\/p>\n<p style=\"text-align: justify;\">Deux activit\u00e9s ont aussi retenu l\u2019attention du conseil parce qu\u2019elles pr\u00e9sentent des besoins particuliers\u00a0: l\u2019assistance par courriel et l\u2019atelier de recyclage de mat\u00e9riel informatique.<\/p>\n<p style=\"text-align: justify;\">Le Club informatique Mont-Bruno se caract\u00e9rise par le partage de connaissances et par l\u2019entraide entre ses membres. Ses activit\u00e9s sont possibles uniquement gr\u00e2ce \u00e0 la collaboration de ses b\u00e9n\u00e9voles. Or, le Club recherche des b\u00e9n\u00e9voles pour combler certains besoins identifi\u00e9s \u00e0 la fin de cette chronique.<\/p>\n<p style=\"text-align: justify;\">Enfin, notons que depuis quelques s\u00e9ances d\u00e9j\u00e0, le conseil d\u2019administration accueille les b\u00e9n\u00e9voles Pierre Jutras et Daniel Vinet qui participent \u00e0 nos travaux. Denise Baillargeon \u00e9tait aussi pr\u00e9sente \u00e0 la r\u00e9union du 4\u00a0avril.<\/p>\n<p><!--more--><\/p>\n<hr \/>\n<h4><strong>Le 40<sup>e<\/sup>\u00a0anniversaire du club<\/strong><\/h4>\n<p style=\"text-align: justify;\">En septembre 2023, le Club aura 40\u00a0ans. Le conseil d\u2019administration a retenu quelques activit\u00e9s pour marquer cet anniversaire, par exemple\u00a0: mettre \u00e0 jour <a href=\"https:\/\/cimbcc.org\/test2\/a-propos-du-club\/histoire-du-club\" target=\"_blank\" rel=\"noopener\">l\u2019histoire du Club<\/a>, tirer au sort des adh\u00e9sions gratuites pour l\u2019ann\u00e9e suivante, inviter le public \u00e0 assister \u00e0 certaines s\u00e9ances particuli\u00e8rement populaires, faire la promotion du Club dans les journaux locaux, organiser un souper de No\u00ebl festif. Les membres seront inform\u00e9s au moment opportun des diverses activit\u00e9s retenues.<\/p>\n<hr \/>\n<h4><strong>Les s\u00e9ances du mercredi et du vendredi<\/strong><\/h4>\n<p style=\"text-align: justify;\">Les probl\u00e8mes techniques qui ont rendu impossible la tenue des s\u00e9ances du vendredi en mode hybride, au Chalet Marie-Victorin, font l\u2019objet de recherche de solutions avec les responsables de la Ville. Depuis la derni\u00e8re r\u00e9union, des tests ont \u00e9t\u00e9 r\u00e9alis\u00e9s sous la responsabilit\u00e9 de Pierre Jutras, mais il reste encore des \u00e9l\u00e9ments insatisfaisants.<\/p>\n<p style=\"text-align: justify;\">Le conseil d\u2019administration esp\u00e8re que ces difficult\u00e9s seront surmont\u00e9es et qu\u2019il sera possible de tenir de nouveau nos s\u00e9ances en salle, l\u2019automne prochain, tout en continuant \u00e0 rendre nos pr\u00e9sentations accessibles en ligne, le mercredi soir et le vendredi apr\u00e8s-midi.<\/p>\n<hr \/>\n<h4><strong>L\u2019assistance avant les s\u00e9ances<\/strong><\/h4>\n<p style=\"text-align: justify;\"><span style=\"color: #ff0000;\">Jusqu\u2019au 26\u00a0avril inclusivement<\/span>, les b\u00e9n\u00e9voles de <a href=\"https:\/\/cimbcc.org\/test2\/entraide\/lassistance-avant-les-seances\" target=\"_blank\" rel=\"noopener\">l\u2019assistance avant les s\u00e9ances<\/a> accueilleront les membres qui ont besoin d\u2019aide au <a href=\"https:\/\/stbruno.ca\/loisirs-et-culture\/centre-communautaire\/\" target=\"_blank\" rel=\"noopener\">centre communautaire de Saint-Bruno<\/a>, le mercredi apr\u00e8s-midi, de 13\u00a0heures \u00e0 16\u00a0heures.<\/p>\n<p style=\"text-align: justify;\">Lorsque les s\u00e9ances reprendront au Chalet Marie-Victorin, l\u2019automne prochain, l\u2019assistance sera de nouveau offerte avant le d\u00e9but des pr\u00e9sentations. Sinon, le service pourra encore \u00eatre offert au centre communautaire comme maintenant.<\/p>\n<p style=\"text-align: justify;\">Le responsable de ce service, Michel C\u00f4t\u00e9 est aussi \u00e0 la recherche de b\u00e9n\u00e9voles capables offrir de l\u2019aide aux membres qui ont des produits Apple.<\/p>\n<hr \/>\n<h4><strong>Nouvelles des b\u00e9n\u00e9voles<\/strong><\/h4>\n<p style=\"text-align: justify;\">R\u00e9jean C\u00f4t\u00e9 \u00e9tait heureux d\u2019annoncer que M<sup>me<\/sup>\u00a0Chantal Lemay de la <a href=\"https:\/\/www.banq.qc.ca\/\" target=\"_blank\" rel=\"noopener\">BAnQ<\/a> fera une pr\u00e9sentation sur les balados, l\u2019automne prochain. Cette pr\u00e9sentation sera r\u00e9p\u00e9t\u00e9e l\u2019hiver suivant.<\/p>\n<p style=\"text-align: justify;\">M<sup>me<\/sup>\u00a0Denise Baillargeon s\u2019est r\u00e9cemment propos\u00e9e pour faire une pr\u00e9sentation l\u2019an prochain, pour \u00e9crire des articles pour le CHIP et pour participer \u00e0 d\u2019autres activit\u00e9s du Club.<\/p>\n<p style=\"text-align: justify;\">Le conseil d\u2019administration est toujours heureux d\u2019accueillir de nouveaux b\u00e9n\u00e9voles, mais il tient aussi \u00e0 rendre hommage \u00e0 ceux qui ont consacr\u00e9 leur \u00e9nergie et leur temps au service des membres. Il profitera de la <strong>soir\u00e9e des membres du <span style=\"color: #ff0000;\">mercredi\u00a03\u00a0mai<\/span><\/strong> pour annoncer qu\u2019il accorde le statut de membre honoraire \u00e0 une b\u00e9n\u00e9vole dont la contribution exceptionnelle m\u00e9rite d\u2019\u00eatre mise en \u00e9vidence. Il soulignera aussi la collaboration soutenue de b\u00e9n\u00e9voles qui f\u00eatent 5, 10, 15 et m\u00eame 20\u00a0ans de b\u00e9n\u00e9volat au Club.<\/p>\n<hr \/>\n<h4><strong>L\u2019assistance par courriel<\/strong><\/h4>\n<p style=\"text-align: justify;\">Le conseil d\u2019administration a re\u00e7u un appel \u00e0 l\u2019aide de Jacques Lalibert\u00e9 qui est seul avec C\u00e9line Dion \u00e0 r\u00e9pondre aux demandes portant sur des probl\u00e8mes et des applications de l\u2019environnement Windows. R\u00e9jean C\u00f4t\u00e9, Pierre Jutras et Michel Paul se sont propos\u00e9s pour \u00e9pauler Jacques et C\u00e9line dans l\u2019imm\u00e9diat.<\/p>\n<p style=\"text-align: justify;\">De nouveaux collaborateurs cependant sont n\u00e9cessaires pour reformer l\u2019\u00e9quipe de <a href=\"https:\/\/cimbcc.org\/test2\/entraide\/lassistance-par-courriel\" target=\"_blank\" rel=\"noopener\">l\u2019assistance par courriel<\/a> et pour prendre la rel\u00e8ve de Jacques Lalibert\u00e9 qui a annonc\u00e9 sa d\u00e9mission prochaine.<\/p>\n<hr \/>\n<h4><strong>Le recyclage de mat\u00e9riel informatique<\/strong><\/h4>\n<p style=\"text-align: justify;\"><a href=\"https:\/\/cimbcc.org\/test2\/autres-services\/le-soutien-a-la-recuperation-de-materiel-informatique\" target=\"_blank\" rel=\"noopener\">L\u2019atelier de recyclage<\/a> n\u2019a plus acc\u00e8s au mat\u00e9riel informatique d\u00e9pos\u00e9 \u00e0 l\u2019<a href=\"https:\/\/stbruno.ca\/citoyens\/collectes\/ecocentre\/\" target=\"_blank\" rel=\"noopener\">\u00c9cocentre Saint-Bruno<\/a> parce qu\u2019un d\u00e9cret r\u00e9cent du gouvernement du Qu\u00e9bec restreint cet acc\u00e8s aux organismes d\u00fbment reconnus par <em>l\u2019<a href=\"https:\/\/arpe.ca\/\" target=\"_blank\" rel=\"noopener\">Association pour le recyclage des produits \u00e9lectroniques<\/a><\/em> (ARPE). Par cons\u00e9quent, les b\u00e9n\u00e9voles de l\u2019atelier ne peuvent recycler que le mat\u00e9riel d\u00e9pos\u00e9 directement \u00e0 l\u2019atelier.<\/p>\n<p style=\"text-align: justify;\">Actuellement, les ordinateurs portables remis \u00e0 neuf sont en rupture de stock, mais l\u2019atelier dispose encore d\u2019un vaste choix d\u2019ordinateurs de bureau, d\u2019\u00e9crans, de claviers et de disques durs externes. Le public peut donc encore se rendre \u00e0 l\u2019atelier aux heures habituelles pour acqu\u00e9rir du mat\u00e9riel \u00e9lectronique pour un prix minime.<\/p>\n<p style=\"text-align: justify;\">Pour faciliter l\u2019approvisionnement de l\u2019atelier, Jean-Marie Turcotte, Richard Gervais et Michel Gagn\u00e9 ont pr\u00e9par\u00e9 une demande d\u2019accr\u00e9ditation qui a \u00e9t\u00e9 soumise \u00e0 l\u2019ARPE. Le montant exig\u00e9 par l\u2019ARPE pour l\u2019\u00e9valuation de la demande a \u00e9t\u00e9 pay\u00e9 par la Ville de Saint-Bruno, pr\u00e9cieux partenaire du Club que le conseil d\u2019administration remercie. Nous ignorons quand l\u2019ARPE fera conna\u00eetre sa d\u00e9cision, mais d\u00e8s que l\u2019accr\u00e9ditation de l\u2019atelier sera confirm\u00e9e, il lui sera de nouveau possible de s\u2019approvisionner \u00e0 l\u2019\u00c9cocentre.<\/p>\n<p style=\"text-align: justify;\">Le conseil d\u2019administration et les b\u00e9n\u00e9voles de l\u2019atelier ont fait l\u2019\u00e9loge de Richard Gervais dont la contribution \u00e0 la r\u00e9daction du rapport d\u00e9pos\u00e9 \u00e0 l\u2019ARPE a conf\u00e9r\u00e9 \u00e0 celui-ci une qualit\u00e9 professionnelle impressionnante.<\/p>\n<hr \/>\n<h4><strong>B\u00e9n\u00e9voles recherch\u00e9s<\/strong><\/h4>\n<p style=\"text-align: justify;\">Pour ne pas \u00e9puiser les b\u00e9n\u00e9voles actuels et assurer la qualit\u00e9 de ses activit\u00e9s,\u00a0<strong>le Club a besoin de b\u00e9n\u00e9voles additionnels<\/strong>\u00a0avec des exp\u00e9riences de gestion et des connaissances techniques.<\/p>\n<p style=\"text-align: justify;\">En particulier, le Club est \u00e0 la recherche de b\u00e9n\u00e9voles qui peuvent\u00a0:<\/p>\n<ul>\n<li style=\"text-align: justify;\">assurer le soutien technique lors <a href=\"https:\/\/cimbcc.org\/test2\/nous-joindre\/nous-joindre-les-presentations-du-mercredi-et-du-vendredi\" target=\"_blank\" rel=\"noopener\">de s\u00e9ances hybrides du vendredi<\/a> apr\u00e8s-midi ;<\/li>\n<li style=\"text-align: justify;\">faire des <a href=\"https:\/\/cimbcc.org\/test2\/nous-joindre\/nous-joindre-les-presentations-du-mercredi-et-du-vendredi\" target=\"_blank\" rel=\"noopener\">pr\u00e9sentations<\/a> ou animer des <a href=\"https:\/\/cimbcc.org\/test2\/nous-joindre\/nous-joindre-les-ateliers\" target=\"_blank\" rel=\"noopener\">ateliers <\/a>;<\/li>\n<li style=\"text-align: justify;\">r\u00e9pondre \u00e0 des questions techniques envoy\u00e9es au groupe <a href=\"https:\/\/cimbcc.org\/test2\/nous-joindre\/nous-joindre-questions-techniques\" target=\"_blank\" rel=\"noopener\">d\u2019assistance par courriel <\/a>;<\/li>\n<li style=\"text-align: justify;\">r\u00e9diger des articles pour le <a href=\"https:\/\/cimbcc.org\/test2\/nous-joindre\/nous-joindre-le-chip\" target=\"_blank\" rel=\"noopener\">CHIP<\/a> ;<\/li>\n<li style=\"text-align: justify;\">dans le cadre de <a href=\"https:\/\/cimbcc.org\/test2\/entraide\/lassistance-avant-les-seances\" target=\"_blank\" rel=\"noopener\">l\u2019assistance avant les s\u00e9ances<\/a>, r\u00e9pondre \u00e0 des questions sur l\u2019utilisation des produits Apple ;<\/li>\n<li style=\"text-align: justify;\">assurer la responsabilit\u00e9 de l\u2019\u00e9quipe <a href=\"https:\/\/cimbcc.org\/test2\/autres-services\/adhesion-telephonique-et-accompagnement\" target=\"_blank\" rel=\"noopener\">d\u2019assistance t\u00e9l\u00e9phonique et accompagnemen<\/a>t.<\/li>\n<\/ul>\n<p style=\"text-align: justify;\">Le conseil d\u2019administration invite ceux et celles qui souhaitent se joindre \u00e0 la formidable \u00e9quipe des b\u00e9n\u00e9voles du Club \u00e0 se faire conna\u00eetre en suivant les hyperliens ci-dessus ou en envoyant un courriel \u00e0 <a href=\"mailto:cimbcc@cimbcc.org\" target=\"_blank\" rel=\"noopener\">cimbcc@cimbcc.org<\/a>.<\/p>\n<p>Sylvie\u00a0Mazur, secr\u00e9taire du conseil d\u2019administration<\/p>\n","protected":false},"excerpt":{"rendered":"<p>La r\u00e9union du 4\u00a0avril a d\u00e9but\u00e9 par le choix de certaines activit\u00e9s destin\u00e9es \u00e0 c\u00e9l\u00e9brer le 40e\u00a0anniversaire du Club en 2023-2024. Walter Pearce, responsable des activit\u00e9s sociales du Club s\u2019\u00e9tait joint au conseil d\u2019administration pour ce point \u00e0 l\u2019ordre du jour. Ensuite, le conseil s\u2019est inform\u00e9, d\u2019une part, de l\u2019avancement des travaux r\u00e9alis\u00e9s pour permettre &hellip; <a href=\"https:\/\/cimbcc.org\/test2\/echos-du-conseil-dadministration-4-avril-2023\/\" class=\"more-link\">Continuer la lecture de <span class=\"screen-reader-text\">\u00c9chos du conseil d\u2019administration &#8211; 4 avril 2023<\/span>  <span class=\"meta-nav\">&rarr;<\/span><\/a><\/p>\n","protected":false},"author":43,"featured_media":0,"comment_status":"open","ping_status":"closed","sticky":false,"template":"","format":"standard","meta":{"footnotes":""},"categories":[386],"tags":[1816,1817,231,232,126,945,1487,1675,1647,763],"class_list":["post-43991","post","type-post","status-publish","format-standard","hentry","category-echos-du-conseil-dadministration","tag-40e-anniversaire","tag-arpe","tag-assistance-avant-les-seances","tag-assistance-par-courriel","tag-benevoles","tag-centre-communautaire","tag-salle-marie-victorin","tag-presentations-hybrides","tag-recuperation-de-materiel-informatique","tag-soiree-des-membres"],"_links":{"self":[{"href":"https:\/\/cimbcc.org\/test2\/wp-json\/wp\/v2\/posts\/43991","targetHints":{"allow":["GET"]}}],"collection":[{"href":"https:\/\/cimbcc.org\/test2\/wp-json\/wp\/v2\/posts"}],"about":[{"href":"https:\/\/cimbcc.org\/test2\/wp-json\/wp\/v2\/types\/post"}],"author":[{"embeddable":true,"href":"https:\/\/cimbcc.org\/test2\/wp-json\/wp\/v2\/users\/43"}],"replies":[{"embeddable":true,"href":"https:\/\/cimbcc.org\/test2\/wp-json\/wp\/v2\/comments?post=43991"}],"version-history":[{"count":3,"href":"https:\/\/cimbcc.org\/test2\/wp-json\/wp\/v2\/posts\/43991\/revisions"}],"predecessor-version":[{"id":43993,"href":"https:\/\/cimbcc.org\/test2\/wp-json\/wp\/v2\/posts\/43991\/revisions\/43993"}],"wp:attachment":[{"href":"https:\/\/cimbcc.org\/test2\/wp-json\/wp\/v2\/media?parent=43991"}],"wp:term":[{"taxonomy":"category","embeddable":true,"href":"https:\/\/cimbcc.org\/test2\/wp-json\/wp\/v2\/categories?post=43991"},{"taxonomy":"post_tag","embeddable":true,"href":"https:\/\/cimbcc.org\/test2\/wp-json\/wp\/v2\/tags?post=43991"}],"curies":[{"name":"wp","href":"https:\/\/api.w.org\/{rel}","templated":true}]}}