{"id":43995,"date":"2023-05-02T21:00:11","date_gmt":"2023-05-03T01:00:11","guid":{"rendered":"https:\/\/cimbcc.org\/test2\/?p=43995"},"modified":"2023-10-16T22:10:26","modified_gmt":"2023-10-17T02:10:26","slug":"problemes-possibles-avec-vos-courriels-hotmail-live-ou-outlook-com-de-meme-quun-portable-interessant-a-250","status":"publish","type":"post","link":"https:\/\/cimbcc.org\/test2\/problemes-possibles-avec-vos-courriels-hotmail-live-ou-outlook-com-de-meme-quun-portable-interessant-a-250\/","title":{"rendered":"Probl\u00e8mes possibles avec vos courriels Hotmail, Live ou Outlook.com de m\u00eame qu&rsquo;un portable int\u00e9ressant \u00e0 250 $"},"content":{"rendered":"<figure id=\"attachment_24081\" aria-describedby=\"caption-attachment-24081\" style=\"width: 125px\" class=\"wp-caption aligncenter\"><img loading=\"lazy\" decoding=\"async\" class=\"size-full wp-image-24081\" src=\"https:\/\/cimbcc.org\/test2\/wp-content\/uploads\/photo_charron_denis.jpg\" alt=\"\" width=\"125\" height=\"125\" \/><figcaption id=\"caption-attachment-24081\" class=\"wp-caption-text\"><span style=\"color: #ffffff;\">mmm<\/span>Denis Charron<\/figcaption><\/figure>\n<p style=\"text-align: justify;\">Si vous avez des probl\u00e8mes avec vos courriels Hotmail, Live ou Outlook.com, il s&rsquo;agit peut-\u00eatre de la saturation de votre espace de stockage faisant suite \u00e0 des changements r\u00e9cents chez Microsoft.<\/p>\n<p style=\"text-align: justify;\">L&rsquo;utilisation d&rsquo;un compte Boomerang chez Insertech pourrait vous faire \u00e9conomiser \u00e0 l&rsquo;achat d&rsquo;un ordinateur d&rsquo;occasion.<\/p>\n<p><!--more--><\/p>\n<hr \/>\n<h4>Modification pour OneDrive et Outlook.com<\/h4>\n<p style=\"text-align: justify;\">Il y a quelques semaines, Pierre Delisle publiait un article intitul\u00e9 <a href=\"https:\/\/cimbcc.org\/test2\/attention-plusieurs-comptes-outlook-et-hotmail-paralyses\" target=\"_blank\" rel=\"noopener\">Attention ! Plusieurs comptes Outlook et Hotmail paralys\u00e9s !<\/a> \u00c0 titre de rappel pour ceux et celles qui auraient manqu\u00e9 cette nouvelle, voici deux articles du site Web de Fran\u00e7ois Charron sur ce changement important r\u00e9alis\u00e9 chez Microsoft, modification peut-\u00eatre pass\u00e9e sous le radar de plusieurs personnes.<\/p>\n<p style=\"text-align: justify;\">Il y a eu fusion de l&rsquo;espace de stockage de Outlook.com et de OneDrive. Microsoft a d\u00e9cid\u00e9 d&rsquo;ajouter les pi\u00e8ces jointes contenues dans votre courriel Outlook.com \u00e0 OneDrive. Comme l&rsquo;espace gratuit ne compte que 5 gigaoctets (Go) au total, plusieurs personnes ont soudainement d\u00e9pass\u00e9 cette limite, ceci causant plusieurs probl\u00e8mes avec leur courriel Outlook.com. <a href=\"https:\/\/francoischarron.com\/sur-le-web\/trucs-conseils\/le-stockage-doutlook-et-de-onedrive-fusionnent-comment-verifier-sa-quantite-de-donnees-restante\/djfsZSw8cR\/\" target=\"_blank\" rel=\"noopener\">Dans cet article<\/a>, Fran\u00e7ois Charron explique comment v\u00e9rifier la quantit\u00e9 d&rsquo;espace qu&rsquo;il vous reste.<\/p>\n<p style=\"text-align: justify;\">Si Microsoft vous avise que vous avez d\u00e9pass\u00e9 votre limite de stockage de 5 Go, vous avez des choix \u00e0 faire :<\/p>\n<ol style=\"text-align: justify;\">\n<li>payer pour augmenter votre limite ;<\/li>\n<li>changer pour Gmail qui offre 15 Go gratuits ;<\/li>\n<li>faire du m\u00e9nage dans votre courriel Outlook.com.<\/li>\n<\/ol>\n<p style=\"text-align: justify;\">Avant de choisir une des deux premi\u00e8res solutions, lisez <a href=\"https:\/\/francoischarron.com\/sur-le-web\/trucs-conseils\/comment-liberer-de-lespace-de-stockage-sur-son-compte-outlook\/v03Y7H1DYQ\/\" target=\"_blank\" rel=\"noopener\">cet autre article<\/a> de Fran\u00e7ois Charron vous expliquant comment lib\u00e9rer de l&rsquo;espace de stockage.<\/p>\n<hr \/>\n<h4>Un portable int\u00e9ressant \u00e0 250 $<\/h4>\n<p style=\"text-align: justify; padding-left: 40px;\"><em>Comme mentionn\u00e9 dans les <a href=\"https:\/\/cimbcc.org\/test2\/echos-du-conseil-dadministration-4-avril-2023\" target=\"_blank\" rel=\"noopener\">\u00c9chos du CA du 4 avril 2023<\/a>, l&rsquo;<a href=\"https:\/\/cimbcc.org\/test2\/autres-services\/le-soutien-a-la-recuperation-de-materiel-informatique\" target=\"_blank\" rel=\"noopener\">atelier de recyclage<\/a> du CIMBCC ne peut plus s&rsquo;approvisionner en mat\u00e9riel \u00e9lectronique usag\u00e9 \u00e0 l&rsquo;<a href=\"https:\/\/stbruno.ca\/citoyens\/collectes\/ecocentre\/\" target=\"_blank\" rel=\"noopener\">\u00c9cocentre Saint-Bruno<\/a> en attendant sa reconnaissance prochaine aupr\u00e8s de l&rsquo;<a href=\"https:\/\/arpe.ca\/\" target=\"_blank\" rel=\"noopener\">Association pour le recyclage des produits \u00e9lectroniques<\/a>. Par cons\u00e9quent, les ordinateurs portables remis \u00e0 neuf sont en rupture de stock, m\u00eame s&rsquo;il est encore possible de retrouver \u00e0 l&rsquo;<a href=\"https:\/\/cimbcc.org\/test2\/autres-services\/le-soutien-a-la-recuperation-de-materiel-informatique\" target=\"_blank\" rel=\"noopener\">atelier<\/a> sis au 1595, rue de Montarville \u00e0\u00a0 Saint-Bruno, des ordinateurs de bureau, des \u00e9crans, des claviers et des disques durs externes.<\/em><\/p>\n<p style=\"text-align: justify;\">Malgr\u00e9 cette mise en contexte, si vous avez besoin d&rsquo;un bon portable, <a href=\"https:\/\/francoischarron.com\/sur-le-web\/economies-rabais\/cet-ordinateur-de-qualite-entreprise-reconditionne-vous-coutera-moins-que-250\/DUhi7yekFI\/\" target=\"_blank\" rel=\"noopener\">cette offre pr\u00e9sent\u00e9e<\/a> sur le site Web de Fran\u00e7ois Charron pourrait vous peut-\u00eatre vous int\u00e9resser en plus de constituer un bon geste pour la plan\u00e8te.<\/p>\n<p style=\"text-align: justify;\">La compagnie <a href=\"https:\/\/www.insertech.ca\/\" target=\"_blank\" rel=\"noopener\">Insertech<\/a> de Montr\u00e9al recycle des appareils informatiques depuis 20 ans et comme c&rsquo;est une entreprise \u00e0 but non lucratif, vous n&rsquo;avez pas de taxes \u00e0 payer lors d&rsquo;un achat.<\/p>\n<p style=\"text-align: justify;\">De plus, en faisant une acquisition par l&rsquo;entremise du club qu\u00e9b\u00e9cois <a href=\"https:\/\/boomerang.club\/\" target=\"_blank\" rel=\"noopener\">Boomerang<\/a>, vous pourriez obtenir un rabais additionnel.<\/p>\n<p>Denis Charron<\/p>\n<hr \/>\n<h4><strong>Note de l&rsquo;\u00e9diteur<\/strong><\/h4>\n<p style=\"text-align: justify;\">Si vous voulez utiliser <a href=\"https:\/\/fr.wikipedia.org\/wiki\/Windows_11\" target=\"_blank\" rel=\"noopener\"><strong>Windows 11<\/strong><\/a>, vous devez consid\u00e9rer la g\u00e9n\u00e9ration du microprocesseur lors du magasinage pour un ordinateur d&rsquo;occasion. Microsoft propose les listes suivantes pour les microprocesseurs <a href=\"https:\/\/learn.microsoft.com\/fr-fr\/windows-hardware\/design\/minimum\/supported\/windows-10-21h2-supported-intel-processors?source=recommendations\" target=\"_blank\" rel=\"noopener\">Intel<\/a> et <a href=\"https:\/\/learn.microsoft.com\/fr-fr\/windows-hardware\/design\/minimum\/supported\/windows-11-supported-amd-processors?source=recommendations\" target=\"_blank\" rel=\"noopener\">AMD<\/a> permettant l&rsquo;installation officielle de Windows 11.<\/p>\n<p style=\"text-align: justify;\">Il est possible contourner cette sp\u00e9cification pour installer officieusement Windows 11 sur un ordinateur non pris en charge par Microsoft comme l&rsquo;explique, entre autres, <a href=\"https:\/\/www.journaldunet.fr\/web-tech\/guide-de-l-entreprise-digitale\/1502527-windows-11-gratuit-nouveautes-installation-configuration-pc-031022\/\" target=\"_blank\" rel=\"noopener\">cet article<\/a> du site Web <em>JDN.<\/em> Toutefois, il faut alors, par exemple, modifier le <a href=\"https:\/\/fr.wikipedia.org\/wiki\/Base_de_registre\" target=\"_blank\" rel=\"noopener\">registre de Windows<\/a>, ce qui devrait \u00eatre r\u00e9alis\u00e9 seulement par un utilisateur averti, comme pr\u00e9sent\u00e9 <a href=\"https:\/\/www.commentcamarche.net\/informatique\/windows\/1683-installer-windows-11-sur-un-pc-non-compatible\/\" target=\"_blank\" rel=\"noopener\">dans cet article<\/a> du site Web <em>Comment\u00c7aMarche<\/em>.<\/p>\n<p style=\"text-align: justify;\">Par ailleurs, la <a href=\"https:\/\/fr.wikipedia.org\/wiki\/Historique_des_versions_de_Windows_10\" target=\"_blank\" rel=\"noopener\">version 22H2<\/a> et sa mise \u00e0 jour seraient les derni\u00e8res avant la fin de <a href=\"https:\/\/fr.wikipedia.org\/wiki\/Windows_10\" target=\"_blank\" rel=\"noopener\"><strong>Windows\u00a010<\/strong><\/a> pr\u00e9vue pour le 14 octobre 2025, selon <a href=\"https:\/\/www.phonandroid.com\/windows-10-ca-sent-la-fin-microsoft-arrete-les-mises-a-jour-majeures-du-systeme-dexploitation.html#:~:text=Pour%20l'occasion%2C%20Microsoft%20a,programm%C3%A9e%20au%2014%20octobre%202025.\" target=\"_blank\" rel=\"noopener\">cet article<\/a> du site Web <em>Phonandroid<\/em>.<\/p>\n<p>R. Gervais<\/p>\n","protected":false},"excerpt":{"rendered":"<p>Si vous avez des probl\u00e8mes avec vos courriels Hotmail, Live ou Outlook.com, il s&rsquo;agit peut-\u00eatre de la saturation de votre espace de stockage faisant suite \u00e0 des changements r\u00e9cents chez Microsoft. L&rsquo;utilisation d&rsquo;un compte Boomerang chez Insertech pourrait vous faire \u00e9conomiser \u00e0 l&rsquo;achat d&rsquo;un ordinateur d&rsquo;occasion.<\/p>\n","protected":false},"author":43,"featured_media":0,"comment_status":"open","ping_status":"closed","sticky":false,"template":"","format":"standard","meta":{"footnotes":""},"categories":[403],"tags":[1821,96,1819,432,1820,1818,135,373,548],"class_list":["post-43995","post","type-post","status-publish","format-standard","hentry","category-applications","tag-club-boomerang","tag-courriel","tag-francois-charron","tag-hotmail","tag-insertech","tag-live","tag-microsoft","tag-onedrive","tag-outlook-com"],"_links":{"self":[{"href":"https:\/\/cimbcc.org\/test2\/wp-json\/wp\/v2\/posts\/43995","targetHints":{"allow":["GET"]}}],"collection":[{"href":"https:\/\/cimbcc.org\/test2\/wp-json\/wp\/v2\/posts"}],"about":[{"href":"https:\/\/cimbcc.org\/test2\/wp-json\/wp\/v2\/types\/post"}],"author":[{"embeddable":true,"href":"https:\/\/cimbcc.org\/test2\/wp-json\/wp\/v2\/users\/43"}],"replies":[{"embeddable":true,"href":"https:\/\/cimbcc.org\/test2\/wp-json\/wp\/v2\/comments?post=43995"}],"version-history":[{"count":20,"href":"https:\/\/cimbcc.org\/test2\/wp-json\/wp\/v2\/posts\/43995\/revisions"}],"predecessor-version":[{"id":44179,"href":"https:\/\/cimbcc.org\/test2\/wp-json\/wp\/v2\/posts\/43995\/revisions\/44179"}],"wp:attachment":[{"href":"https:\/\/cimbcc.org\/test2\/wp-json\/wp\/v2\/media?parent=43995"}],"wp:term":[{"taxonomy":"category","embeddable":true,"href":"https:\/\/cimbcc.org\/test2\/wp-json\/wp\/v2\/categories?post=43995"},{"taxonomy":"post_tag","embeddable":true,"href":"https:\/\/cimbcc.org\/test2\/wp-json\/wp\/v2\/tags?post=43995"}],"curies":[{"name":"wp","href":"https:\/\/api.w.org\/{rel}","templated":true}]}}