{"id":44248,"date":"2023-05-07T19:00:54","date_gmt":"2023-05-07T23:00:54","guid":{"rendered":"https:\/\/cimbcc.org\/test2\/?p=44248"},"modified":"2023-10-16T22:10:26","modified_gmt":"2023-10-17T02:10:26","slug":"le-temps-des-mannes","status":"publish","type":"post","link":"https:\/\/cimbcc.org\/test2\/le-temps-des-mannes\/","title":{"rendered":"Le temps des mannes"},"content":{"rendered":"<figure id=\"attachment_24158\" aria-describedby=\"caption-attachment-24158\" style=\"width: 125px\" class=\"wp-caption aligncenter\"><img loading=\"lazy\" decoding=\"async\" class=\"size-full wp-image-24158\" src=\"https:\/\/cimbcc.org\/test2\/wp-content\/uploads\/photo_gervais_richard.jpg\" alt=\"\" width=\"125\" height=\"125\" \/><figcaption id=\"caption-attachment-24158\" class=\"wp-caption-text\"><span style=\"color: #ffffff;\">mmm<\/span>Richard Gervais<\/figcaption><\/figure>\n<p style=\"text-align: justify;\">Il y a quelques ann\u00e9es, je circulais sur le pont de l\u2019Autoroute des Cantons-de-l\u2019Est enjambant la rivi\u00e8re Richelieu lorsque j\u2019ai travers\u00e9 une nu\u00e9e de mouches \u00e9ph\u00e9m\u00e8res. En quelques secondes, plusieurs centaines de ces mannes ont \u00e9t\u00e9 frapp\u00e9es par mon auto. Il n\u2019y avait \u00e9videmment pas de dommage sur mon v\u00e9hicule, outre un pare-brise impossible \u00e0 nettoyer avec le lave-vitre et un r\u00e9sidu collant sur la carrosserie. Il en \u00e9tait tout autrement pour ces mouches qui ne vivent qu\u2019une seule journ\u00e9e. Leur courte vie venait d\u2019\u00eatre s\u00e9rieusement g\u00e2ch\u00e9e.<\/p>\n<p style=\"text-align: justify;\">En bon repr\u00e9sentant de l\u2019esp\u00e8ce <em>Homo Sapiens<\/em>, je ne pouvais que regarder de haut l\u2019esp\u00e9rance de vie tr\u00e8s br\u00e8ve de ces insectes. Je vous invite toutefois \u00e0 r\u00e9fl\u00e9chir un peu plus longtemps au sujet de ces mouches de l\u2019ordre des <em>Ephemeroptera<\/em>. Dans un contexte de changements climatiques, il est pertinent de s\u2019interroger sur notre relation avec le temps et la dur\u00e9e. Apr\u00e8s un bref examen, notre sup\u00e9riorit\u00e9 face \u00e0 ces mannes se dissipe plut\u00f4t brutalement.<\/p>\n<p><!--more--><\/p>\n<h4><strong>Quelques mots au sujet des mannes<\/strong><\/h4>\n<p>Voici ce que dit Wikip\u00e9dia <a href=\"https:\/\/fr.wikipedia.org\/wiki\/Ephemeroptera\" target=\"_blank\" rel=\"noopener\">\u00e0 leur sujet\u00a0<\/a>:<\/p>\n<p style=\"padding-left: 40px; text-align: justify;\"><em>\u00ab Ces insectes (\u2026) au vol lent pr\u00e9sentent des caract\u00e8res consid\u00e9r\u00e9s comme ancestraux, comme le fait de ne pas pouvoir rabattre leurs ailes sur leur corps. Ils sont apparus au Carbonif\u00e8re, il y a environ 280 \u00e0 350 millions d&rsquo;ann\u00e9es ; ce sont donc les plus anciens insectes ail\u00e9s encore vivants (\u2026)<\/em><\/p>\n<p style=\"padding-left: 40px;\"><img loading=\"lazy\" decoding=\"async\" class=\"size-full wp-image-44247 aligncenter\" src=\"https:\/\/cimbcc.org\/test2\/wp-content\/uploads\/chip_2023_05_mannes_1.jpg\" alt=\"\" width=\"240\" height=\"161\" srcset=\"https:\/\/cimbcc.org\/test2\/wp-content\/uploads\/chip_2023_05_mannes_1.jpg 240w, https:\/\/cimbcc.org\/test2\/wp-content\/uploads\/chip_2023_05_mannes_1-120x80.jpg 120w\" sizes=\"auto, (max-width: 240px) 100vw, 240px\" \/><\/p>\n<p style=\"padding-left: 40px; text-align: justify;\"><em>Ce sont des esp\u00e8ces tr\u00e8s sensibles \u00e0 la pollution lumineuse et \u00e0 la pollution chimique par les pesticides. Ils sont en forte voie de r\u00e9gression dans une grande partie de leur aire naturelle de r\u00e9partition (\u2026)<\/em><\/p>\n<p style=\"padding-left: 40px; text-align: justify;\"><em>Ils font partie du plancton a\u00e9rien (\u2026), en particulier pour l&rsquo;alimentation des poissons et de certaines chauves-souris. Les \u00e9ph\u00e9m\u00e8res vivent environ 3 ans \u00e0 l&rsquo;\u00e9tat de larve puis se m\u00e9tamorphosent et se reproduisent en vol. Les femelles d\u00e9posent leurs \u0153ufs dans l&rsquo;eau et les adultes meurent quelques heures plus tard, d&rsquo;o\u00f9 le nom donn\u00e9 \u00e0 cet ordre. \u00bb<\/em><\/p>\n<p style=\"text-align: justify;\">Je tiendrai donc ici pour acquis que l\u2019esp\u00e9rance de vie d\u2019une manne adulte est de l\u2019ordre de 24 heures.<\/p>\n<h4><strong>Au tour des humains maintenant<\/strong><\/h4>\n<p style=\"text-align: justify;\">Voici une autre citation de Wikip\u00e9dia, cette fois <a href=\"https:\/\/fr.wikipedia.org\/wiki\/Homo_sapiens\" target=\"_blank\" rel=\"noopener\">en lien avec les humains\u00a0<\/a>:<\/p>\n<p style=\"padding-left: 40px; text-align: justify;\"><em>\u00ab Homo sapiens (\u2026) est une esp\u00e8ce de primates originaire d&rsquo;Afrique qui s&rsquo;est aujourd&rsquo;hui r\u00e9pandue et naturalis\u00e9e sur l&rsquo;ensemble de la plan\u00e8te hormis l&rsquo;Antarctique. Il appartient \u00e0 la famille des hominid\u00e9s et est le seul repr\u00e9sentant actuel du genre Homo, les autres esp\u00e8ces \u00e9tant \u00e9teintes. Les plus anciens fossiles connus de cette esp\u00e8ce, d\u00e9couverts au Maroc, sur le site de <a href=\"https:\/\/fr.wikipedia.org\/wiki\/Djebel_Irhoud\" target=\"_blank\" rel=\"noopener\">Djebel Irhoud<\/a>, sont dat\u00e9s d&rsquo;environ 300 000 ans.<\/em><\/p>\n<p style=\"padding-left: 40px; text-align: justify;\"><em>L&rsquo;esp\u00e9rance de vie \u00e0 la naissance est tr\u00e8s d\u00e9pendante des conditions mat\u00e9rielles et de la disponibilit\u00e9 de soins m\u00e9dicaux. Elle se situe aujourd&rsquo;hui autour de 75 ans dans les pays les plus riches, et est inf\u00e9rieure \u00e0 50 ans dans les plus pauvres notamment \u00e0 cause d&rsquo;une mortalit\u00e9 infantile plus forte. \u00bb<\/em><\/p>\n<p style=\"text-align: justify;\"><a href=\"https:\/\/statistique.quebec.ca\/fr\/produit\/publication\/esperance-vie-quebec-et-pays\" target=\"_blank\" rel=\"noopener\">L\u2019esp\u00e9rance de vie \u00e0 la naissance<\/a> est revenue au Qu\u00e9bec en 2021\u00a0\u00e0 son niveau pr\u00e9pand\u00e9mique de 83,0 ans, lorsque cette valeur comprend \u00e0 la fois les hommes et les femmes. Il est alors possible de postuler qu\u2019une vie d\u2019adulte dure environ 65 ans si les 18 premi\u00e8res ann\u00e9es d\u2019enfance et d\u2019adolescence sont soustraites.<\/p>\n<p style=\"text-align: justify;\">\u00c0 titre de curiosit\u00e9, le <a href=\"https:\/\/statistique.quebec.ca\/fr\/produit\/tableau\/esperance-de-vie-a-la-naissance-et-a-65-ans-selon-le-sexe-quebec\" target=\"_blank\" rel=\"noopener\">tableau suivant<\/a> produit en mai 2022 par l\u2019Institut de la statistique du Qu\u00e9bec ventile s\u00e9par\u00e9ment les esp\u00e9rances de vie \u00e0 la naissance et \u00e0 65 ans pour les hommes et les femmes pour les ann\u00e9es 1975 \u00e0 2021.<\/p>\n<table>\n<tbody>\n<tr>\n<td style=\"text-align: center;\" width=\"115\"><strong>Esp\u00e9rance de vie<\/strong><\/td>\n<td style=\"text-align: center;\" colspan=\"2\" width=\"230\"><strong>\u00c0 la naissance<\/strong><\/td>\n<td style=\"text-align: center;\" colspan=\"2\" width=\"230\"><strong>\u00c0 65 ans<\/strong><\/td>\n<\/tr>\n<tr>\n<td style=\"text-align: center;\" width=\"115\"><strong>Ann\u00e9es<\/strong><\/td>\n<td style=\"text-align: center;\" width=\"115\"><strong>Hommes<\/strong><\/td>\n<td style=\"text-align: center;\" width=\"115\"><strong>Femmes<\/strong><\/td>\n<td style=\"text-align: center;\" width=\"115\"><strong>Hommes<\/strong><\/td>\n<td style=\"text-align: center;\" width=\"115\"><strong>Femmes<\/strong><\/td>\n<\/tr>\n<tr>\n<td style=\"text-align: center;\" width=\"115\">1975-1977<\/td>\n<td style=\"text-align: center;\" width=\"115\">69,3<\/td>\n<td style=\"text-align: center;\" width=\"115\">76,8<\/td>\n<td style=\"text-align: center;\" width=\"115\">13,4<\/td>\n<td style=\"text-align: center;\" width=\"115\">17,3<\/td>\n<\/tr>\n<tr>\n<td style=\"text-align: center;\" width=\"115\">1980-1982<\/td>\n<td style=\"text-align: center;\" width=\"115\">71,1<\/td>\n<td style=\"text-align: center;\" width=\"115\">78,7<\/td>\n<td style=\"text-align: center;\" width=\"115\">14,0<\/td>\n<td style=\"text-align: center;\" width=\"115\">18,5<\/td>\n<\/tr>\n<tr>\n<td style=\"text-align: center;\" width=\"115\">1985-1987<\/td>\n<td style=\"text-align: center;\" width=\"115\">72,1<\/td>\n<td style=\"text-align: center;\" width=\"115\">79,5<\/td>\n<td style=\"text-align: center;\" width=\"115\">14,2<\/td>\n<td style=\"text-align: center;\" width=\"115\">18,8<\/td>\n<\/tr>\n<tr>\n<td style=\"text-align: center;\" width=\"115\">1990-1992<\/td>\n<td style=\"text-align: center;\" width=\"115\">73,6<\/td>\n<td style=\"text-align: center;\" width=\"115\">80,6<\/td>\n<td style=\"text-align: center;\" width=\"115\">15,1<\/td>\n<td style=\"text-align: center;\" width=\"115\">19,6<\/td>\n<\/tr>\n<tr>\n<td style=\"text-align: center;\" width=\"115\">1995-1997<\/td>\n<td style=\"text-align: center;\" width=\"115\">74,5<\/td>\n<td style=\"text-align: center;\" width=\"115\">80,9<\/td>\n<td style=\"text-align: center;\" width=\"115\">15,4<\/td>\n<td style=\"text-align: center;\" width=\"115\">19,7<\/td>\n<\/tr>\n<tr>\n<td style=\"text-align: center;\" width=\"115\">2000-2002<\/td>\n<td style=\"text-align: center;\" width=\"115\">76,2<\/td>\n<td style=\"text-align: center;\" width=\"115\">81,9<\/td>\n<td style=\"text-align: center;\" width=\"115\">16,4<\/td>\n<td style=\"text-align: center;\" width=\"115\">20,3<\/td>\n<\/tr>\n<tr>\n<td style=\"text-align: center;\" width=\"115\">2005-2007<\/td>\n<td style=\"text-align: center;\" width=\"115\">78,0<\/td>\n<td style=\"text-align: center;\" width=\"115\">82,8<\/td>\n<td style=\"text-align: center;\" width=\"115\">17,7<\/td>\n<td style=\"text-align: center;\" width=\"115\">21,0<\/td>\n<\/tr>\n<tr>\n<td style=\"text-align: center;\" width=\"115\">2010-2012<\/td>\n<td style=\"text-align: center;\" width=\"115\">79,4<\/td>\n<td style=\"text-align: center;\" width=\"115\">83,7<\/td>\n<td style=\"text-align: center;\" width=\"115\">18,6<\/td>\n<td style=\"text-align: center;\" width=\"115\">21,8<\/td>\n<\/tr>\n<tr>\n<td style=\"text-align: center;\" width=\"115\">2015-2017<\/td>\n<td style=\"text-align: center;\" width=\"115\">80,5<\/td>\n<td style=\"text-align: center;\" width=\"115\">84,2<\/td>\n<td style=\"text-align: center;\" width=\"115\">19,4<\/td>\n<td style=\"text-align: center;\" width=\"115\">22,1<\/td>\n<\/tr>\n<tr>\n<td style=\"text-align: center;\" width=\"115\">2019<\/td>\n<td style=\"text-align: center;\" width=\"115\">81,0<\/td>\n<td style=\"text-align: center;\" width=\"115\">84,8<\/td>\n<td style=\"text-align: center;\" width=\"115\">19,8<\/td>\n<td style=\"text-align: center;\" width=\"115\">22,3<\/td>\n<\/tr>\n<tr>\n<td style=\"text-align: center;\" width=\"115\">2020p<\/td>\n<td style=\"text-align: center;\" width=\"115\">80,6<\/td>\n<td style=\"text-align: center;\" width=\"115\">84,0<\/td>\n<td style=\"text-align: center;\" width=\"115\">19,4<\/td>\n<td style=\"text-align: center;\" width=\"115\">21,8<\/td>\n<\/tr>\n<tr>\n<td style=\"text-align: center;\" width=\"115\">2021p<\/td>\n<td style=\"text-align: center;\" width=\"115\">81,1<\/td>\n<td style=\"text-align: center;\" width=\"115\">84,9<\/td>\n<td style=\"text-align: center;\" width=\"115\">20,0<\/td>\n<td style=\"text-align: center;\" width=\"115\">22,5<\/td>\n<\/tr>\n<\/tbody>\n<\/table>\n<p style=\"text-align: justify;\">Il est tout d\u2019abord possible de constater un gain substantiel dans les esp\u00e9rances de vie entre 1975 et 2021, li\u00e9 en majeure partie aux progr\u00e8s de la m\u00e9decine et de la pharmacologie. En second lieu, l\u2019esp\u00e9rance de vie a l\u00e9g\u00e8rement fl\u00e9chi en 2020 en raison de la pand\u00e9mie de COVID-19.<\/p>\n<p style=\"text-align: justify;\">L\u2019esp\u00e9rance de vie r\u00e9siduelle d&rsquo;une personne est plus grande \u00e0 65 ans qu\u2019\u00e0 la naissance parce que cet individu a d\u00e9j\u00e0 surv\u00e9cu aux maladies infantiles, aux accidents et autres al\u00e9as de la vie. Par exemple, en moyenne en 2021, un homme de 65 ans pouvait esp\u00e9rer se rendre \u00e0 85 ans alors qu\u2019une femme du m\u00eame \u00e2ge pouvait envisager de survivre jusqu&rsquo;\u00e0 87,5 ans. Je vous laisse faire vos propres calculs pour savoir ce qui vous reste. Le record \u00e0 battre est celui de <a href=\"https:\/\/fr.wikipedia.org\/wiki\/Jeanne_Calment\" target=\"_blank\" rel=\"noopener\">Jeanne Calment<\/a> avec ses 122 ans et 5 mois.<\/p>\n<h4><strong>De retour avec nos mannes<\/strong><\/h4>\n<p style=\"text-align: justify;\">Au niveau individuel, la moyenne de 65 ans d\u2019\u00e2ge adulte d\u2019un humain \u00e9crase la journ\u00e9e dont disposent les mannes adultes dans un rapport de 23\u00a0725 \u00e0 1. Pauvres petites b\u00eates, pourrions-nous dire.<\/p>\n<p style=\"text-align: justify;\">Toutefois, au niveau de l\u2019esp\u00e8ce, les 300\u00a0000 ans du plus vieux fossile d\u2019<em>Homo Sapiens<\/em> font tr\u00e8s p\u00e2le figure en comparaison des 280 \u00e0 350 millions d&rsquo;ann\u00e9es d\u2019existence des mannes. Ces derni\u00e8res ont vu appara\u00eetre les <a href=\"https:\/\/fr.wikipedia.org\/wiki\/Dinosauria\" target=\"_blank\" rel=\"noopener\">dinosaures<\/a> il y a 240 millions d\u2019ann\u00e9es pour les voir ensuite dispara\u00eetre il y a 66 millions d\u2019ann\u00e9es.<\/p>\n<p style=\"text-align: justify;\">Ces mouches \u00e9ph\u00e9m\u00e8res, qui apparaissent au Qu\u00e9bec tous les mois de mai, ont habit\u00e9 la Terre depuis beaucoup plus longtemps que les humains. Leur dur\u00e9e observ\u00e9e sur la plan\u00e8te est de l\u2019ordre de 900 \u00e0 1200 fois celle des <em>Homo Sapiens<\/em>. Notre esp\u00e9rance de vie individuelle est de beaucoup sup\u00e9rieure \u00e0 celle des mannes. Toutefois, notre dur\u00e9e comme esp\u00e8ce reste encore \u00e0 d\u00e9montrer.<\/p>\n<h4>Conclusion<\/h4>\n<p style=\"text-align: justify;\">Outre les menaces engendr\u00e9es par la guerre, la famine et la maladie, il ne faut pas oublier les changements climatiques qui pourraient raccourcir la pr\u00e9sence des humains sur la plan\u00e8te ou du moins compliquer la vie de nos descendants.<\/p>\n<p style=\"text-align: justify;\">Il est important que nous mobilisions toutes les capacit\u00e9s de notre intelligence humaine face \u00e0 ces d\u00e9fis existentiels. L&rsquo;intelligence artificielle constitue une extension r\u00e9cente de nos aptitudes intellectuelles. R\u00e9cemment, plusieurs experts ont toutefois demand\u00e9 l&rsquo;encadrement de son d\u00e9veloppement, car ce progr\u00e8s technologique menacerait l&rsquo;existence m\u00eame l&rsquo;humanit\u00e9 selon certains.<\/p>\n<p style=\"text-align: justify;\">Avant d&rsquo;aborder ce sujet, j\u2019aimerais dans un prochain article commencer par examiner l\u2019\u00e9volution de la temp\u00e9rature sur Terre depuis quelques milliers d\u2019ann\u00e9es en lien avec son impact sur les civilisations humaines. Ainsi, pour le Qu\u00e9bec, il est pertinent de se rappeler que les conflits entre la France et la Grande-Bretagne au sujet de la traite des fourrures en Nouvelle-France se sont d\u00e9roul\u00e9s pendant le <a href=\"https:\/\/fr.wikipedia.org\/wiki\/Petit_%C3%A2ge_glaciaire\" target=\"_blank\" rel=\"noopener\">Petit \u00e2ge glaciaire<\/a>.<\/p>\n<p>Richard Gervais<\/p>\n","protected":false},"excerpt":{"rendered":"<p>Il y a quelques ann\u00e9es, je circulais sur le pont de l\u2019Autoroute des Cantons-de-l\u2019Est enjambant la rivi\u00e8re Richelieu lorsque j\u2019ai travers\u00e9 une nu\u00e9e de mouches \u00e9ph\u00e9m\u00e8res. En quelques secondes, plusieurs centaines de ces mannes ont \u00e9t\u00e9 frapp\u00e9es par mon auto. Il n\u2019y avait \u00e9videmment pas de dommage sur mon v\u00e9hicule, outre un pare-brise impossible \u00e0 &hellip; <a href=\"https:\/\/cimbcc.org\/test2\/le-temps-des-mannes\/\" class=\"more-link\">Continuer la lecture de <span class=\"screen-reader-text\">Le temps des mannes<\/span>  <span class=\"meta-nav\">&rarr;<\/span><\/a><\/p>\n","protected":false},"author":43,"featured_media":0,"comment_status":"open","ping_status":"closed","sticky":false,"template":"","format":"standard","meta":{"footnotes":""},"categories":[1546],"tags":[1834,1835,1838,1803,1836,731,1837,281],"class_list":["post-44248","post","type-post","status-publish","format-standard","hentry","category-chronique-environnement","tag-changements-climatiques","tag-duree","tag-esperance-de-vie","tag-evolution","tag-homo-sapiens","tag-intelligence-artificielle","tag-mannes","tag-temps"],"_links":{"self":[{"href":"https:\/\/cimbcc.org\/test2\/wp-json\/wp\/v2\/posts\/44248","targetHints":{"allow":["GET"]}}],"collection":[{"href":"https:\/\/cimbcc.org\/test2\/wp-json\/wp\/v2\/posts"}],"about":[{"href":"https:\/\/cimbcc.org\/test2\/wp-json\/wp\/v2\/types\/post"}],"author":[{"embeddable":true,"href":"https:\/\/cimbcc.org\/test2\/wp-json\/wp\/v2\/users\/43"}],"replies":[{"embeddable":true,"href":"https:\/\/cimbcc.org\/test2\/wp-json\/wp\/v2\/comments?post=44248"}],"version-history":[{"count":43,"href":"https:\/\/cimbcc.org\/test2\/wp-json\/wp\/v2\/posts\/44248\/revisions"}],"predecessor-version":[{"id":44293,"href":"https:\/\/cimbcc.org\/test2\/wp-json\/wp\/v2\/posts\/44248\/revisions\/44293"}],"wp:attachment":[{"href":"https:\/\/cimbcc.org\/test2\/wp-json\/wp\/v2\/media?parent=44248"}],"wp:term":[{"taxonomy":"category","embeddable":true,"href":"https:\/\/cimbcc.org\/test2\/wp-json\/wp\/v2\/categories?post=44248"},{"taxonomy":"post_tag","embeddable":true,"href":"https:\/\/cimbcc.org\/test2\/wp-json\/wp\/v2\/tags?post=44248"}],"curies":[{"name":"wp","href":"https:\/\/api.w.org\/{rel}","templated":true}]}}