{"id":44482,"date":"2023-06-04T21:00:02","date_gmt":"2023-06-05T01:00:02","guid":{"rendered":"https:\/\/cimbcc.org\/test2\/?p=44482"},"modified":"2023-10-16T22:10:25","modified_gmt":"2023-10-17T02:10:25","slug":"apple-mettra-fin-le-26-juin-prochain-a-la-fonction-flux-de-photos","status":"publish","type":"post","link":"https:\/\/cimbcc.org\/test2\/apple-mettra-fin-le-26-juin-prochain-a-la-fonction-flux-de-photos\/","title":{"rendered":"Apple mettra fin le 26 juin prochain \u00e0 la fonction Flux de photos"},"content":{"rendered":"<figure id=\"attachment_24125\" aria-describedby=\"caption-attachment-24125\" style=\"width: 125px\" class=\"wp-caption aligncenter\"><img loading=\"lazy\" decoding=\"async\" class=\"size-full wp-image-24125\" src=\"https:\/\/cimbcc.org\/test2\/wp-content\/uploads\/photo_pepin_yves.jpg\" alt=\"\" width=\"125\" height=\"125\" \/><figcaption id=\"caption-attachment-24125\" class=\"wp-caption-text\"><span style=\"color: #ffffff;\">mmmm<\/span>Yves P\u00e9pin<\/figcaption><\/figure>\n<p style=\"text-align: justify;\">La fonction <a href=\"https:\/\/support.apple.com\/fr-ca\/HT201317\" target=\"_blank\" rel=\"noopener\"><em>Flux de photos<\/em><\/a> permettant aux utilisateurs Apple, qui n&rsquo;ont pas activ\u00e9 la synchronisation iCloud de leurs photos, d&rsquo;acc\u00e9der sans frais sur tous leurs appareils aux photos prises par un autre appareil sera <a href=\"https:\/\/support.apple.com\/fr-fr\/HT210705\" target=\"_blank\" rel=\"noopener\"><strong>d\u00e9sactiv\u00e9e le 26 juin prochain<\/strong><\/a>.<\/p>\n<p style=\"text-align: justify;\">Les utilisateurs qui d\u00e9sirent conserver sur leur iPad l&rsquo;acc\u00e8s aux photos prises avec leur iPhone auront <strong>jusqu&rsquo;au 26 juillet<\/strong> pour effectuer une des deux op\u00e9rations suivantes :<\/p>\n<p><!--more--><\/p>\n<ul>\n<li style=\"text-align: justify;\">copier dans la phototh\u00e8que de leur iPad le contenu de l&rsquo;album Flux de photos : cette op\u00e9ration aura pour effet de cr\u00e9er dans le iPad un double des photos et \u00e9ventuellement permettre la suppression de ces photos de la phototh\u00e8que du iPhone. Dans un tel cas, la capacit\u00e9 de stockage interne du iPhone ou du iPad d\u00e9terminera le nombre maximal de photos que vous pouvez sauvegarder.<\/li>\n<li style=\"text-align: justify;\">activer la synchronisation iCloud dans les R\u00e9glages \/ Compte \/ iCloud \/ Photos de leur iPhone et conserver l&rsquo;acc\u00e8s aux photos sur tous les appareils. L&rsquo;espace de stockage gratuit iCloud se limite \u00e0 5 Go. Si vous avez besoin de plus d&rsquo;espace pour emmagasiner vos fichiers, il existe des plans payants comme <a href=\"https:\/\/support.apple.com\/fr-ca\/HT201238\" target=\"_blank\" rel=\"noopener\">iCloud+<\/a>.<\/li>\n<\/ul>\n<p>Yves P\u00e9pin<\/p>\n","protected":false},"excerpt":{"rendered":"<p>La fonction Flux de photos permettant aux utilisateurs Apple, qui n&rsquo;ont pas activ\u00e9 la synchronisation iCloud de leurs photos, d&rsquo;acc\u00e9der sans frais sur tous leurs appareils aux photos prises par un autre appareil sera d\u00e9sactiv\u00e9e le 26 juin prochain. Les utilisateurs qui d\u00e9sirent conserver sur leur iPad l&rsquo;acc\u00e8s aux photos prises avec leur iPhone auront &hellip; <a href=\"https:\/\/cimbcc.org\/test2\/apple-mettra-fin-le-26-juin-prochain-a-la-fonction-flux-de-photos\/\" class=\"more-link\">Continuer la lecture de <span class=\"screen-reader-text\">Apple mettra fin le 26 juin prochain \u00e0 la fonction Flux de photos<\/span>  <span class=\"meta-nav\">&rarr;<\/span><\/a><\/p>\n","protected":false},"author":43,"featured_media":0,"comment_status":"open","ping_status":"closed","sticky":false,"template":"","format":"standard","meta":{"footnotes":""},"categories":[403],"tags":[427,1850,55,216,391],"class_list":["post-44482","post","type-post","status-publish","format-standard","hentry","category-applications","tag-apple","tag-flux-de-photos","tag-ipad","tag-iphone","tag-mac"],"_links":{"self":[{"href":"https:\/\/cimbcc.org\/test2\/wp-json\/wp\/v2\/posts\/44482","targetHints":{"allow":["GET"]}}],"collection":[{"href":"https:\/\/cimbcc.org\/test2\/wp-json\/wp\/v2\/posts"}],"about":[{"href":"https:\/\/cimbcc.org\/test2\/wp-json\/wp\/v2\/types\/post"}],"author":[{"embeddable":true,"href":"https:\/\/cimbcc.org\/test2\/wp-json\/wp\/v2\/users\/43"}],"replies":[{"embeddable":true,"href":"https:\/\/cimbcc.org\/test2\/wp-json\/wp\/v2\/comments?post=44482"}],"version-history":[{"count":3,"href":"https:\/\/cimbcc.org\/test2\/wp-json\/wp\/v2\/posts\/44482\/revisions"}],"predecessor-version":[{"id":44502,"href":"https:\/\/cimbcc.org\/test2\/wp-json\/wp\/v2\/posts\/44482\/revisions\/44502"}],"wp:attachment":[{"href":"https:\/\/cimbcc.org\/test2\/wp-json\/wp\/v2\/media?parent=44482"}],"wp:term":[{"taxonomy":"category","embeddable":true,"href":"https:\/\/cimbcc.org\/test2\/wp-json\/wp\/v2\/categories?post=44482"},{"taxonomy":"post_tag","embeddable":true,"href":"https:\/\/cimbcc.org\/test2\/wp-json\/wp\/v2\/tags?post=44482"}],"curies":[{"name":"wp","href":"https:\/\/api.w.org\/{rel}","templated":true}]}}