{"id":44550,"date":"2023-06-15T03:00:08","date_gmt":"2023-06-15T07:00:08","guid":{"rendered":"https:\/\/cimbcc.org\/test2\/?p=44550"},"modified":"2023-10-16T22:10:25","modified_gmt":"2023-10-17T02:10:25","slug":"liberation-despace-de-stockage-sur-vos-appareils-et-les-ipad-et-iphone-ne-pouvant-recevoir-a-lautomne-ipados-17-ou-ios-17","status":"publish","type":"post","link":"https:\/\/cimbcc.org\/test2\/liberation-despace-de-stockage-sur-vos-appareils-et-les-ipad-et-iphone-ne-pouvant-recevoir-a-lautomne-ipados-17-ou-ios-17\/","title":{"rendered":"Lib\u00e9ration d&rsquo;espace de stockage sur vos appareils et les iPad et iPhone ne pouvant recevoir \u00e0 l&rsquo;automne iPadOS 17 ou iOS 17"},"content":{"rendered":"<figure id=\"attachment_24081\" aria-describedby=\"caption-attachment-24081\" style=\"width: 125px\" class=\"wp-caption aligncenter\"><img loading=\"lazy\" decoding=\"async\" class=\"size-full wp-image-24081\" src=\"https:\/\/cimbcc.org\/test2\/wp-content\/uploads\/photo_charron_denis.jpg\" alt=\"\" width=\"125\" height=\"125\" \/><figcaption id=\"caption-attachment-24081\" class=\"wp-caption-text\"><span style=\"color: #ffffff;\">mmm<\/span>Denis Charron<\/figcaption><\/figure>\n<p style=\"text-align: justify;\">Deux sujets seront abord\u00e9s dans cet article :<\/p>\n<ul>\n<li style=\"text-align: justify;\">lib\u00e9ration d&rsquo;espace de stockage sur votre ordinateur, tablette ou t\u00e9l\u00e9phone ;<\/li>\n<li style=\"text-align: justify;\">les iPad et iPhone ne pouvant recevoir iPadOS 17 ou iOS 17.<\/li>\n<\/ul>\n<p><!--more--><\/p>\n<hr \/>\n<h4 style=\"text-align: justify;\">Lib\u00e9ration d&rsquo;espace de stockage sur votre ordinateur, tablette ou t\u00e9l\u00e9phone<\/h4>\n<p style=\"text-align: justify;\">Nos ordinateurs et appareils mobiles ont beau avoir de plus en plus d&rsquo;espace de stockage, il arrive souvent un moment o\u00f9 ce dernier devient satur\u00e9.<\/p>\n<p style=\"text-align: justify;\"><a href=\"https:\/\/www.protegez-vous.ca\/technologie\/comment-liberer-de-l-espace-sur-votre-telephone-tablette-ou-ordinateur\" target=\"_blank\" rel=\"noopener\">Cet article<\/a> de la revue <em>Prot\u00e9gez-vous<\/em> vous explique comment proc\u00e9der pour lib\u00e9rer de l&rsquo;espace sur votre appareil. Voici les recommandations principales pour quatre types d&rsquo;appareils.<\/p>\n<h5 style=\"text-align: justify;\"><em>Ordinateurs sous <a href=\"https:\/\/fr.wikipedia.org\/wiki\/Windows_11\" target=\"_blank\" rel=\"noopener\">Windows 11<\/a><\/em><\/h5>\n<p style=\"text-align: justify;\">\u00ab Windows 11 offre un outil de nettoyage automatique. Dans le menu <strong>Param\u00e8tres de Windows -&gt; Syst\u00e8me -&gt; Stockage<\/strong>, cliquez sur\u00a0<strong>Recommandations de nettoyage<\/strong> pour suivre les propositions du syst\u00e8me d\u2019exploitation. \u00bb<\/p>\n<h5><em>Ordinateurs sous <a href=\"https:\/\/fr.wikipedia.org\/wiki\/MacOS\" target=\"_blank\" rel=\"noopener\">macOS<\/a><\/em><\/h5>\n<p style=\"text-align: justify;\">\u00ab Apple offre un outil de nettoyage automatique. Dans macOS Ventura, acc\u00e9dez au menu <strong>Pomme -&gt; R\u00e9glages syst\u00e8me<\/strong>, puis s\u00e9lectionnez\u00a0<strong>G\u00e9n\u00e9ral -&gt; Stockage <\/strong>\u00e0 partir du menu lat\u00e9ral. \u00bb<\/p>\n<h5><em>T\u00e9l\u00e9phones et tablettes sous <a href=\"https:\/\/fr.wikipedia.org\/wiki\/IOS\" target=\"_blank\" rel=\"noopener\">iOS<\/a> ou <a href=\"https:\/\/fr.wikipedia.org\/wiki\/IPadOS\" target=\"_blank\" rel=\"noopener\">iPadOS<\/a><\/em><\/h5>\n<p style=\"text-align: justify;\">\u00ab Sur les iPhone et iPad dot\u00e9s du syst\u00e8me <a href=\"https:\/\/fr.wikipedia.org\/wiki\/IOS_16\" target=\"_blank\" rel=\"noopener\">iOS 16<\/a> \u2013 la version offerte sur les iPhone 8, les iPad de cinqui\u00e8me g\u00e9n\u00e9ration et les mod\u00e8les plus r\u00e9cents \u2013, les d\u00e9tails concernant le stockage sont regroup\u00e9s sous le menu <strong>R\u00e9glages -&gt; G\u00e9n\u00e9ral -&gt; Stockage iPhone (ou iPad)<\/strong>. \u00bb<\/p>\n<h5><em>T\u00e9l\u00e9phones et tablettes sous <a href=\"https:\/\/fr.wikipedia.org\/wiki\/Android\" target=\"_blank\" rel=\"noopener\">Android<\/a><\/em><\/h5>\n<p style=\"text-align: justify;\">\u00ab Plusieurs applications t\u00e9l\u00e9chargeables dans la boutique Google Play permettent de lib\u00e9rer de l\u2019espace sur un appareil mobile \u00e9quip\u00e9 du syst\u00e8me d\u2019exploitation Android, et ce, peu importe la version utilis\u00e9e. Ces logiciels suppriment notamment des fichiers temporaires, en plus d\u2019indiquer les documents les plus volumineux. Parmi les applis essay\u00e9es par Prot\u00e9gez-Vous, <a href=\"https:\/\/play.google.com\/store\/apps\/details?id=com.google.android.apps.nbu.files&amp;hl=fr_CA\" target=\"_blank\" rel=\"noopener\"><strong>Files by Google<\/strong><\/a> se d\u00e9marque par sa gratuit\u00e9 et sa simplicit\u00e9. \u00bb<\/p>\n<hr \/>\n<h4 style=\"text-align: justify;\">Les iPad et iPhone ne pouvant recevoir iPadOS 17 ou iOS 17<\/h4>\n<p style=\"text-align: justify;\">Apple a annonc\u00e9 le 5 juin dernier les plus r\u00e9centes versions de ses syst\u00e8mes d&rsquo;exploitation iOS et iPadOS pour les iPhone et les iPad. Ces nouvelles it\u00e9rations devraient \u00eatre offertes au grand public \u00e0 l&rsquo;automne 2023.<\/p>\n<p style=\"text-align: justify;\">Cependant, certains appareils plus anciens ne pourront pas recevoir la version 17. <a href=\"https:\/\/ici.radio-canada.ca\/nouvelle\/1985564\/iphone-8-plus-x-mise-a-jour-ios-17\" target=\"_blank\" rel=\"noopener\">Cet article<\/a> du site Web de <em>Radio-Canada<\/em> nous pr\u00e9cise lesquels.<\/p>\n<p>Ces iPhone ne seront pas compatibles avec <a href=\"https:\/\/fr.wikipedia.org\/wiki\/IOS_17\" target=\"_blank\" rel=\"noopener\">iOS 17<\/a>, mais ils auront encore droit aux mises \u00e0 jour de s\u00e9curit\u00e9 :<\/p>\n<ul>\n<li><a href=\"https:\/\/fr.wikipedia.org\/wiki\/IPhone_8\" target=\"_blank\" rel=\"noopener\">iPhone 8<\/a> ;<\/li>\n<li><a href=\"https:\/\/fr.wikipedia.org\/wiki\/IPhone_8\" target=\"_blank\" rel=\"noopener\">iPhone 8 Plus<\/a> ;<\/li>\n<li><a href=\"https:\/\/fr.wikipedia.org\/wiki\/IPhone_X\" target=\"_blank\" rel=\"noopener\">iPhone X<\/a>.<\/li>\n<\/ul>\n<p>Ces iPad ne seront pas compatibles avec <a href=\"https:\/\/fr.wikipedia.org\/wiki\/IPadOS_17\" target=\"_blank\" rel=\"noopener\">iPadOS 17<\/a> :<\/p>\n<ul>\n<li><a href=\"https:\/\/fr.wikipedia.org\/wiki\/IPad_(5e_g%C3%A9n%C3%A9ration)\" target=\"_blank\" rel=\"noopener\">iPad de 5<sup>e<\/sup> g\u00e9n\u00e9ration<\/a> ;<\/li>\n<li><a href=\"https:\/\/fr.wikipedia.org\/wiki\/IPad_Pro\" target=\"_blank\" rel=\"noopener\">iPad Pro<\/a> 12,9 pouces de 1<sup>re<\/sup> g\u00e9n\u00e9ration.<\/li>\n<\/ul>\n<p>Denis Charron<\/p>\n","protected":false},"excerpt":{"rendered":"<p>Deux sujets seront abord\u00e9s dans cet article : lib\u00e9ration d&rsquo;espace de stockage sur votre ordinateur, tablette ou t\u00e9l\u00e9phone ; les iPad et iPhone ne pouvant recevoir iPadOS 17 ou iOS 17.<\/p>\n","protected":false},"author":43,"featured_media":0,"comment_status":"open","ping_status":"closed","sticky":false,"template":"","format":"standard","meta":{"footnotes":""},"categories":[403],"tags":[107,1811,55,1812,216,1721,1120,1499],"class_list":["post-44550","post","type-post","status-publish","format-standard","hentry","category-applications","tag-android","tag-ios-17","tag-ipad","tag-ipados-17","tag-iphone","tag-macos","tag-stockage-de-donnees","tag-windows-11"],"_links":{"self":[{"href":"https:\/\/cimbcc.org\/test2\/wp-json\/wp\/v2\/posts\/44550","targetHints":{"allow":["GET"]}}],"collection":[{"href":"https:\/\/cimbcc.org\/test2\/wp-json\/wp\/v2\/posts"}],"about":[{"href":"https:\/\/cimbcc.org\/test2\/wp-json\/wp\/v2\/types\/post"}],"author":[{"embeddable":true,"href":"https:\/\/cimbcc.org\/test2\/wp-json\/wp\/v2\/users\/43"}],"replies":[{"embeddable":true,"href":"https:\/\/cimbcc.org\/test2\/wp-json\/wp\/v2\/comments?post=44550"}],"version-history":[{"count":10,"href":"https:\/\/cimbcc.org\/test2\/wp-json\/wp\/v2\/posts\/44550\/revisions"}],"predecessor-version":[{"id":44571,"href":"https:\/\/cimbcc.org\/test2\/wp-json\/wp\/v2\/posts\/44550\/revisions\/44571"}],"wp:attachment":[{"href":"https:\/\/cimbcc.org\/test2\/wp-json\/wp\/v2\/media?parent=44550"}],"wp:term":[{"taxonomy":"category","embeddable":true,"href":"https:\/\/cimbcc.org\/test2\/wp-json\/wp\/v2\/categories?post=44550"},{"taxonomy":"post_tag","embeddable":true,"href":"https:\/\/cimbcc.org\/test2\/wp-json\/wp\/v2\/tags?post=44550"}],"curies":[{"name":"wp","href":"https:\/\/api.w.org\/{rel}","templated":true}]}}