{"id":45176,"date":"2023-08-07T21:00:53","date_gmt":"2023-08-08T01:00:53","guid":{"rendered":"https:\/\/cimbcc.org\/test2\/?p=45176"},"modified":"2023-10-16T22:07:39","modified_gmt":"2023-10-17T02:07:39","slug":"uta-monteregie-participer-en-personne-a-des-conferences-dinteret-general-donnees-pres-de-chez-vous","status":"publish","type":"post","link":"https:\/\/cimbcc.org\/test2\/uta-monteregie-participer-en-personne-a-des-conferences-dinteret-general-donnees-pres-de-chez-vous\/","title":{"rendered":"UTA Mont\u00e9r\u00e9gie : participer en personne \u00e0 des conf\u00e9rences d&rsquo;int\u00e9r\u00eat g\u00e9n\u00e9ral donn\u00e9es pr\u00e8s de chez vous"},"content":{"rendered":"<figure id=\"attachment_24158\" aria-describedby=\"caption-attachment-24158\" style=\"width: 125px\" class=\"wp-caption aligncenter\"><img loading=\"lazy\" decoding=\"async\" class=\"size-full wp-image-24158\" src=\"https:\/\/cimbcc.org\/test2\/wp-content\/uploads\/photo_gervais_richard.jpg\" alt=\"\" width=\"125\" height=\"125\" \/><figcaption id=\"caption-attachment-24158\" class=\"wp-caption-text\"><span style=\"color: #ffffff;\">mmn<\/span>Richard Gervais<\/figcaption><\/figure>\n<p style=\"text-align: justify;\">La vie se caract\u00e9rise par un apprentissage d\u00e9butant avec les le\u00e7ons donn\u00e9es par nos parents, se continuant \u00e0 l\u2019\u00e9cole et se poursuivant tout au long de notre parcours sur cette plan\u00e8te. Il n\u2019y a pas d\u2019\u00e2ge pour apprendre. Cela prend seulement de la curiosit\u00e9 et de l\u2019ouverture d\u2019esprit.<\/p>\n<p style=\"text-align: justify;\">Dans <a href=\"https:\/\/cimbcc.org\/test2\/a-propos-du-club\/la-mission-et-la-politique\" target=\"_blank\" rel=\"noopener\">sa mission<\/a>, le Club informatique Mont-Bruno met de l\u2019avant le partage des connaissances dans le domaine de l\u2019informatique. Bien que ce sujet soit extr\u00eamement vaste, il n\u2019englobe pas toutes les facettes de l\u2019activit\u00e9 humaine. Il est donc important de diversifier ses comp\u00e9tences et d\u2019exercer son cerveau lorsque nous devenons des \u00ab\u00a0personnes d\u2019\u00e2ge m\u00fbr \u00bb.<\/p>\n<p style=\"text-align: justify;\">Au fil des ann\u00e9es, j&rsquo;ai partag\u00e9 avec vous des textes d\u00e9bordant du cadre de l&rsquo;informatique, par exemple :<\/p>\n<ul>\n<li style=\"text-align: justify;\"><a href=\"https:\/\/cimbcc.org\/test2\/le-temps-des-mannes\" target=\"_blank\" rel=\"noopener\">Le temps des mannes<\/a><\/li>\n<li style=\"text-align: justify;\"><a href=\"https:\/\/cimbcc.org\/test2\/la-sante-mentale-lelephant-dans-la-piece\" target=\"_blank\" rel=\"noopener\">La sant\u00e9 mentale &#8211; l&rsquo;\u00e9l\u00e9phant blanc dans la pi\u00e8ce<\/a><\/li>\n<li style=\"text-align: justify;\"><a href=\"https:\/\/cimbcc.org\/test2\/le-marche-des-appareils-photographiques-subit-une-profonde-contraction\" target=\"_blank\" rel=\"noopener\">Le march\u00e9 des appareils photographiques subit une profonde contraction<\/a><\/li>\n<li style=\"text-align: justify;\"><a href=\"https:\/\/cimbcc.org\/test2\/les-moments-charnieres-de-lhistoire\" target=\"_blank\" rel=\"noopener\">Les moments charni\u00e8res de l&rsquo;Histoire<\/a><\/li>\n<\/ul>\n<p style=\"text-align: justify;\">Cet article vous entretiendra d&rsquo;un site <em>Coup de coeur<\/em>, mais il ne se situe par sur le Web et il y est question de sujets d&rsquo;int\u00e9r\u00eat g\u00e9n\u00e9ral d\u00e9bordant du domaine de l&rsquo;informatique.\u00a0 Il s&rsquo;agit d&rsquo;activit\u00e9s se d\u00e9roulant en personne \u00e0 Saint-Bruno-de-Montarville organis\u00e9es par l&rsquo;Universit\u00e9 du troisi\u00e8me \u00e2ge (UTA) de l&rsquo;Universit\u00e9 de Sherbrooke.<\/p>\n<p><!--more--><\/p>\n<hr \/>\n<h4 style=\"text-align: justify;\">UTA Mont\u00e9r\u00e9gie<\/h4>\n<p style=\"text-align: justify;\">Des conf\u00e9rences sont offertes par plusieurs universit\u00e9s \u00e0 de nombreux endroits dans la r\u00e9gion m\u00e9tropolitaine. Dans le cas actuel, il n&rsquo;est pas n\u00e9cessaire de se rendre au centre-ville de Montr\u00e9al. Cela permet de diminuer l&#8217;empreinte carbone li\u00e9e aux d\u00e9placements en plus de sauver du temps de transport.<\/p>\n<h5><em>\u00c0 la d\u00e9couverte du savoir<\/em><\/h5>\n<p style=\"text-align: justify;\">Depuis plusieurs ann\u00e9es d\u00e9j\u00e0, j\u2019ai assist\u00e9 \u00e0 ces conf\u00e9rences donn\u00e9es en personne au sous-sol de l\u2019\u00c9glise de Saint-Bruno. Elles ont lieu le mardi apr\u00e8s-midi devant de petits groupes permettant d\u2019interagir facilement avec le pr\u00e9sentateur ou la pr\u00e9sentatrice.<\/p>\n<h6>Survol de la <span style=\"text-decoration: underline;\">session pr\u00e9c\u00e9dente<\/span><\/h6>\n<p>La session de l\u2019hiver 2023 comprenait les sujets suivants\u00a0:<\/p>\n<ol>\n<li style=\"list-style-type: none;\">\n<ol>\n<li style=\"text-align: justify;\"><span style=\"font-size: 11pt;\"><strong>\u00ab\u00a0La R\u00e9publique d\u2019Islande\u00a0\u00bb<\/strong> avec Richard Fournier.<\/span><br \/>\n<span style=\"font-size: 11pt;\"><em>Un pays scandinave pr\u00e9sent\u00e9 dans ses grandes composantes.<\/em><\/span><\/li>\n<li style=\"text-align: justify;\"><span style=\"font-size: 11pt;\"><strong>\u00ab\u00a0Et si la terre \u00e9tait plus creuse qu\u2019on le croit\u00a0\u00bb<\/strong> avec Daniel Caron.<\/span><br \/>\n<span style=\"font-size: 11pt;\"><em>Les sp\u00e9l\u00e9ologues explorent les derni\u00e8res terres vierges de notre plan\u00e8te.<\/em><\/span><\/li>\n<li style=\"text-align: justify;\"><span style=\"font-size: 11pt;\"><strong>\u00ab\u00a0L\u2019indemnisation des personnes victimes d\u2019actes criminels\u00a0: nouvelles r\u00e9alit\u00e9s\u00a0\u00bb<\/strong> avec Lyse Chamberland.<\/span><br \/>\n<span style=\"font-size: 11pt;\"><em>Ce r\u00e9gime permet aux victimes de compter sur l\u2019assistance de l\u2019\u00c9tat dans le processus de r\u00e9tablissement.\u00a0 Qu\u2019en est-il dans la r\u00e9alit\u00e9 ?<\/em><\/span><\/li>\n<li style=\"text-align: justify;\"><span style=\"font-size: 11pt;\"><strong>\u00ab\u00a0La Cour Supr\u00eame am\u00e9ricaine\u00a0\u00bb<\/strong> avec Gabrielle Ouellette-Turp.<\/span><br \/>\n<span style=\"font-size: 11pt;\"><em>La Cour Supr\u00eame am\u00e9ricaine fait la une dans les m\u00e9dias, un accent a \u00e9t\u00e9 mis aussi sur la politisation de cette Cour dans les derni\u00e8res ann\u00e9es.<\/em><\/span><\/li>\n<li style=\"text-align: justify;\"><span style=\"font-size: 11pt;\"><strong>\u00ab\u00a0Le trait\u00e9 de Versailles en 1919\u00a0\u00bb<\/strong> avec Christophe Bernier.<\/span><br \/>\n<span style=\"font-size: 11pt;\"><em>Loin d\u2019\u00e9tablir une paix durable, il procure plut\u00f4t un interm\u00e8de de 20 ans entre les deux conflits mondiaux.<\/em><\/span><\/li>\n<li style=\"text-align: justify;\"><span style=\"font-size: 11pt;\"><strong>\u00ab\u00a0La belle histoire des jardins d\u2019Occident\u00a0\u00bb<\/strong> avec Jos\u00e9e Desranleau.<\/span><br \/>\n<span style=\"font-size: 11pt;\"><em>Un survol historique, piment\u00e9 d\u2019anecdotes horticoles que vous aimerez sans doute raconter \u00e0 votre tour.<\/em><\/span><\/li>\n<li style=\"text-align: justify;\"><span style=\"font-size: 11pt;\"><strong>\u00ab\u00a0Histoire de l\u2019humour au Qu\u00e9bec\u00a0\u00bb<\/strong> avec Marielle L\u00e9veilll\u00e9.<\/span><br \/>\n<span style=\"font-size: 11pt;\"><em>Une pr\u00e9sentation qui retrace les moments forts des spectacles d\u2019humour sur sc\u00e8ne au Qu\u00e9bec de La Bolduc \u00e0 Mike Ward.<\/em><\/span><\/li>\n<li style=\"text-align: justify;\"><span style=\"font-size: 11pt;\"><strong>\u00ab\u00a0La musique classique et la censure\u00a0\u00bb<\/strong> avec Richard Turp.<\/span><br \/>\n<span style=\"font-size: 11pt;\"><em>Depuis l\u2019\u00e9poque des Papes et le la Renaissance, les compositeurs ont eu leurs \u0153uvres interdites ou adapt\u00e9es par les r\u00e9gimes politiques.<\/em><\/span><\/li>\n<\/ol>\n<\/li>\n<\/ol>\n<h6>Commentaire personnel<\/h6>\n<p style=\"text-align: justify;\">Je peux dire que j\u2019ai \u00e9t\u00e9 tr\u00e8s satisfait des prestations des divers conf\u00e9renciers de l\u2019hiver dernier. Les expos\u00e9s commen\u00e7aient \u00e0 13\u00a0h\u00a030 et se terminaient avant 16 h. Il y avait une pause au milieu et des breuvages ainsi que des collations \u00e9taient disponibles.<\/p>\n<p style=\"text-align: justify;\">Dans mon cas, la salle o\u00f9 les pr\u00e9sentations ont lieu se trouve \u00e0 quinze minutes de marche de mon domicile. Je suis donc tr\u00e8s content de ne pas avoir \u00e0 me d\u00e9placer \u00e0 Montr\u00e9al pour participer en pr\u00e9sentiel \u00e0 de telles activit\u00e9s.<\/p>\n<p style=\"text-align: justify;\">Il y a \u00e9videmment un co\u00fbt d\u2019inscription modeste \u00e0 d\u00e9frayer pour participer \u00e0 ces conf\u00e9rences. Veuillez noter que vous devenez alors un(e) \u00e9tudiant(e) de l\u2019Universit\u00e9 de Sherbrooke. Ce statut peut vous permettre des r\u00e9ductions \u00e0 certains endroits, comme chez Apple, par exemple.<\/p>\n<h5><em>Activit\u00e9s de l&rsquo;automne 2023<\/em><\/h5>\n<p>Tir\u00e9es de la <a href=\"https:\/\/www.usherbrooke.ca\/uta\/fileadmin\/sites\/uta\/documents\/Programmes_en_cours\/MTG_Brochure.pdf\" target=\"_blank\" rel=\"noopener\">programmation de l&rsquo;UTA<\/a>, les activit\u00e9s suivantes seront propos\u00e9es \u00e0 l\u2019automne 2023 pour Saint-Bruno :<\/p>\n<ul>\n<li style=\"text-align: justify;\"><span style=\"font-size: 11pt;\"><strong>\u00ab Actualit\u00e9 de la philosophie I \u00bb<\/strong>, par Roger Larose.<\/span><\/li>\n<li style=\"text-align: justify;\"><span style=\"font-size: 11pt;\"><strong>\u00ab Sensibilisation \u00e0 la justice criminelle \u00bb<\/strong>, par Lyse Chamberland.<\/span><\/li>\n<li style=\"text-align: justify;\"><span style=\"font-size: 11pt;\"><strong>\u00ab L\u2019\u00c9gypte pharaonique \u00bb<\/strong>, par Pierre Girardin.<\/span><\/li>\n<li style=\"text-align: justify;\"><span style=\"font-size: 11pt;\"><strong>\u00ab Trois r\u00e9volutions : l\u2019\u00e9criture, le livre et l\u2019imprimerie \u00bb<\/strong>, par Madeleine Jeay.<\/span><\/li>\n<li style=\"text-align: justify;\"><span style=\"font-size: 11pt;\"><strong>\u00c0 la d\u00e9couverte du savoir<\/strong>, huit expos\u00e9s donn\u00e9s par divers pr\u00e9sentateurs :<\/span>\n<ol>\n<li><span style=\"font-size: 11pt;\">\u00ab\u00a0L\u2019histoire du Concorde d\u2019Air France: le bel oiseau blanc \u00bb ;<\/span><\/li>\n<li><span style=\"font-size: 11pt;\">\u00ab\u00a0On l\u2019appelle Cl\u00e9mence\u00bb<\/span><\/li>\n<li><span style=\"font-size: 11pt;\">\u00ab\u00a0Attention, nos fictions judiciaires ne disent pas toute la v\u00e9rit\u00e9\u00bb<\/span><\/li>\n<li><span style=\"font-size: 11pt;\">\u00ab\u00a0Corsaires et espions en M\u00e9diterran\u00e9e (XVI<sup>e<\/sup> si\u00e8cle) \u00bb<\/span><\/li>\n<li><span style=\"font-size: 11pt;\">\u00ab\u00a0L\u2019\u00e2ge d\u2019or d\u2019Hollywood\u00bb<\/span><\/li>\n<li><span style=\"font-size: 11pt;\">\u00ab\u00a0La mont\u00e9e du populisme en Occident\u00a0: le peuple contre l\u2019\u00e9lite\u00bb<\/span><\/li>\n<li><span style=\"font-size: 11pt;\">\u00ab\u00a0Le Vietnam\u00bb<\/span><\/li>\n<li><span style=\"font-size: 11pt;\">\u00ab\u00a0Mario Merola\u00a0: l\u2019\u0153uvre d\u2019un artiste montr\u00e9alais\u00bb<\/span><\/li>\n<\/ol>\n<\/li>\n<li style=\"text-align: justify;\"><span style=\"font-size: 11pt;\"><strong>\u00ab Les instants culturels de l\u2019UTA au Manoir Saint-Bruno \u00bb,<\/strong> par Richard Roy.<\/span><\/li>\n<li style=\"text-align: justify;\"><span style=\"font-size: 11pt;\"><strong>Atelier de lecture<\/strong> anim\u00e9 par Ren\u00e9 Robitaille.<\/span><\/li>\n<\/ul>\n<p style=\"text-align: justify;\">Les <a href=\"https:\/\/www.usherbrooke.ca\/uta\/prog\/monteregie\/mtg\" target=\"_blank\" rel=\"noopener\">formulaires d\u2019inscription<\/a> seront accessibles en ligne \u00e0 partir du 15 ao\u00fbt, \u00e0 9 h. Veuillez noter que les places sont limit\u00e9es.<\/p>\n<hr \/>\n<h4>Conclusion<\/h4>\n<p style=\"text-align: justify;\">Bien que les pr\u00e9sentations mentionn\u00e9es dans cet article ne touchent pas directement l\u2019informatique, je crois que le partage des connaissances offert dans le cadre de l\u2019Universit\u00e9 du troisi\u00e8me \u00e2ge (UTA) constitue un apport pr\u00e9cieux pour les r\u00e9sidents de Saint-Bruno et des environs. Il s&rsquo;agit d&rsquo;un compl\u00e9ment int\u00e9ressant \u00e0 l&rsquo;offre de services que vous procure les activit\u00e9s de votre Club informatique.<\/p>\n<p style=\"text-align: justify;\">Il serait pertinent que plusieurs personnes s\u2019inscrivent \u00e0 l&rsquo;UTA Mont\u00e9r\u00e9gie afin de maintenir la p\u00e9rennit\u00e9 de cette offre \u00e9ducative locale de grande valeur.<\/p>\n<p>Richard Gervais<\/p>\n","protected":false},"excerpt":{"rendered":"<p>La vie se caract\u00e9rise par un apprentissage d\u00e9butant avec les le\u00e7ons donn\u00e9es par nos parents, se continuant \u00e0 l\u2019\u00e9cole et se poursuivant tout au long de notre parcours sur cette plan\u00e8te. Il n\u2019y a pas d\u2019\u00e2ge pour apprendre. Cela prend seulement de la curiosit\u00e9 et de l\u2019ouverture d\u2019esprit. Dans sa mission, le Club informatique Mont-Bruno &hellip; <a href=\"https:\/\/cimbcc.org\/test2\/uta-monteregie-participer-en-personne-a-des-conferences-dinteret-general-donnees-pres-de-chez-vous\/\" class=\"more-link\">Continuer la lecture de <span class=\"screen-reader-text\">UTA Mont\u00e9r\u00e9gie : participer en personne \u00e0 des conf\u00e9rences d&rsquo;int\u00e9r\u00eat g\u00e9n\u00e9ral donn\u00e9es pr\u00e8s de chez vous<\/span>  <span class=\"meta-nav\">&rarr;<\/span><\/a><\/p>\n","protected":false},"author":43,"featured_media":0,"comment_status":"open","ping_status":"closed","sticky":false,"template":"","format":"standard","meta":{"footnotes":""},"categories":[12],"tags":[1887,1889,186,1888,1890,1891],"class_list":["post-45176","post","type-post","status-publish","format-standard","hentry","category-sites-coup-de-coeur","tag-education-permanente","tag-monteregie","tag-saint-bruno-de-montarville","tag-universite-de-sherbrooke","tag-universite-du-troisieme-age","tag-uta"],"_links":{"self":[{"href":"https:\/\/cimbcc.org\/test2\/wp-json\/wp\/v2\/posts\/45176","targetHints":{"allow":["GET"]}}],"collection":[{"href":"https:\/\/cimbcc.org\/test2\/wp-json\/wp\/v2\/posts"}],"about":[{"href":"https:\/\/cimbcc.org\/test2\/wp-json\/wp\/v2\/types\/post"}],"author":[{"embeddable":true,"href":"https:\/\/cimbcc.org\/test2\/wp-json\/wp\/v2\/users\/43"}],"replies":[{"embeddable":true,"href":"https:\/\/cimbcc.org\/test2\/wp-json\/wp\/v2\/comments?post=45176"}],"version-history":[{"count":20,"href":"https:\/\/cimbcc.org\/test2\/wp-json\/wp\/v2\/posts\/45176\/revisions"}],"predecessor-version":[{"id":45217,"href":"https:\/\/cimbcc.org\/test2\/wp-json\/wp\/v2\/posts\/45176\/revisions\/45217"}],"wp:attachment":[{"href":"https:\/\/cimbcc.org\/test2\/wp-json\/wp\/v2\/media?parent=45176"}],"wp:term":[{"taxonomy":"category","embeddable":true,"href":"https:\/\/cimbcc.org\/test2\/wp-json\/wp\/v2\/categories?post=45176"},{"taxonomy":"post_tag","embeddable":true,"href":"https:\/\/cimbcc.org\/test2\/wp-json\/wp\/v2\/tags?post=45176"}],"curies":[{"name":"wp","href":"https:\/\/api.w.org\/{rel}","templated":true}]}}