{"id":45190,"date":"2023-08-22T21:00:10","date_gmt":"2023-08-23T01:00:10","guid":{"rendered":"https:\/\/cimbcc.org\/test2\/?p=45190"},"modified":"2023-10-16T22:07:39","modified_gmt":"2023-10-17T02:07:39","slug":"apercu-de-la-saison-2023-2024-seances-de-lautomne-2023","status":"publish","type":"post","link":"https:\/\/cimbcc.org\/test2\/apercu-de-la-saison-2023-2024-seances-de-lautomne-2023\/","title":{"rendered":"Aper\u00e7u de la saison 2023-2024  : s\u00e9ances de l\u2019automne 2023"},"content":{"rendered":"<figure id=\"attachment_24078\" aria-describedby=\"caption-attachment-24078\" style=\"width: 125px\" class=\"wp-caption aligncenter\"><img loading=\"lazy\" decoding=\"async\" class=\"size-full wp-image-24078\" src=\"https:\/\/cimbcc.org\/test2\/wp-content\/uploads\/photo_belanger_guy.jpg\" alt=\"\" width=\"125\" height=\"125\" \/><figcaption id=\"caption-attachment-24078\" class=\"wp-caption-text\"><span style=\"color: #ffffff;\">mmm<\/span>Guy B\u00e9langer<\/figcaption><\/figure>\n<p style=\"text-align: justify;\">D\u00e9j\u00e0, les pr\u00e9paratifs vont bon train pour la rentr\u00e9e de septembre.\u00a0 L\u2019\u00e9quipe responsable des pr\u00e9sentations du mercredi et du vendredi du CIMBCC s\u2019est aussi activ\u00e9e depuis quelques mois d\u00e9j\u00e0 et <strong><em>nous avons d\u00e9pos\u00e9 sur le site du club la programmation des s\u00e9ries Facile et D\u00e9couverte<\/em><\/strong> pour la prochaine saison.<\/p>\n<p style=\"text-align: justify;\">Les pr\u00e9sentations portant sur les \u00e9quipements mobiles (ordinateurs portables, tablettes et t\u00e9l\u00e9phones intelligents) utilisant les syst\u00e8mes d\u2019op\u00e9ration iOS et Android se retrouvent sous les rubriques des deux s\u00e9ries classiques, <em>Facile<\/em> et <em>D\u00e9couverte<\/em>.<\/p>\n<p style=\"text-align: justify;\">Dans cet article, vous trouverez des informations compl\u00e9mentaires en lien avec les s\u00e9ances pr\u00e9vues pour l&rsquo;automne 2023.<\/p>\n<p><!--more--><\/p>\n<hr \/>\n<h4 style=\"text-align: justify;\">Activit\u00e9s r\u00e9guli\u00e8res<\/h4>\n<p style=\"text-align: justify;\">Les pr\u00e9sentations de la <a href=\"https:\/\/cimbcc.org\/test2\/wp-content\/uploads\/calendrier_serie_facile.pdf\" target=\"_blank\" rel=\"noopener\"><strong>s\u00e9rie <em>Facile<\/em><\/strong><\/a> seront donn\u00e9es les vendredis apr\u00e8s-midi au <a href=\"https:\/\/cimbcc.org\/test2\/chalet-marie-victorin-saint-bruno\" target=\"_blank\" rel=\"noopener\">Chalet Marie Victorin<\/a> en mode hybride, soit en pr\u00e9sentiel et, simultan\u00e9ment, en mode vid\u00e9oconf\u00e9rence avec l\u2019application <a href=\"https:\/\/zoom.us\/fr\" target=\"_blank\" rel=\"noopener\">Zoom<\/a>.<\/p>\n<p style=\"text-align: justify;\">Pour la <a href=\"https:\/\/cimbcc.org\/test2\/wp-content\/uploads\/calendrier_serie_decouverte.pdf\" target=\"_blank\" rel=\"noopener\"><strong>s\u00e9rie <em>D\u00e9couverte<\/em><\/strong><\/a>, les prestations seront en mode vid\u00e9oconf\u00e9rence Zoom les mercredis en soir\u00e9e.<\/p>\n<p style=\"text-align: justify;\">De plus, une <a href=\"https:\/\/cimbcc.org\/test2\/entraide\/lassistance-avant-les-seances\" target=\"_blank\" rel=\"noopener\"><strong>\u00e9quipe de d\u00e9pannage informatique<\/strong><\/a> sera sur place les mercredis, en apr\u00e8s-midi, au <a href=\"https:\/\/cimbcc.org\/test2\/centre-communautaire\" target=\"_blank\" rel=\"noopener\">Centre communautaire de Saint-Bruno<\/a> pour r\u00e9pondre aux questions des membres pour l\u2019utilisation optimale de leurs appareils informatiques. Une \u00e9quipe sera aussi pr\u00e9sente pour vous aider au <a href=\"https:\/\/cimbcc.org\/test2\/chalet-marie-victorin-saint-bruno\" target=\"_blank\" rel=\"noopener\">Chalet Marie-Victorin<\/a> avant la pr\u00e9sentation du vendredi apr\u00e8s-midi.<\/p>\n<p style=\"text-align: justify;\">De plus, on reprendra cet automne, les lundis en apr\u00e8s-midi \u00e0 la <a href=\"https:\/\/cimbcc.org\/test2\/bibliotheque-de-sainte-julie\" target=\"_blank\" rel=\"noopener\">biblioth\u00e8que de la ville de Sainte Julie<\/a>, un <a href=\"https:\/\/cimbcc.org\/test2\/partage-de-connaissances\/les-ateliers\/atelier-aide-aux-exercices-de-la-serie-facile\" target=\"_blank\" rel=\"noopener\"><strong>service d&rsquo;aide aux membres<\/strong><\/a> qui r\u00e9alisent les exercices qui sont sugg\u00e9r\u00e9s lors des pr\u00e9sentations de la s\u00e9rie <em>Facile<\/em>.<\/p>\n<hr \/>\n<h4>Pr\u00e9sentations sp\u00e9ciales<\/h4>\n<p style=\"text-align: justify;\">Trois s\u00e9ances s\u2019adressant \u00e0 tous les membres sont au programme.<\/p>\n<ul>\n<li style=\"text-align: justify;\">La premi\u00e8re se d\u00e9roulera lors de la <a href=\"https:\/\/cimbcc.org\/test2\/autres-services\/journee-dinformation\" target=\"_blank\" rel=\"noopener\"><em>Journ\u00e9e d\u2019information<\/em><\/a> du <span style=\"color: #ff0000;\"><strong>5\u00a0septembre<\/strong><\/span> o\u00f9 Michel Gagn\u00e9 passera en revue les services offerts aux membres par le CIMBCC.<\/li>\n<li style=\"text-align: justify;\">Vendredi <span style=\"color: #ff0000;\"><strong>15 septembre<\/strong><\/span>, Pierre Delisle nous rappellera les diff\u00e9rents \u00e9l\u00e9ments associ\u00e9s \u00e0 l\u2019utilisation optimale de l\u2019application <a href=\"https:\/\/zoom.us\/fr\" target=\"_blank\" rel=\"noopener\">Zoom<\/a>.<\/li>\n<li style=\"text-align: justify;\">Enfin, mercredi <span style=\"color: #ff0000;\"><strong>18 octobre<\/strong><\/span>, le Club tiendra son assembl\u00e9e g\u00e9n\u00e9rale annuelle.<\/li>\n<\/ul>\n<hr \/>\n<h4><a href=\"https:\/\/cimbcc.org\/test2\/wp-content\/uploads\/calendrier_serie_facile.pdf\" target=\"_blank\" rel=\"noopener\"><strong>S\u00e9rie <em>Facile<\/em><\/strong><\/a><\/h4>\n<p style=\"text-align: justify;\">Comme par le pass\u00e9, nous reprendrons les m\u00eames pr\u00e9sentations offertes aux membres depuis quelques ann\u00e9es.\u00a0 Commen\u00e7ant le <span style=\"color: #ff0000;\"><strong>8\u00a0septembre<\/strong><\/span>, ces s\u00e9ances du <strong>vendredi apr\u00e8s-midi<\/strong> ont \u00e9t\u00e9 revues et mises \u00e0 jour.<\/p>\n<p>En voici la liste :<\/p>\n<ul>\n<li style=\"text-align: justify;\"><strong>L\u2019exploration du <a href=\"https:\/\/fr.wikipedia.org\/wiki\/Navigateur_web\" target=\"_blank\" rel=\"noopener\">navigateur Web<\/a> de Google &#8211; <a href=\"https:\/\/fr.wikipedia.org\/wiki\/Google_Chrome\" target=\"_blank\" rel=\"noopener\">Chrome<\/a><\/strong>, par Sylvain Garneau, en trois s\u00e9ances.<\/li>\n<li style=\"text-align: justify;\"><strong>La <a href=\"https:\/\/fr.wikipedia.org\/wiki\/S%C3%A9curit%C3%A9_de_l%27information\" target=\"_blank\" rel=\"noopener\">s\u00e9curit\u00e9<\/a> dans les <a href=\"https:\/\/fr.wikipedia.org\/wiki\/Op%C3%A9ration_financi%C3%A8re\" target=\"_blank\" rel=\"noopener\">transactions \u00e9lectroniques<\/a><\/strong>, par Michel Gagn\u00e9.<\/li>\n<li style=\"text-align: justify;\"><strong>Les <a href=\"https:\/\/fr.wikipedia.org\/wiki\/Virus_informatique\" target=\"_blank\" rel=\"noopener\">virus<\/a> et <a href=\"https:\/\/fr.wikipedia.org\/wiki\/Logiciel_antivirus\" target=\"_blank\" rel=\"noopener\">antivirus<\/a> et les <a href=\"https:\/\/fr.wikipedia.org\/wiki\/Syst%C3%A8me_d%27exploitation\" target=\"_blank\" rel=\"noopener\">syst\u00e8mes d\u2019exploitation<\/a> <a href=\"https:\/\/fr.wikipedia.org\/wiki\/Windows_10\" target=\"_blank\" rel=\"noopener\">Windows 10<\/a> et <a href=\"https:\/\/fr.wikipedia.org\/wiki\/Windows_11\" target=\"_blank\" rel=\"noopener\">Windows 11<\/a><\/strong>, par Michel Gagn\u00e9.<\/li>\n<li style=\"text-align: justify;\"><strong>L\u2019<a href=\"https:\/\/fr.wikipedia.org\/wiki\/Hame%C3%A7onnage\" target=\"_blank\" rel=\"noopener\">hame\u00e7onnage<\/a>, la protection des <a href=\"https:\/\/fr.wikipedia.org\/wiki\/Mot_de_passe\" target=\"_blank\" rel=\"noopener\">mots de passe<\/a> et <a href=\"https:\/\/fr.wikipedia.org\/wiki\/Windows_10\" target=\"_blank\" rel=\"noopener\">Windows 10<\/a> et <a href=\"https:\/\/fr.wikipedia.org\/wiki\/Windows_11\" target=\"_blank\" rel=\"noopener\">11<\/a> (suite)<\/strong>, par Michel Gagn\u00e9.<\/li>\n<li style=\"text-align: justify;\"><strong>La gestion des <a href=\"https:\/\/fr.wikipedia.org\/wiki\/Fichier_informatique\" target=\"_blank\" rel=\"noopener\">fichiers<\/a> et des <a href=\"https:\/\/fr.wikipedia.org\/wiki\/R%C3%A9pertoire_(informatique)\" target=\"_blank\" rel=\"noopener\">dossiers<\/a><\/strong>, par Francine Couture, en deux s\u00e9ances.<\/li>\n<li style=\"text-align: justify;\"><strong>Notions g\u00e9n\u00e9rales pour l\u2019utilisation des <a href=\"https:\/\/fr.wikipedia.org\/wiki\/Courrier_%C3%A9lectronique\" target=\"_blank\" rel=\"noopener\">courriers \u00e9lectroniques<\/a><\/strong>, par Pierre Delisle.<\/li>\n<li style=\"text-align: justify;\"><strong>Fonctions de base d&rsquo;<a href=\"https:\/\/fr.wikipedia.org\/wiki\/Outlook.com\" target=\"_blank\" rel=\"noopener\">Outlook<\/a><\/strong>, par Pierre Delisle, <span style=\"color: #ff0000;\">e<strong>xceptionnellement, <span style=\"text-decoration: underline;\">jeudi<\/span> 16 novembre<\/strong><\/span>.<\/li>\n<li style=\"text-align: justify;\"><strong>D\u00e9monstration des fonctions de base de <a href=\"https:\/\/fr.wikipedia.org\/wiki\/Gmail\" target=\"_blank\" rel=\"noopener\">Gmail<\/a><\/strong>, par Daniel Vinet.<\/li>\n<li style=\"text-align: justify;\"><strong>Utilisation s\u00e9curitaire du <a href=\"https:\/\/fr.wikipedia.org\/wiki\/Commerce_en_ligne\" target=\"_blank\" rel=\"noopener\">commerce \u00e9lectronique<\/a><\/strong>, par Pierre Delisle.<\/li>\n<li style=\"text-align: justify;\"><strong>Revue des diff\u00e9rentes fonctions du <a href=\"https:\/\/fr.wikipedia.org\/wiki\/Google_(moteur_de_recherche)\" target=\"_blank\" rel=\"noopener\">moteur de recherche Google<\/a> et d\u2019autres applications offertes par Google<\/strong>, par Guy B\u00e9langer.<\/li>\n<li style=\"text-align: justify;\"><strong>Une initiation \u00e0 l\u2019univers de la tablette <a href=\"https:\/\/fr.wikipedia.org\/wiki\/IPad\" target=\"_blank\" rel=\"noopener\">iPad<\/a><\/strong>, par Pierre Delisle.<\/li>\n<\/ul>\n<hr \/>\n<h4><a href=\"https:\/\/cimbcc.org\/test2\/wp-content\/uploads\/calendrier_serie_decouverte.pdf\" target=\"_blank\" rel=\"noopener\"><strong>S\u00e9rie <em>D\u00e9couverte<\/em><\/strong><\/a><\/h4>\n<p style=\"text-align: justify;\">Le mat\u00e9riel expos\u00e9 dans cette s\u00e9rie le <strong>mercredi soir<\/strong> \u00e0 partir du <span style=\"color: #ff0000;\"><strong>6\u00a0septembre<\/strong><\/span> est soit in\u00e9dit ou, s\u2019il a d\u00e9j\u00e0 \u00e9t\u00e9 pr\u00e9sent\u00e9, cela remonte \u00e0 plus de trois ans.<\/p>\n<p style=\"text-align: justify;\">Le programme n\u2019est pas totalement finalis\u00e9 : aussit\u00f4t connu, le contenu des s\u00e9ances sera publi\u00e9 sur le site du club sous la rubrique <em>Calendriers et notes de pr\u00e9sentations<\/em>, <a href=\"https:\/\/cimbcc.org\/test2\/wp-content\/uploads\/calendrier_serie_decouverte.pdf\" target=\"_blank\" rel=\"noopener\">S\u00e9rie <em>D\u00e9couverte<\/em><\/a><em>,<\/em> sur la <a href=\"https:\/\/cimbcc.org\/test2\/\" target=\"_blank\" rel=\"noopener\">page d\u2019accueil<\/a> du site du CIMBCC.<\/p>\n<p>Voici la liste des pr\u00e9sentations :<\/p>\n<ul>\n<li style=\"text-align: justify;\"><strong><a href=\"https:\/\/fr.wikipedia.org\/wiki\/Gmail\" target=\"_blank\" rel=\"noopener\">Gmail<\/a>, <a href=\"https:\/\/fr.wikipedia.org\/wiki\/Google_Contacts\" target=\"_blank\" rel=\"noopener\">Google Contacts<\/a> et agenda pour tablettes et\/ou t\u00e9l\u00e9phones intelligents<\/strong>, par Denis Charron.<\/li>\n<li style=\"text-align: justify;\"><a href=\"https:\/\/fr.wikipedia.org\/wiki\/Diagramme_de_Gantt\" target=\"_blank\" rel=\"noopener\"><strong>Diagramme de Gantt<\/strong><\/a>, par Pierre Jutras<\/li>\n<li style=\"text-align: justify;\"><strong><a href=\"https:\/\/fr.wikipedia.org\/wiki\/Microsoft_Excel\" target=\"_blank\" rel=\"noopener\">Excel<\/a> avec comme d\u00e9monstration la pr\u00e9paration de budgets<\/strong>, par C\u00e9line Dufresne.<\/li>\n<li style=\"text-align: justify;\"><strong>Les <a href=\"https:\/\/fr.wikipedia.org\/wiki\/Paiement_sur_Internet\" target=\"_blank\" rel=\"noopener\">paiements en ligne<\/a> avec <a href=\"https:\/\/fr.wikipedia.org\/wiki\/PayPal\" target=\"_blank\" rel=\"noopener\">PayPal<\/a><\/strong>, par Michel Paul.<\/li>\n<li style=\"text-align: justify;\"><strong>\u00c9cosyst\u00e8me et interaction des \u00e9quipements Apple et pr\u00e9sentation de l\u2019<a href=\"https:\/\/fr.wikipedia.org\/wiki\/Macintosh\" target=\"_blank\" rel=\"noopener\">ordinateur Mac<\/a> de Apple<\/strong>, par Daniel Vinet.<\/li>\n<li style=\"text-align: justify;\"><strong>Les diff\u00e9rentes formes d\u2019<a href=\"https:\/\/fr.wikipedia.org\/wiki\/Image_num%C3%A9rique\" target=\"_blank\" rel=\"noopener\">images<\/a> et donc de dessins<\/strong>, par Pierre Delisle.<\/li>\n<li style=\"text-align: justify;\"><strong>L\u2019application <a href=\"https:\/\/fr.wikipedia.org\/wiki\/WordPad\" target=\"_blank\" rel=\"noopener\">WordPad<\/a> pour la cr\u00e9ation de textes<\/strong>, par Denise Baillargeon.<\/li>\n<li style=\"text-align: justify;\"><strong>Les fonctions et services d\u2019<a href=\"https:\/\/fr.wikipedia.org\/wiki\/Caisses_Desjardins\" target=\"_blank\" rel=\"noopener\">Acc\u00e8sD<\/a> et d\u2019<a href=\"https:\/\/fr.wikipedia.org\/wiki\/Interac\" target=\"_blank\" rel=\"noopener\">Interac<\/a><\/strong>, par Jean Presne.<\/li>\n<li style=\"text-align: justify;\"><strong>Un retour sur le <a href=\"https:\/\/fr.wikipedia.org\/wiki\/Passage_informatique_%C3%A0_l%27an_2000\" target=\"_blank\" rel=\"noopener\">Bogue de l\u2019an 2000<\/a><\/strong>, par Jean-Guy Rousseau.<\/li>\n<li style=\"text-align: justify;\"><strong>Les <a href=\"https:\/\/fr.wikipedia.org\/wiki\/Fibre_optique\" target=\"_blank\" rel=\"noopener\">fibres optiques<\/a><\/strong>, par Charles Terreault.<\/li>\n<li style=\"text-align: justify;\"><strong>L\u2019exploration des <a href=\"https:\/\/fr.wikipedia.org\/wiki\/Podcasting\" target=\"_blank\" rel=\"noopener\">balados<\/a><\/strong>, par Chantal Lemay.<\/li>\n<li style=\"text-align: justify;\"><strong><a href=\"https:\/\/fr.wikipedia.org\/wiki\/IPad\" target=\"_blank\" rel=\"noopener\">iPad<\/a>, notions avanc\u00e9es<\/strong>, par Daniel Vinet.<\/li>\n<li style=\"text-align: justify;\"><strong>Les agendas \u00e9lectroniques<\/strong>, par Germain B\u00e9langer du club informatique de Brossard.<\/li>\n<li style=\"text-align: justify;\"><strong>La d\u00e9couverte du monde de la <a href=\"https:\/\/fr.wikipedia.org\/wiki\/Streaming\" target=\"_blank\" rel=\"noopener\">diffusion en continu<\/a><\/strong>, par Sylvain Garneau.<\/li>\n<li style=\"text-align: justify;\"><strong><a href=\"https:\/\/en.wikipedia.org\/wiki\/Microsoft_Forms\" target=\"_blank\" rel=\"noopener\">Microsoft Forms<\/a>, pour r\u00e9aliser des sondages, planifier des r\u00e9unions et autres fonctions<\/strong>, par Michel Paul.<\/li>\n<li style=\"text-align: justify;\"><strong>Fonctions m\u00e9connues mais fort utiles d\u2019<a href=\"https:\/\/fr.wikipedia.org\/wiki\/Outlook.com\" target=\"_blank\" rel=\"noopener\">Outlook<\/a><\/strong>, par Michel Gagn\u00e9.<\/li>\n<li style=\"text-align: justify;\"><strong>Fonctions m\u00e9connues mais fort utiles de <a href=\"https:\/\/fr.wikipedia.org\/wiki\/Gmail\" target=\"_blank\" rel=\"noopener\">Gmail<\/a><\/strong>, par Daniel Vinet.<\/li>\n<li style=\"text-align: justify;\"><strong><a href=\"https:\/\/fr.wikipedia.org\/wiki\/ChatGPT\" target=\"_blank\" rel=\"noopener\">ChatGPT<\/a> et l\u2019<a href=\"https:\/\/fr.wikipedia.org\/wiki\/Intelligence_artificielle\" target=\"_blank\" rel=\"noopener\">intelligence artificielle<\/a><\/strong>, par Bruno Fournier.<\/li>\n<\/ul>\n<hr \/>\n<h4 style=\"text-align: justify;\">Mod\u00e9ratrices et mod\u00e9rateurs<\/h4>\n<p style=\"text-align: justify;\">Pour aider les pr\u00e9sentatrices et pr\u00e9sentateurs, une \u00e9quipe de support, nomm\u00e9e <em>Mod\u00e9ratrices et mod\u00e9rateurs<\/em>, sera disponible pour apporter un soutien technique.<\/p>\n<p style=\"text-align: justify;\">Cette \u00e9quipe comprend les personnes suivantes\u00a0:<\/p>\n<ul>\n<li style=\"text-align: justify;\">C\u00e9line Dufresne ;<\/li>\n<li style=\"text-align: justify;\">Chantal Gosselin ;<\/li>\n<li style=\"text-align: justify;\">Nicole Comtois ;<\/li>\n<li style=\"text-align: justify;\">Janette Ren\u00e9 de Cotret ;<\/li>\n<li style=\"text-align: justify;\">C\u00e9line Dion Darveau ;<\/li>\n<li style=\"text-align: justify;\">Pierre Jutras ;<\/li>\n<li style=\"text-align: justify;\">Pierre Delisle ;<\/li>\n<li style=\"text-align: justify;\">Guy B\u00e9langer.<\/li>\n<\/ul>\n<h4>Remerciements<\/h4>\n<p style=\"text-align: justify;\">Nous remercions grandement toutes et tous ces b\u00e9n\u00e9voles qui rendent possibles, instructives et int\u00e9ressantes les pr\u00e9sentations du CIMBCC.\u00a0 Cette activit\u00e9 est cruciale pour les membres du Club et en est sa marque de commerce.<\/p>\n<h4>Invitation cordiale<\/h4>\n<p style=\"text-align: justify;\">Nous vous invitons donc \u00e0 assister, nombreuses et nombreux, aux diverses s\u00e9ances qui vous seront propos\u00e9es l&rsquo;automne prochain.<\/p>\n<p style=\"text-align: justify;\">En attendant, vous pouvez devenir membre du Club en <a href=\"https:\/\/cimbcc.org\/test2\/adhesion-au-club\" target=\"_blank\" rel=\"noopener\">cliquant ici<\/a> ou renouveler votre adh\u00e9sion en cliquant sur le bouton jaune en haut \u00e0 gauche sur la <a href=\"https:\/\/cimbcc.org\/test2\/\" target=\"_blank\" rel=\"noopener\">page d&rsquo;accueil<\/a> de ce site Web.<\/p>\n<p style=\"text-align: justify;\">Guy B\u00e9langer<br \/>\nCoresponsable des pr\u00e9sentations du mercredi et vendredi<\/p>\n","protected":false},"excerpt":{"rendered":"<p>D\u00e9j\u00e0, les pr\u00e9paratifs vont bon train pour la rentr\u00e9e de septembre.\u00a0 L\u2019\u00e9quipe responsable des pr\u00e9sentations du mercredi et du vendredi du CIMBCC s\u2019est aussi activ\u00e9e depuis quelques mois d\u00e9j\u00e0 et nous avons d\u00e9pos\u00e9 sur le site du club la programmation des s\u00e9ries Facile et D\u00e9couverte pour la prochaine saison. Les pr\u00e9sentations portant sur les \u00e9quipements &hellip; <a href=\"https:\/\/cimbcc.org\/test2\/apercu-de-la-saison-2023-2024-seances-de-lautomne-2023\/\" class=\"more-link\">Continuer la lecture de <span class=\"screen-reader-text\">Aper\u00e7u de la saison 2023-2024  : s\u00e9ances de l\u2019automne 2023<\/span>  <span class=\"meta-nav\">&rarr;<\/span><\/a><\/p>\n","protected":false},"author":43,"featured_media":0,"comment_status":"open","ping_status":"closed","sticky":false,"template":"","format":"standard","meta":{"footnotes":""},"categories":[402],"tags":[569,1892,371,370,143,1675,1510,1277,1190],"class_list":["post-45190","post","type-post","status-publish","format-standard","hentry","category-activites-du-club","tag-assemblee-generale-annuelle","tag-assistance-technique-en-salle","tag-decouverte","tag-facile","tag-journee-dinformation-et-dinscription","tag-presentations-hybrides","tag-presentiel","tag-videoconference","tag-zoom"],"_links":{"self":[{"href":"https:\/\/cimbcc.org\/test2\/wp-json\/wp\/v2\/posts\/45190","targetHints":{"allow":["GET"]}}],"collection":[{"href":"https:\/\/cimbcc.org\/test2\/wp-json\/wp\/v2\/posts"}],"about":[{"href":"https:\/\/cimbcc.org\/test2\/wp-json\/wp\/v2\/types\/post"}],"author":[{"embeddable":true,"href":"https:\/\/cimbcc.org\/test2\/wp-json\/wp\/v2\/users\/43"}],"replies":[{"embeddable":true,"href":"https:\/\/cimbcc.org\/test2\/wp-json\/wp\/v2\/comments?post=45190"}],"version-history":[{"count":22,"href":"https:\/\/cimbcc.org\/test2\/wp-json\/wp\/v2\/posts\/45190\/revisions"}],"predecessor-version":[{"id":45711,"href":"https:\/\/cimbcc.org\/test2\/wp-json\/wp\/v2\/posts\/45190\/revisions\/45711"}],"wp:attachment":[{"href":"https:\/\/cimbcc.org\/test2\/wp-json\/wp\/v2\/media?parent=45190"}],"wp:term":[{"taxonomy":"category","embeddable":true,"href":"https:\/\/cimbcc.org\/test2\/wp-json\/wp\/v2\/categories?post=45190"},{"taxonomy":"post_tag","embeddable":true,"href":"https:\/\/cimbcc.org\/test2\/wp-json\/wp\/v2\/tags?post=45190"}],"curies":[{"name":"wp","href":"https:\/\/api.w.org\/{rel}","templated":true}]}}