{"id":45218,"date":"2023-08-14T19:00:48","date_gmt":"2023-08-14T23:00:48","guid":{"rendered":"https:\/\/cimbcc.org\/test2\/?p=45218"},"modified":"2023-10-16T22:07:39","modified_gmt":"2023-10-17T02:07:39","slug":"mot-du-president-aout-2023","status":"publish","type":"post","link":"https:\/\/cimbcc.org\/test2\/mot-du-president-aout-2023\/","title":{"rendered":"Mot du pr\u00e9sident &#8211; ao\u00fbt 2023"},"content":{"rendered":"<figure id=\"attachment_35278\" aria-describedby=\"caption-attachment-35278\" style=\"width: 125px\" class=\"wp-caption aligncenter\"><img loading=\"lazy\" decoding=\"async\" class=\"size-full wp-image-35278\" src=\"https:\/\/cimbcc.org\/test2\/wp-content\/uploads\/photo_cote_rejean.jpg\" alt=\"\" width=\"125\" height=\"125\" \/><figcaption id=\"caption-attachment-35278\" class=\"wp-caption-text\"><span style=\"color: #ffffff;\">mmim<\/span>R\u00e9jean C\u00f4t\u00e9<\/figcaption><\/figure>\n<p style=\"text-align: justify;\">Les activit\u00e9s du CIMBCC d\u00e9buteront sous peu. Nous sommes toujours aussi motiv\u00e9s \u00e0 offrir une session d\u2019automne int\u00e9ressante aux membres du Club.<\/p>\n<p style=\"text-align: justify;\">Aujourd\u2019hui, je veux particuli\u00e8rement attirer votre attention sur le 40<sup>e<\/sup>\u00a0anniversaire du Club, la <em>Journ\u00e9e d\u2019information<\/em> du 5\u00a0septembre et les activit\u00e9s de partage de connaissances que le Club informatique vous propose cet automne\u00a0: les s\u00e9ances du mercredi et du vendredi et les ateliers.<\/p>\n<p><!--more--><\/p>\n<h4><strong>Le 40<sup>e<\/sup>\u00a0anniversaire du Club<\/strong><\/h4>\n<p style=\"text-align: justify;\">Le Club fut cr\u00e9\u00e9 au printemps\u00a01983. \u00c0 l\u2019occasion de son 40<sup>e<\/sup>\u00a0anniversaire, le conseil d\u2019administration a d\u00e9cid\u00e9 que la cotisation pay\u00e9e entre le 1<sup>er<\/sup>\u00a0juin et le 31\u00a0d\u00e9cembre\u00a02023 donnera acc\u00e8s aux activit\u00e9s du Club <u>jusqu\u2019en septembre 2025<\/u>. La cotisation annuelle donnera donc droit exceptionnellement \u00e0 deux ans d\u2019adh\u00e9sion au Club. Par ailleurs, le montant des cotisations demeure inchang\u00e9\u00a0: 20\u00a0$ pour une adh\u00e9sion individuelle, 30\u00a0$ pour un couple et 10\u00a0$ pour le conjoint ou la conjointe d\u2019une personne qui est d\u00e9j\u00e0 membre ou b\u00e9n\u00e9vole.<\/p>\n<ul style=\"list-style-type: disc;\">\n<li style=\"text-align: justify;\"><strong><em>Important<\/em><\/strong><em>: Si vous \u00eates membre du Club, attendez de recevoir un courriel du Club avant de proc\u00e9der au renouvellement de votre adh\u00e9sion.<\/em><\/li>\n<li><em>\u00a0<\/em><em>Si vous n\u2019\u00eates pas membre du Club\u00a0:<\/em>\n<ul style=\"list-style-type: disc;\">\n<li style=\"text-align: justify;\"><em>Vous pouvez d\u00e9j\u00e0 devenir membre en suivant les indications que vous trouverez sur le site Web du Club en cliquant sur le bouton <a href=\"https:\/\/cimbcc.org\/test2\/adhesion-au-club\" target=\"_blank\" rel=\"noopener\"><img loading=\"lazy\" decoding=\"async\" class=\"alignleft size-full wp-image-45353\" src=\"https:\/\/cimbcc.org\/test2\/wp-content\/uploads\/chip_2023_08_president_3-e1692107579337.jpg\" alt=\"\" width=\"100\" height=\"23\" \/><\/a><\/em><em>\u00e0 gauche de la page d\u2019accueil. (Le paiement de la cotisation peut se faire par Interac, avec PayPal, avec une carte de cr\u00e9dit ou par ch\u00e8que.)<\/em><\/li>\n<li style=\"text-align: justify;\"><em>Vous pourrez aussi adh\u00e9rer au Club en participant \u00e0 la <\/em>Journ\u00e9e d\u2019information<em> du 5\u00a0septembre. (Le paiement de la cotisation pourra se faire seulement en argent ou par ch\u00e8que).<\/em><\/li>\n<\/ul>\n<\/li>\n<\/ul>\n<p style=\"text-align: justify;\">Le 40<sup>e<\/sup>\u00a0anniversaire du Club\u00a0sera aussi soulign\u00e9 par des activit\u00e9s sp\u00e9ciales dont voici quelques exemples\u00a0:<\/p>\n<ul>\n<li style=\"text-align: justify;\"><strong>L\u2019histoire du Club<\/strong> a \u00e9t\u00e9 mise \u00e0 jour cet \u00e9t\u00e9. L\u2019histoire du Club sera publi\u00e9e dans le CHIP et un concours sera lanc\u00e9 pour en stimuler la lecture. Le gagnant du concours sera d\u00e9voil\u00e9 dans le cadre de l\u2019assembl\u00e9e g\u00e9n\u00e9rale annuelle du 18\u00a0octobre prochain.<\/li>\n<li style=\"text-align: justify;\">Le Club tiendra un <strong>kiosque<\/strong> au march\u00e9 public de Saint-Bruno le <strong>samedi\u00a02\u00a0septembre<\/strong>. L\u2019objectif est de faire la promotion du Club aupr\u00e8s de la population et d\u2019inviter les concitoyens \u00e0 assister \u00e0 la <em>Journ\u00e9e d\u2019information<\/em> du 5\u00a0septembre et aux trois premi\u00e8res s\u00e9ances de la s\u00e9rie <em>Facile<\/em> qui seront gratuites pour tous.<\/li>\n<li style=\"text-align: justify;\">Un article sera propos\u00e9 aux <strong>journaux locaux<\/strong> pour faire conna\u00eetre le Club et inviter la population \u00e0 la <em>Journ\u00e9e d\u2019information<\/em> du 5\u00a0septembre et aux trois premi\u00e8res s\u00e9ances de la s\u00e9rie <em>Facile<\/em>.<\/li>\n<li style=\"text-align: justify;\">Quelques articles \u00e0 saveur historique ou particuli\u00e8rement int\u00e9ressants seront publi\u00e9s ou republi\u00e9s dans le <strong>CHIP<\/strong>.<\/li>\n<\/ul>\n<h4 style=\"text-align: justify;\"><strong>La <em>Journ\u00e9e d\u2019information<\/em> \u2013 mardi\u00a05\u00a0septembre 2023\u00a0<\/strong><\/h4>\n<p style=\"text-align: justify;\">La <em>Journ\u00e9e d\u2019information <\/em>annuelle se tiendra exceptionnellement cette ann\u00e9e au <a href=\"https:\/\/cimbcc.org\/test2\/chalet-marie-victorin-saint-bruno\" target=\"_blank\" rel=\"noopener\"><strong>Chalet Marie Victorin<\/strong><\/a> (1150, rue Marie-Victorin, Saint-Bruno)<strong>, <\/strong>le mardi\u00a05\u00a0septembre <strong>de 13\u00a0h \u00e0 15\u00a0h\u00a030<\/strong>. La coordonnatrice de cette journ\u00e9e, M<sup>me<\/sup>\u00a0Nicole Comtois, et une \u00e9quipe de b\u00e9n\u00e9voles y accueilleront les membres et les visiteurs.<\/p>\n<p style=\"text-align: justify;\">Comme chaque ann\u00e9e, il y aura une courte pr\u00e9sentation sur les services offerts par le Club. Cette pr\u00e9sentation d\u2019environ une heure et quart sera anim\u00e9e par Michel\u00a0Gagn\u00e9 et d\u00e9butera \u00e0 13\u00a0h\u00a030. Elle sera r\u00e9p\u00e9t\u00e9e en ligne le soir m\u00eame, \u00e0 compter de 19\u00a0h\u00a030. Les membres recevront dans le courriel hebdomadaire pr\u00e9c\u00e9dent un lien pour se connecter \u00e0 Zoom afin d\u2019assister \u00e0 cette vid\u00e9oconf\u00e9rence.<\/p>\n<ul style=\"text-align: justify;\">\n<li>Je propose aux membres qui viendront \u00e0 la <em>Journ\u00e9e d\u2019information <\/em>d\u2019y amener parents et amis, afin qu\u2019ils d\u00e9couvrent l\u2019impressionnante offre de services du Club et qu\u2019ils puissent en devenir membres.<\/li>\n<\/ul>\n<h4 style=\"text-align: justify;\"><strong>Les s\u00e9ances du mercredi et du vendredi<\/strong><\/h4>\n<p style=\"text-align: justify;\">Sous la coordination de Guy\u00a0B\u00e9langer et de C\u00e9line\u00a0Dufresne, le Club vous proposera cette ann\u00e9e plus de 50\u00a0s\u00e9ances sur divers sujets reli\u00e9s \u00e0 l\u2019informatique.<\/p>\n<ul>\n<li style=\"text-align: justify;\">Cet automne, les membres pourront assister aux s\u00e9ances de la <strong>s\u00e9rie <em>Facile<\/em><\/strong> le vendredi apr\u00e8s-midi, au <a href=\"https:\/\/cimbcc.org\/test2\/chalet-marie-victorin-saint-bruno\" target=\"_blank\" rel=\"noopener\"><strong>Chalet Marie-Victorin<\/strong><\/a> et en ligne en utilisant Zoom, car ces s\u00e9ances se d\u00e9rouleront simultan\u00e9ment en salle et par vid\u00e9oconf\u00e9rence d\u00e8s 13\u00a0h\u00a015.<\/li>\n<li style=\"text-align: justify;\">Cet automne, les s\u00e9ances de la <strong>s\u00e9rie <em>D\u00e9couverte <\/em><\/strong>se d\u00e9rouleront le mercredi soir <strong>en ligne<\/strong> exclusivement d\u00e8s 19\u00a0h\u00a030.<\/li>\n<li style=\"text-align: justify;\">L\u2019hiver prochain, la <strong>s\u00e9rie <em>Facile<\/em><\/strong> sera pr\u00e9sent\u00e9e le mercredi soir par vid\u00e9oconf\u00e9rence. Par ailleurs, la <strong>s\u00e9rie <em>D\u00e9couverte <\/em><\/strong>sera pr\u00e9sent\u00e9e le vendredi apr\u00e8s-midi au Chalet Marie Victorin et en ligne.<\/li>\n<li style=\"text-align: justify;\">Lorsqu\u2019une s\u00e9ance sera propos\u00e9e en vid\u00e9oconf\u00e9rence, le lien pour se connecter \u00e0 Zoom sera inclus dans le <strong>message hebdomadaire<\/strong> qui sera envoy\u00e9 aux membres la fin de semaine pr\u00e9c\u00e9dente. Chaque s\u00e9ance durera environ 2\u00a0h\u00a020.<\/li>\n<\/ul>\n<p style=\"text-align: justify;\">Certains sujets populaires seront de retour cette ann\u00e9e, mais plusieurs nouveaut\u00e9s sont \u00e9galement pr\u00e9vues. Pour en apprendre davantage, je vous invite \u00e0 lire l\u2019article de Guy B\u00e9langer qui sera publi\u00e9 par le CHIP, la semaine prochaine.<\/p>\n<p style=\"text-align: justify;\">Vous pouvez d\u00e9j\u00e0 consulter les calendriers des s\u00e9ances pr\u00e9vues cette ann\u00e9e en cliquant \u00e0\u00a0 droite sur un de ces boutons <img loading=\"lazy\" decoding=\"async\" class=\"size-full wp-image-45329 alignright\" src=\"https:\/\/cimbcc.org\/test2\/wp-content\/uploads\/chip_2023_08_president_2.jpg\" alt=\"\" width=\"69\" height=\"29\" \/>de la page d\u2019accueil du site Web du Club.<\/p>\n<h4><strong>Les ateliers\u00a0de l\u2019automne\u00a02023<\/strong><\/h4>\n<p style=\"text-align: justify;\">Les quinze ateliers offerts cet automne sont d\u00e9j\u00e0 d\u00e9crits sur le site Web du Club. Vous pouvez d\u00e8s maintenant en consulter le contenu et les coordonn\u00e9es <a href=\"https:\/\/cimbcc.org\/test2\/partage-de-connaissances\/les-ateliers\" target=\"_blank\" rel=\"noopener\">en cliquant ici<\/a>.<\/p>\n<p style=\"text-align: justify;\">L\u2019inscription \u00e0 ces ateliers pourra se faire <strong>du jeudi\u00a07\u00a0septembre \u00e0 midi au samedi\u00a09\u00a0septembre \u00e0 minuit<\/strong>. Deux semaines avant le d\u00e9but des inscriptions, les membres recevront un courriel pour leur rappeler ces dates, ce qui leur laissera amplement le temps de choisir un ou deux ateliers. La mani\u00e8re de s\u2019inscrire demeure inchang\u00e9e\u00a0: elle se fera en ligne en remplissant le formulaire qui se trouve au bas de la page de chacun des ateliers propos\u00e9s pour l\u2019automne\u00a02023.<\/p>\n<p style=\"text-align: justify;\">Enfin, j\u2019aimerais terminer ce texte en remerciant les\u00a067\u00a0merveilleux b\u00e9n\u00e9voles actuellement actifs au Club, car sans eux le Club n\u2019existerait simplement pas?!<\/p>\n<p>R\u00e9jean\u00a0C\u00f4t\u00e9, pr\u00e9sident<\/p>\n","protected":false},"excerpt":{"rendered":"<p>Les activit\u00e9s du CIMBCC d\u00e9buteront sous peu. Nous sommes toujours aussi motiv\u00e9s \u00e0 offrir une session d\u2019automne int\u00e9ressante aux membres du Club. Aujourd\u2019hui, je veux particuli\u00e8rement attirer votre attention sur le 40e\u00a0anniversaire du Club, la Journ\u00e9e d\u2019information du 5\u00a0septembre et les activit\u00e9s de partage de connaissances que le Club informatique vous propose cet automne\u00a0: les &hellip; <a href=\"https:\/\/cimbcc.org\/test2\/mot-du-president-aout-2023\/\" class=\"more-link\">Continuer la lecture de <span class=\"screen-reader-text\">Mot du pr\u00e9sident &#8211; ao\u00fbt 2023<\/span>  <span class=\"meta-nav\">&rarr;<\/span><\/a><\/p>\n","protected":false},"author":43,"featured_media":0,"comment_status":"open","ping_status":"closed","sticky":false,"template":"","format":"standard","meta":{"footnotes":""},"categories":[11],"tags":[1816,269,371,370,143,271],"class_list":["post-45218","post","type-post","status-publish","format-standard","hentry","category-mots-du-president","tag-40e-anniversaire","tag-ateliers","tag-decouverte","tag-facile","tag-journee-dinformation-et-dinscription","tag-presentations"],"_links":{"self":[{"href":"https:\/\/cimbcc.org\/test2\/wp-json\/wp\/v2\/posts\/45218","targetHints":{"allow":["GET"]}}],"collection":[{"href":"https:\/\/cimbcc.org\/test2\/wp-json\/wp\/v2\/posts"}],"about":[{"href":"https:\/\/cimbcc.org\/test2\/wp-json\/wp\/v2\/types\/post"}],"author":[{"embeddable":true,"href":"https:\/\/cimbcc.org\/test2\/wp-json\/wp\/v2\/users\/43"}],"replies":[{"embeddable":true,"href":"https:\/\/cimbcc.org\/test2\/wp-json\/wp\/v2\/comments?post=45218"}],"version-history":[{"count":11,"href":"https:\/\/cimbcc.org\/test2\/wp-json\/wp\/v2\/posts\/45218\/revisions"}],"predecessor-version":[{"id":45355,"href":"https:\/\/cimbcc.org\/test2\/wp-json\/wp\/v2\/posts\/45218\/revisions\/45355"}],"wp:attachment":[{"href":"https:\/\/cimbcc.org\/test2\/wp-json\/wp\/v2\/media?parent=45218"}],"wp:term":[{"taxonomy":"category","embeddable":true,"href":"https:\/\/cimbcc.org\/test2\/wp-json\/wp\/v2\/categories?post=45218"},{"taxonomy":"post_tag","embeddable":true,"href":"https:\/\/cimbcc.org\/test2\/wp-json\/wp\/v2\/tags?post=45218"}],"curies":[{"name":"wp","href":"https:\/\/api.w.org\/{rel}","templated":true}]}}