{"id":45257,"date":"2023-08-17T22:00:46","date_gmt":"2023-08-18T02:00:46","guid":{"rendered":"https:\/\/cimbcc.org\/test2\/?p=45257"},"modified":"2023-10-16T22:07:39","modified_gmt":"2023-10-17T02:07:39","slug":"echos-du-conseil-dadministration-1er-aout-2023","status":"publish","type":"post","link":"https:\/\/cimbcc.org\/test2\/echos-du-conseil-dadministration-1er-aout-2023\/","title":{"rendered":"\u00c9chos du conseil d&rsquo;administration &#8211; 1er ao\u00fbt 2023"},"content":{"rendered":"<figure id=\"attachment_42359\" aria-describedby=\"caption-attachment-42359\" style=\"width: 536px\" class=\"wp-caption aligncenter\"><img loading=\"lazy\" decoding=\"async\" class=\"size-full wp-image-42359\" src=\"https:\/\/cimbcc.org\/test2\/wp-content\/uploads\/photo_conseil_dadministration_2022_2023-e1668820290183.jpg\" alt=\"\" width=\"536\" height=\"267\" srcset=\"https:\/\/cimbcc.org\/test2\/wp-content\/uploads\/photo_conseil_dadministration_2022_2023-e1668820290183.jpg 536w, https:\/\/cimbcc.org\/test2\/wp-content\/uploads\/photo_conseil_dadministration_2022_2023-e1668820290183-300x149.jpg 300w\" sizes=\"auto, (max-width: 536px) 100vw, 536px\" \/><figcaption id=\"caption-attachment-42359\" class=\"wp-caption-text\">Dans l&rsquo;ordre habituel : Danielle Barab\u00e9, Nicole Comtois, R\u00e9jean C\u00f4t\u00e9, C\u00e9line Dufresne,<br \/>Michel Gagn\u00e9, Richard Gervais, Sylvie Mazur, Michel Paul<\/figcaption><\/figure>\n<p style=\"text-align: justify;\">Septembre \u00e9tant \u00e0 nos portes, les administrateurs du CIMBCC se sont r\u00e9unis pour faire le point sur l\u2019\u00e9volution des effectifs du Club \u2014 ses membres et ses b\u00e9n\u00e9voles \u2014 et pour passer en revue les activit\u00e9s de la rentr\u00e9e.<\/p>\n<p style=\"text-align: justify;\">Le Club a 40\u00a0ans et le conseil d\u2019administration a retenu quelques manifestations pour souligner cet anniversaire d\u00e8s septembre.<\/p>\n<p>Dans cet article, les points suivants seront abord\u00e9s :<\/p>\n<ul>\n<li>Membres et b\u00e9n\u00e9voles ;<\/li>\n<li>D\u00e9but des activit\u00e9s r\u00e9guli\u00e8res de l&rsquo;automne 2023 ;<\/li>\n<li>Le 40e anniversaire du CIMBCC ;<\/li>\n<li>Recyclage de mat\u00e9riel informatique.<\/li>\n<\/ul>\n<p><!--more--><\/p>\n<hr \/>\n<h4><strong>Membres et b\u00e9n\u00e9voles<\/strong><\/h4>\n<p style=\"text-align: justify;\">Le 1<sup>er<\/sup>\u00a0ao\u00fbt, le Club comptait 863\u00a0membres et 67\u00a0b\u00e9n\u00e9voles.<\/p>\n<p style=\"text-align: justify;\">Le conseil d\u2019administration a appris la d\u00e9mission de mesdames Colette Gervais et Raymonde Lemay, ainsi que celles de messieurs R\u00e9jean Bouchard, Denis Dulude, Gille Lepage, Pierre St-Aubin et Walter Pearce. Ces personnes cessent leurs activit\u00e9s de b\u00e9n\u00e9voles au Club et le conseil d\u2019administration tient \u00e0 leur exprimer ses plus sinc\u00e8res remerciements pour leur g\u00e9n\u00e9rosit\u00e9.<\/p>\n<p style=\"text-align: justify;\">Mesdames Nicole Proulx et Carole Desjardins se sont jointes \u00e0 Nicole Comtois dans l\u2019\u00e9quipe responsable des <a href=\"https:\/\/cimbcc.org\/test2\/autres-services\/communication-avec-les-membres-et-le-public\" target=\"_blank\" rel=\"noopener\">communications avec les membres et avec le public<\/a>.<\/p>\n<p style=\"text-align: justify;\">Denis B\u00e9langer a accept\u00e9 d\u2019\u00eatre responsable de la <a href=\"https:\/\/cimbcc.org\/test2\/a-propos-du-club\/nos-activites\/reproduction-de-documents\" target=\"_blank\" rel=\"noopener\">reproduction des documents<\/a> n\u00e9cessaires pour les activit\u00e9s du Club.<\/p>\n<p style=\"text-align: justify;\">Jean-Marie Turcotte succ\u00e8de \u00e0 Pierre St-Aubin comme responsable de <a href=\"https:\/\/cimbcc.org\/test2\/autres-services\/le-soutien-a-la-recuperation-de-materiel-informatique\">l\u2019atelier de recyclage<\/a>.<\/p>\n<p style=\"text-align: justify;\">Le Club est \u00e0 la recherche plusieurs personnes pour collaborer \u00e0 ses diff\u00e9rentes activit\u00e9s. En particulier, le conseil d\u2019administration est \u00e0 la recherche de deux b\u00e9n\u00e9voles pour prendre la responsabilit\u00e9\u00a0:<\/p>\n<ul>\n<li style=\"text-align: justify;\">de <a href=\"https:\/\/cimbcc.org\/test2\/autres-services\/adhesion-telephonique-et-accompagnement\" target=\"_blank\" rel=\"noopener\">l\u2019adh\u00e9sion t\u00e9l\u00e9phonique et accompagnement<\/a> ;<\/li>\n<li style=\"text-align: justify;\">des <a href=\"https:\/\/cimbcc.org\/test2\/autres-services\/activites-sociales\" target=\"_blank\" rel=\"noopener\">activit\u00e9s sociales<\/a> <em>\u2014 si personne ne se porte volontaire, le conseil d\u2019administration devra entre autres annuler le SOUPER DE NO\u00cbL<\/em>.<\/li>\n<\/ul>\n<hr \/>\n<h4 style=\"text-align: justify;\"><strong>D\u00e9but des activit\u00e9s r\u00e9guli\u00e8res de l&rsquo;automne 2023<\/strong><\/h4>\n<p style=\"text-align: justify;\">Les activit\u00e9s r\u00e9guli\u00e8res du Club pourront reprendre en septembre, comme pr\u00e9vu, gr\u00e2ce au travail pr\u00e9paratoire r\u00e9alis\u00e9 par les diff\u00e9rentes \u00e9quipes de b\u00e9n\u00e9voles qui en sont responsables.<\/p>\n<ul style=\"text-align: justify;\">\n<li style=\"text-align: justify;\">La <strong><em>Journ\u00e9e d\u2019information<\/em><\/strong> annuelle aura lieu au <strong><a href=\"https:\/\/cimbcc.org\/test2\/chalet-marie-victorin-saint-bruno\" target=\"_blank\" rel=\"noopener\">Chalet Marie-Victorin<\/a> le 5\u00a0septembre <\/strong> Tous y seront accueillis entre 13\u00a0h et 15\u00a0h\u00a030 pour devenir membres du Club ou pour renouveler leur adh\u00e9sion.<\/li>\n<\/ul>\n<p style=\"padding-left: 20px; text-align: justify;\">Tous pourront aussi y assister \u00e0 la pr\u00e9sentation de Michel Gagn\u00e9 sur les activit\u00e9s du Club de 13\u00a0h\u00a030 \u00e0 14\u00a0h\u00a045. Cette pr\u00e9sentation sera reprise en vid\u00e9oconf\u00e9rence le soir m\u00eame d\u00e8s 19\u00a0h\u00a030.<\/p>\n<ul style=\"text-align: justify;\">\n<li>Les <strong>calendriers<\/strong> des s\u00e9ances d\u2019information du mercredi et du vendredi sont accessibles par les boutons verts \u00e0 droite de la <a href=\"https:\/\/cimbcc.org\/test2\/\" target=\"_blank\" rel=\"noopener\">page d&rsquo;accueil<\/a> du site Web du Club.<\/li>\n<\/ul>\n<p style=\"padding-left: 20px; text-align: justify;\">La <a href=\"https:\/\/cimbcc.org\/test2\/wp-content\/uploads\/calendrier_serie_decouverte.pdf\" target=\"_blank\" rel=\"noopener\"><strong>s\u00e9rie<\/strong> <strong><em>D\u00e9couverte<\/em><\/strong><\/a> d\u00e9butera le mercredi\u00a0<strong>6\u00a0septembre<\/strong> en ligne exclusivement.<\/p>\n<p style=\"padding-left: 20px; text-align: justify;\">La <a href=\"https:\/\/cimbcc.org\/test2\/wp-content\/uploads\/calendrier_serie_facile.pdf\" target=\"_blank\" rel=\"noopener\"><strong>s\u00e9rie<\/strong> <strong><em>Facile<\/em><\/strong><\/a> d\u00e9butera le vendredi\u00a0<strong>8\u00a0septembre<\/strong>. Comme toutes les s\u00e9ances du vendredi apr\u00e8s-midi, cette premi\u00e8re s\u00e9ance se d\u00e9roulera simultan\u00e9ment en ligne et sur place au Chalet Marie-Victorin.<\/p>\n<p style=\"padding-left: 20px; text-align: justify;\">Le CHIP publiera bient\u00f4t un article de Guy B\u00e9langer qui pr\u00e9sentera les diff\u00e9rents sujets qui seront abord\u00e9s cet automne lors des s\u00e9ances des s\u00e9ries <em>Facile<\/em> et <em>D\u00e9couverte<\/em>.<\/p>\n<ul>\n<li>L\u2019\u00e9quipe de <a href=\"https:\/\/cimbcc.org\/test2\/entraide\/lassistance-avant-les-seances\" target=\"_blank\" rel=\"noopener\">l\u2019assistance avant les s\u00e9ances<\/a> reprendra ses activit\u00e9s le vendredi apr\u00e8s-midi d\u00e8s le <strong>8\u00a0septembre<\/strong>, mais le service sera aussi disponible le mercredi apr\u00e8s-midi au <a href=\"https:\/\/cimbcc.org\/test2\/centre-communautaire\" target=\"_blank\" rel=\"noopener\">Centre communautaire de Saint-Bruno<\/a>.<\/li>\n<li>Les b\u00e9n\u00e9voles de <a href=\"https:\/\/cimbcc.org\/test2\/autres-services\/accueil-en-salle\" target=\"_blank\" rel=\"noopener\">l\u2019accueil en salle<\/a> et de <a href=\"https:\/\/cimbcc.org\/test2\/autres-services\/adhesion-telephonique-et-accompagnement\" target=\"_blank\" rel=\"noopener\">l\u2019adh\u00e9sion t\u00e9l\u00e9phonique<\/a> sont pr\u00eats \u00e0 accueillir les membres et les personnes qui veulent adh\u00e9rer au Club.<\/li>\n<li>Les 15\u00a0<strong>ateliers<\/strong> pr\u00e9vus cet automne sont d\u00e9crits sur le site Web dans la section r\u00e9serv\u00e9e aux <a href=\"https:\/\/cimbcc.org\/test2\/partage-de-connaissances\/les-ateliers\" target=\"_blank\" rel=\"noopener\">ateliers<\/a>. La majorit\u00e9 d\u2019entre eux se d\u00e9rouleront en vid\u00e9oconf\u00e9rence.<\/li>\n<\/ul>\n<p style=\"padding-left: 20px; text-align: justify;\">Plusieurs ateliers populaires seront de nouveau offerts cet automne, mais un nouvel atelier est aussi annonc\u00e9\u00a0: <em>Utiliser <\/em>Gmail<em>, <\/em>Google Contacts<em> et <\/em>Agenda<em> sur ordinateurs et mobiles<\/em>.<\/p>\n<p style=\"padding-left: 20px; text-align: justify;\">Les membres du Club pourront s\u2019inscrire aux ateliers de leur choix du <strong>7 au 9\u00a0septembre<\/strong>. L\u2019inscription aux ateliers se fera \u00e0 m\u00eame la page du site Web qui d\u00e9crit chaque atelier.<\/p>\n<ul>\n<li style=\"text-align: justify;\">Les <a href=\"https:\/\/cimbcc.org\/test2\/partage-de-connaissances\/familiarisation-a-linternet\" target=\"_blank\" rel=\"noopener\">cours offerts dans les biblioth\u00e8ques<\/a> reprendront en septembre dans les biblioth\u00e8ques de <a href=\"https:\/\/cimbcc.org\/test2\/bibliotheque-de-saint-bruno\" target=\"_blank\" rel=\"noopener\">Saint-Bruno<\/a>, <a href=\"https:\/\/cimbcc.org\/test2\/bibliotheque-de-saint-basile\" target=\"_blank\" rel=\"noopener\">Saint-Basile<\/a> et <a href=\"https:\/\/cimbcc.org\/test2\/bibliotheque-de-sainte-julie\" target=\"_blank\" rel=\"noopener\">Sainte-Julie<\/a>. Les b\u00e9n\u00e9voles y accueilleront de nouveau les personnes qui veulent s\u2019initier \u00e0 l\u2019utilisation d\u2019un ordinateur et \u00e0 Internet.<\/li>\n<\/ul>\n<hr \/>\n<h4><strong>Le 40<sup>e<\/sup> anniversaire du CIMBCC<\/strong><\/h4>\n<p style=\"text-align: justify;\">Le montant de la <strong>cotisation<\/strong> sera identique \u00e0 l\u2019an dernier\u00a0: 20\u00a0$ pour une adh\u00e9sion individuelle, 30\u00a0$ pour un couple et 10\u00a0$ pour le conjoint ou la conjointe d\u2019une personne qui est d\u00e9j\u00e0 membre ou b\u00e9n\u00e9vole. Toutefois, la cotisation pay\u00e9e entre le 1<sup>er<\/sup>\u00a0juin et le 31\u00a0d\u00e9cembre 2023 donnera acc\u00e8s aux activit\u00e9s du Club <strong>jusqu\u2019en septembre 2025<\/strong> au lieu de septembre 2024.<\/p>\n<p style=\"text-align: justify;\">Pour marquer le 40<sup>e<\/sup>\u00a0anniversaire du Club, chaque b\u00e9n\u00e9vole pourra offrir le cadeau d\u2019une <strong>adh\u00e9sion gratuite au Club<\/strong> \u00e0 une personne ou \u00e0 un couple de son choix. Ceci sera possible jusqu\u2019au 31\u00a0d\u00e9cembre 2023.<\/p>\n<p style=\"text-align: justify;\">Le <strong>public sera invit\u00e9<\/strong> \u00e0 assister \u00e0 la <em>Journ\u00e9e d\u2019information<\/em> du <strong>5\u00a0septembre<\/strong> et aux trois pr\u00e9sentations sur Google Chrome que Sylvain Garneau fera les vendredis 8, 22 et 29\u00a0septembre. L\u2019acc\u00e8s \u00e0 ces quatre activit\u00e9s sera possible en salle comme en ligne et il sera <strong>gratuit<\/strong> <strong>pour tous.<\/strong><\/p>\n<p style=\"text-align: justify;\">Un <strong>article sera publi\u00e9<\/strong> dans le journal local pour faire conna\u00eetre le Club et inviter la population \u00e0 assister \u00e0 la <em>Journ\u00e9e d\u2019information<\/em> et aux trois s\u00e9ances sur Google Chrome.<\/p>\n<p style=\"text-align: justify;\">Une \u00e9quipe de b\u00e9n\u00e9voles occupera le <strong>kiosque<\/strong> des organismes au <a href=\"https:\/\/stbruno.ca\/loisirs-et-culture\/evenements\/marche-public-de-saint-bruno\/\" target=\"_blank\" rel=\"noopener\">march\u00e9 public de Saint-Bruno<\/a>, le samedi\u00a0<strong>2\u00a0septembre<\/strong>. Les passants seront invit\u00e9s \u00e0 s\u2019arr\u00eater et \u00e0 s\u2019informer sur les activit\u00e9s du Club. Ils seront aussi invit\u00e9s \u00e0 assister \u00e0 la <em>Journ\u00e9e d\u2019information<\/em> et aux trois s\u00e9ances sur Google Chrome.<\/p>\n<p style=\"text-align: justify;\"><a href=\"https:\/\/cimbcc.org\/test2\/a-propos-du-club\/histoire-du-club\" target=\"_blank\" rel=\"noopener\">L\u2019histoire du Club<\/a> a \u00e9t\u00e9 mise \u00e0 jour sur le site Web du Club. Elle sera aussi publi\u00e9e en trois parties dans le CHIP, en septembre. Un concours sera lanc\u00e9 pour encourager sa lecture. Le gagnant du concours sera annonc\u00e9 \u00e0 l\u2019assembl\u00e9e g\u00e9n\u00e9rale du <strong>18\u00a0octobre<\/strong>.<\/p>\n<hr \/>\n<h4><strong>Recyclage de mat\u00e9riel informatique<\/strong><\/h4>\n<p style=\"text-align: justify;\">Les ordinateurs \u00e0 recycler pourront \u00eatre apport\u00e9s \u00e0 <a href=\"https:\/\/cimbcc.org\/test2\/autres-services\/le-soutien-a-la-recuperation-de-materiel-informatique\" target=\"_blank\" rel=\"noopener\">l\u2019atelier du CIMBCC<\/a> au 1595, rue Montarville \u00e0 Saint-Bruno.<\/p>\n<p>Sylvie\u00a0Mazur, secr\u00e9taire du conseil d\u2019administration<\/p>\n","protected":false},"excerpt":{"rendered":"<p>Septembre \u00e9tant \u00e0 nos portes, les administrateurs du CIMBCC se sont r\u00e9unis pour faire le point sur l\u2019\u00e9volution des effectifs du Club \u2014 ses membres et ses b\u00e9n\u00e9voles \u2014 et pour passer en revue les activit\u00e9s de la rentr\u00e9e. Le Club a 40\u00a0ans et le conseil d\u2019administration a retenu quelques manifestations pour souligner cet anniversaire &hellip; <a href=\"https:\/\/cimbcc.org\/test2\/echos-du-conseil-dadministration-1er-aout-2023\/\" class=\"more-link\">Continuer la lecture de <span class=\"screen-reader-text\">\u00c9chos du conseil d&rsquo;administration &#8211; 1er ao\u00fbt 2023<\/span>  <span class=\"meta-nav\">&rarr;<\/span><\/a><\/p>\n","protected":false},"author":43,"featured_media":0,"comment_status":"open","ping_status":"closed","sticky":false,"template":"","format":"standard","meta":{"footnotes":""},"categories":[386],"tags":[959,1892,269,126,906,371,370,143,594],"class_list":["post-45257","post","type-post","status-publish","format-standard","hentry","category-echos-du-conseil-dadministration","tag-adhesion","tag-assistance-technique-en-salle","tag-ateliers","tag-benevoles","tag-cours-dans-les-bibliotheques","tag-decouverte","tag-facile","tag-journee-dinformation-et-dinscription","tag-membres"],"_links":{"self":[{"href":"https:\/\/cimbcc.org\/test2\/wp-json\/wp\/v2\/posts\/45257","targetHints":{"allow":["GET"]}}],"collection":[{"href":"https:\/\/cimbcc.org\/test2\/wp-json\/wp\/v2\/posts"}],"about":[{"href":"https:\/\/cimbcc.org\/test2\/wp-json\/wp\/v2\/types\/post"}],"author":[{"embeddable":true,"href":"https:\/\/cimbcc.org\/test2\/wp-json\/wp\/v2\/users\/43"}],"replies":[{"embeddable":true,"href":"https:\/\/cimbcc.org\/test2\/wp-json\/wp\/v2\/comments?post=45257"}],"version-history":[{"count":12,"href":"https:\/\/cimbcc.org\/test2\/wp-json\/wp\/v2\/posts\/45257\/revisions"}],"predecessor-version":[{"id":45481,"href":"https:\/\/cimbcc.org\/test2\/wp-json\/wp\/v2\/posts\/45257\/revisions\/45481"}],"wp:attachment":[{"href":"https:\/\/cimbcc.org\/test2\/wp-json\/wp\/v2\/media?parent=45257"}],"wp:term":[{"taxonomy":"category","embeddable":true,"href":"https:\/\/cimbcc.org\/test2\/wp-json\/wp\/v2\/categories?post=45257"},{"taxonomy":"post_tag","embeddable":true,"href":"https:\/\/cimbcc.org\/test2\/wp-json\/wp\/v2\/tags?post=45257"}],"curies":[{"name":"wp","href":"https:\/\/api.w.org\/{rel}","templated":true}]}}