{"id":4545,"date":"2013-01-25T10:00:04","date_gmt":"2013-01-25T15:00:04","guid":{"rendered":"https:\/\/cimbcc.org\/test2\/?p=4545"},"modified":"2023-10-16T22:16:52","modified_gmt":"2023-10-17T02:16:52","slug":"echos-du-conseil-dadministration-janvier-2013","status":"publish","type":"post","link":"https:\/\/cimbcc.org\/test2\/echos-du-conseil-dadministration-janvier-2013\/","title":{"rendered":"\u00c9chos du conseil d&rsquo;administration &#8211; 8 janvier 2013"},"content":{"rendered":"<figure id=\"attachment_5549\" aria-describedby=\"caption-attachment-5549\" style=\"width: 450px\" class=\"wp-caption aligncenter\"><img loading=\"lazy\" decoding=\"async\" class=\"size-full wp-image-5549\" src=\"https:\/\/cimbcc.org\/test2\/wp-content\/uploads\/Photo-Du-CA-2012-2013.jpg\" alt=\"\" width=\"450\" height=\"134\" srcset=\"https:\/\/cimbcc.org\/test2\/wp-content\/uploads\/Photo-Du-CA-2012-2013.jpg 450w, https:\/\/cimbcc.org\/test2\/wp-content\/uploads\/Photo-Du-CA-2012-2013-300x89.jpg 300w\" sizes=\"auto, (max-width: 450px) 100vw, 450px\" \/><figcaption id=\"caption-attachment-5549\" class=\"wp-caption-text\">De gauche \u00e0 droite\u00a0: Walter\u00a0Pearce, Francine\u00a0Fortier, R\u00e9jean\u00a0C\u00f4t\u00e9, Danielle\u00a0Bourque, Michel\u00a0Gagn\u00e9, Yvon\u00a0Gaudreau, Raymonde\u00a0Lemay, R\u00e9jean\u00a0Daigle, Sylvie\u00a0Mazur et Andr\u00e9\u00a0Charest. Denis\u00a0Dulude \u00e9tait absent au moment de la prise de la photo.<\/figcaption><\/figure>\n<p style=\"text-align: justify;\">Le 8 janvier dernier, le conseil d\u2019administration du club se r\u00e9unissait pour la premi\u00e8re fois en 2013.<\/p>\n<p style=\"text-align: justify;\"><!--more--><\/p>\n<p style=\"text-align: justify;\">Danielle Bourque a fait \u00e9tat de la participation aux s\u00e9ances de pr\u00e9sentations qui, par rapport \u00e0 l\u2019an dernier, a \u00e9t\u00e9 plus \u00e9lev\u00e9e en septembre et en octobre, avec des moyennes de 78 et 73 participants, mais moins \u00e9lev\u00e9e en novembre (moyenne\u00a0: 58\u00a0participants). Elle a \u00e9galement d\u00e9pos\u00e9 un projet de tableau statistique qui permettra de suivre l\u2019\u00e9volution du nombre des membres actifs de mois en mois, tout en ayant un point de comparaison avec l\u2019ann\u00e9e pr\u00e9c\u00e9dente. Une forme plus achev\u00e9e de ce tableau sera pr\u00e9sent\u00e9e \u00e0 une prochaine r\u00e9union. Par ailleurs, Danielle Bourque a r\u00e9it\u00e9r\u00e9 son intention de recruter des b\u00e9n\u00e9voles \u00e0 qui elle pourra d\u00e9l\u00e9guer certaines de ses responsabilit\u00e9s.<\/p>\n<p style=\"text-align: justify;\">Le projet de prospectus s\u2019est concr\u00e9tis\u00e9 par la pr\u00e9sentation d\u2019un contenu agr\u00e9ablement mis en forme gr\u00e2ce aux talents de Marie-Jos\u00e9e B\u00e2cle. Le conseil a d\u00e9cid\u00e9 d\u2019en faire imprimer un nombre limit\u00e9 afin d\u2019\u00e9valuer sa pertinence et son utilit\u00e9. Si l\u2019exp\u00e9rience s\u2019av\u00e8re positive, d\u2019autres exemplaires de cet outil de promotion du club pourront \u00eatre imprim\u00e9s pour l\u2019ann\u00e9e 2013-2014.<\/p>\n<p style=\"text-align: justify;\">Le brunch offert aux b\u00e9n\u00e9voles est pr\u00e9vu pour le 20\u00a0janvier au Chalet Marie-Victorin. Une quarantaine de personnes se sont inscrites pour prendre part \u00e0 cette activit\u00e9 annuelle qui permet aux b\u00e9n\u00e9voles de fraterniser. Le conseil a autoris\u00e9 Walter\u00a0Pearce \u00e0 engager les sommes n\u00e9cessaires pour cette activit\u00e9.<\/p>\n<p style=\"text-align: justify;\">Michel\u00a0Gagn\u00e9 a rendu compte du travail entrepris par le groupe des b\u00e9n\u00e9voles responsables du site Web du club, de sa mise \u00e0 jour, de l\u2019\u00e9dition r\u00e9guli\u00e8re de ses pages et de la production du <i>CHIP<\/i>. Le groupe a d\u00e9fini les responsabilit\u00e9s du webmestre et de son \u00e9quipe et il a \u00e9tabli les r\u00e8gles de conduite \u00e0 respecter pour assurer le bon fonctionnement du site et sa s\u00e9curit\u00e9. Le document qui pr\u00e9sente ces orientations a \u00e9t\u00e9 approuv\u00e9 par le conseil.<\/p>\n<p style=\"text-align: justify;\">Francine Fortier a d\u00e9pos\u00e9 un document sur la production du <i>CHIP<\/i> o\u00f9 sont d\u00e9finis le contenu du blogue, les r\u00e8gles \u00e0 suivre pour sa publication et celles pour la publication des commentaires re\u00e7us. Le conseil a aussi approuv\u00e9 ce document.<\/p>\n<p style=\"text-align: justify;\">Le club poss\u00e8de quelques ordinateurs qui sont confi\u00e9s \u00e0 des b\u00e9n\u00e9voles afin de leur permettre d\u2019offrir des services aux membres (ateliers, pr\u00e9sentations, assistance avant les s\u00e9ances, gestion du registre des membres). Le conseil d\u2019administration a approuv\u00e9 un document qui pr\u00e9cise les r\u00e8gles de conduite et les pratiques que doivent respecter ces b\u00e9n\u00e9voles. Chacun de ces derniers sera d\u2019ailleurs invit\u00e9 \u00e0 signer une copie de ce document pour attester qu\u2019il en a pris connaissance et qu\u2019il s\u2019engage \u00e0 assurer une utilisation efficace et s\u00e9curitaire de l\u2019\u00e9quipement dont il est responsable.<\/p>\n<p style=\"text-align: justify;\">Enfin, Walter\u00a0Pearce a rendu compte des activit\u00e9s de r\u00e9cup\u00e9ration du mat\u00e9riel informatique et \u00e9lectronique du club. Ainsi, en 2012, ce sont 71\u00a0510\u00a0kg de mat\u00e9riel qui ont \u00e9t\u00e9 trait\u00e9s, dont 685\u00a0ordinateurs et 1\u00a0180\u00a0t\u00e9l\u00e9viseurs. Ce service a permis, en cette seule ann\u00e9e, de donner sept\u00a0ordinateurs et 3\u00a0286\u00a0$ \u00e0 des organismes communautaires de Saint-Bruno. Walter\u00a0Pearce a aussi fait remarquer que ce service de r\u00e9cup\u00e9ration est dor\u00e9navant ouvert \u00e0 toute la population de l\u2019agglom\u00e9ration de Longueuil. Le conseil d\u2019administration a soulign\u00e9 l\u2019engagement des b\u00e9n\u00e9voles qui assurent ce service utile \u00e0 la communaut\u00e9.<\/p>\n<p style=\"text-align: justify;\">Sylvie Mazur<br \/>\nSecr\u00e9taire du CIMBCC<\/p>\n","protected":false},"excerpt":{"rendered":"<p>Le 8 janvier dernier, le conseil d\u2019administration du club se r\u00e9unissait pour la premi\u00e8re fois en 2013.<\/p>\n","protected":false},"author":43,"featured_media":0,"comment_status":"open","ping_status":"closed","sticky":false,"template":"","format":"standard","meta":{"footnotes":""},"categories":[386],"tags":[957,970,246,972,271,110,971],"class_list":["post-4545","post","type-post","status-publish","format-standard","hentry","category-echos-du-conseil-dadministration","tag-brochure","tag-brunch-des-benevoles","tag-chip","tag-gestion-des-ordinateurs","tag-presentations","tag-recuperation","tag-webmestres"],"_links":{"self":[{"href":"https:\/\/cimbcc.org\/test2\/wp-json\/wp\/v2\/posts\/4545","targetHints":{"allow":["GET"]}}],"collection":[{"href":"https:\/\/cimbcc.org\/test2\/wp-json\/wp\/v2\/posts"}],"about":[{"href":"https:\/\/cimbcc.org\/test2\/wp-json\/wp\/v2\/types\/post"}],"author":[{"embeddable":true,"href":"https:\/\/cimbcc.org\/test2\/wp-json\/wp\/v2\/users\/43"}],"replies":[{"embeddable":true,"href":"https:\/\/cimbcc.org\/test2\/wp-json\/wp\/v2\/comments?post=4545"}],"version-history":[{"count":32,"href":"https:\/\/cimbcc.org\/test2\/wp-json\/wp\/v2\/posts\/4545\/revisions"}],"predecessor-version":[{"id":26168,"href":"https:\/\/cimbcc.org\/test2\/wp-json\/wp\/v2\/posts\/4545\/revisions\/26168"}],"wp:attachment":[{"href":"https:\/\/cimbcc.org\/test2\/wp-json\/wp\/v2\/media?parent=4545"}],"wp:term":[{"taxonomy":"category","embeddable":true,"href":"https:\/\/cimbcc.org\/test2\/wp-json\/wp\/v2\/categories?post=4545"},{"taxonomy":"post_tag","embeddable":true,"href":"https:\/\/cimbcc.org\/test2\/wp-json\/wp\/v2\/tags?post=4545"}],"curies":[{"name":"wp","href":"https:\/\/api.w.org\/{rel}","templated":true}]}}