{"id":46192,"date":"2023-09-14T20:00:41","date_gmt":"2023-09-15T00:00:41","guid":{"rendered":"https:\/\/cimbcc.org\/test2\/?p=46192"},"modified":"2023-10-16T10:03:53","modified_gmt":"2023-10-16T14:03:53","slug":"echos-du-conseil-dadministration-29-aout-2023","status":"publish","type":"post","link":"https:\/\/cimbcc.org\/test2\/echos-du-conseil-dadministration-29-aout-2023\/","title":{"rendered":"\u00c9chos du conseil d&rsquo;administration &#8211; 29 ao\u00fbt 2023"},"content":{"rendered":"<figure id=\"attachment_42359\" aria-describedby=\"caption-attachment-42359\" style=\"width: 536px\" class=\"wp-caption alignleft\"><img loading=\"lazy\" decoding=\"async\" class=\"size-full wp-image-42359\" src=\"https:\/\/cimbcc.org\/test2\/wp-content\/uploads\/photo_conseil_dadministration_2022_2023-e1668820290183.jpg\" alt=\"\" width=\"536\" height=\"267\" srcset=\"https:\/\/cimbcc.org\/test2\/wp-content\/uploads\/photo_conseil_dadministration_2022_2023-e1668820290183.jpg 536w, https:\/\/cimbcc.org\/test2\/wp-content\/uploads\/photo_conseil_dadministration_2022_2023-e1668820290183-300x149.jpg 300w\" sizes=\"auto, (max-width: 536px) 100vw, 536px\" \/><figcaption id=\"caption-attachment-42359\" class=\"wp-caption-text\">Dans l&rsquo;ordre habituel : Danielle Barab\u00e9, Nicole Comtois, R\u00e9jean C\u00f4t\u00e9, C\u00e9line Dufresne,<br \/>Michel Gagn\u00e9, Richard Gervais, Sylvie Mazur, Michel Paul<\/figcaption><\/figure>\n<p style=\"text-align: justify;\">La r\u00e9union du conseil d\u2019administration du 29\u00a0ao\u00fbt \u00e9tait la derni\u00e8re occasion de v\u00e9rifier si tout \u00e9tait pr\u00eat pour lancer la 40<sup>e<\/sup>\u00a0saison du Club informatique Mont-Bruno. Ce qui fut fait apr\u00e8s avoir constat\u00e9 que 47\u00a0% des membres n\u2019avaient pas encore renouvel\u00e9 leur adh\u00e9sion au Club, que le Club comptait de nouveaux b\u00e9n\u00e9voles, mais que de nouveaux volontaires seraient bienvenus.<\/p>\n<p style=\"text-align: justify;\">Le conseil a \u00e9galement pr\u00e9par\u00e9 l\u2019assembl\u00e9e g\u00e9n\u00e9rale annuelle d\u2019octobre prochain et d\u00e9finit les objectifs de sa planification strat\u00e9gique. Enfin, le conseil a confirm\u00e9 le nom du Club malgr\u00e9 un \u00e9l\u00e9ment incorrect qu\u2019il contient.<strong>\u00a0<\/strong><\/p>\n<p style=\"text-align: justify;\"><!--more--><\/p>\n<hr \/>\n<h4><strong>Membres <\/strong><\/h4>\n<p style=\"text-align: justify;\">Fin ao\u00fbt, le Club comptait 895 membres. Toutefois, 426 d\u2019entre eux n\u2019avaient pas encore renouvel\u00e9 leur adh\u00e9sion ; ceux qui ne l\u2019auront pas fait d\u2019ici le 15 octobre seront retir\u00e9s de la liste des membres et n\u2019auront plus acc\u00e8s aux activit\u00e9s du Club.<\/p>\n<hr \/>\n<h4><strong>Nouveaux b\u00e9n\u00e9voles<\/strong><\/h4>\n<p style=\"text-align: justify;\">Le Club comptait 76\u00a0b\u00e9n\u00e9voles avec les suivants qui se sont joints \u00e0 l\u2019\u00e9quipe au cours du mois d\u2019ao\u00fbt\u00a0:<\/p>\n<ul>\n<li style=\"text-align: justify;\">Diane Toulouse Jodoin participera aux activit\u00e9s de l\u2019\u00e9quipe de <a href=\"https:\/\/cimbcc.org\/test2\/autres-services\/adhesion-telephonique-et-accompagnement\" target=\"_blank\" rel=\"noopener\">l\u2019adh\u00e9sion t\u00e9l\u00e9phonique et accompagnement<\/a>.<\/li>\n<li style=\"text-align: justify;\">Jean-Guy Rousseau fera une pr\u00e9sentation dans le cadre de la <a href=\"https:\/\/cimbcc.org\/test2\/wp-content\/uploads\/calendrier_serie_decouverte.pdf\" target=\"_blank\" rel=\"noopener\">s\u00e9rie <em>D\u00e9couverte<\/em><\/a>.<\/li>\n<li style=\"text-align: justify;\">Claude Faucher, Marc Ryan, Roger Martin, Richard Labrosse, Jean Malouin participeront \u00e0 <a href=\"https:\/\/cimbcc.org\/test2\/entraide\/lassistance-par-courriel\" target=\"_blank\" rel=\"noopener\">l\u2019assistance par courriel<\/a>.<\/li>\n<li style=\"text-align: justify;\">Andr\u00e9 Perreault et G\u00e9rard Delavignette sont disponibles ; leur champ d\u2019activit\u00e9 reste \u00e0 d\u00e9terminer.<\/li>\n<\/ul>\n<hr \/>\n<h4><strong>B\u00e9n\u00e9voles recherch\u00e9s<\/strong><\/h4>\n<p style=\"text-align: justify;\">Le Club recherche encore un responsable pour l\u2019\u00e9quipe <a href=\"https:\/\/cimbcc.org\/test2\/autres-services\/activites-sociales\" target=\"_blank\" rel=\"noopener\">des activit\u00e9s sociales<\/a> et un b\u00e9n\u00e9vole pour organiser le souper de No\u00ebl o\u00f9 les membres seront invit\u00e9s \u00e0 f\u00eater le 40<sup>e<\/sup>\u00a0anniversaire du Club.<\/p>\n<p style=\"text-align: justify;\">L\u2019\u00e9quipe qui fournit des services d\u2019adh\u00e9sion par t\u00e9l\u00e9phone et d\u2019accompagnement des nouveaux membres est aussi \u00e0 la recherche d\u2019un responsable.<\/p>\n<p style=\"text-align: justify;\">Les s\u00e9ances du vendredi apr\u00e8s-midi se tiennent au <a href=\"https:\/\/cimbcc.org\/test2\/partage-de-connaissances\/les-presentations-du-mercredi-et-du-vendredi\/chalet-marie-victorin-saint-bruno\" target=\"_blank\" rel=\"noopener\">Chalet Marie-Victorin<\/a>, mais les membres peuvent \u00e9galement y assister en se connectant \u00e0 une vid\u00e9oconf\u00e9rence diffus\u00e9e en direct. Les s\u00e9ances du mercredi soir se d\u00e9roulent exclusivement en ligne. Une poign\u00e9e de b\u00e9n\u00e9voles agissent comme mod\u00e9rateurs de ces vid\u00e9oconf\u00e9rences. Quelques mod\u00e9rateurs suppl\u00e9mentaires permettraient d\u2019all\u00e9ger la t\u00e2che de b\u00e9n\u00e9voles d\u00e9j\u00e0 bien occup\u00e9s.<\/p>\n<p style=\"text-align: justify;\">Les volontaires peuvent se manifester par courriel au <a href=\"mailto:cimbcc@cimbcc.org\" target=\"_blank\" rel=\"noopener\">cimbcc@cimbcc.org<\/a>. On communiquera avec eux pour r\u00e9pondre \u00e0 leurs questions et noter leur int\u00e9r\u00eat.<\/p>\n<hr \/>\n<h4><strong>Lancement de l\u2019ann\u00e9e\u00a02023-2024<\/strong><\/h4>\n<p style=\"text-align: justify;\">Le conseil a pass\u00e9 en revue les \u00e9l\u00e9ments du plan d\u2019action qu\u2019il s\u2019est donn\u00e9. Tous les b\u00e9n\u00e9voles ont \u00e9t\u00e9 mis \u00e0 contribution pour faire en sorte que les diff\u00e9rentes activit\u00e9s puissent se tenir comme pr\u00e9vu, que ce soit la <em>Journ\u00e9e d\u2019information<\/em>, les activit\u00e9s r\u00e9guli\u00e8res de partage de connaissances et d\u2019entraide, ou certaines activit\u00e9s destin\u00e9es \u00e0 souligner le 40<sup>e<\/sup>\u00a0anniversaire du Club.<\/p>\n<hr \/>\n<h4><strong>Pr\u00e9paration de l\u2019assembl\u00e9e g\u00e9n\u00e9rale annuelle<\/strong><\/h4>\n<p style=\"text-align: justify;\">La prochaine assembl\u00e9e g\u00e9n\u00e9rale annuelle (AGA) aura lieu le<strong> mercredi <span style=\"color: #ff0000;\">18\u00a0octobre<\/span><\/strong>, de 19\u00a0h\u00a030 \u00e0 20\u00a0h. Le conseil d\u2019administration a approuv\u00e9 le projet d\u2019avis de convocation et ses pi\u00e8ces jointes\u00a0:<\/p>\n<ul>\n<li style=\"text-align: justify;\">l\u2019ordre du jour de l\u2019AGA,<\/li>\n<li style=\"text-align: justify;\">le proc\u00e8s-verbal de l\u2019AGA de l\u2019an dernier,<\/li>\n<li style=\"text-align: justify;\">un document pr\u00e9sentant les modifications propos\u00e9es aux <em>R\u00e8glements g\u00e9n\u00e9raux<\/em> du Club.<\/li>\n<\/ul>\n<p style=\"text-align: justify;\">L\u2019avis de convocation et les pi\u00e8ces jointes seront transmis aux membres par courriel au cours de la derni\u00e8re semaine de\u00a0septembre. Le rapport annuel de 2022-2023 sera joint au message hebdomadaire de la fin de semaine pr\u00e9c\u00e9dant l\u2019AGA.<\/p>\n<p style=\"text-align: justify;\">Les membres seront invit\u00e9s \u00e0 prendre connaissance de ces documents avant l\u2019AGA parce qu\u2019ils ne seront pas lus pendant l\u2019assembl\u00e9e.<\/p>\n<hr \/>\n<h4><strong>Planification strat\u00e9gique pour 2023-2024<\/strong><\/h4>\n<p style=\"text-align: justify;\">Comme chaque ann\u00e9e, le conseil d\u2019administration s\u2019est fix\u00e9 des objectifs prioritaires pour l\u2019ann\u00e9e\u00a02023-2024. Les moyens destin\u00e9s \u00e0 atteindre ces objectifs seront d\u00e9termin\u00e9s au cours des prochaines rencontres.<\/p>\n<ul style=\"text-align: justify;\">\n<li>Augmenter le nombre de b\u00e9n\u00e9voles gestionnaires, pr\u00e9sentateurs et animateurs pour lib\u00e9rer nos b\u00e9n\u00e9voles cl\u00e9s qui sont surcharg\u00e9s.\n<ul style=\"text-align: justify; list-style-type: circle;\">\n<li>En 2022-2023, des mesures ont \u00e9t\u00e9 prises pour r\u00e9duire la charge de travail des gestionnaires du Club :\n<ul style=\"text-align: justify; list-style-type: square;\">\n<li>Pour r\u00e9duire la t\u00e2che du pr\u00e9sident, le <em>Mot du pr\u00e9sident<\/em> n\u2019est plus publi\u00e9 chaque mois.<\/li>\n<li>Pour r\u00e9duire la t\u00e2che des administrateurs, le conseil d\u2019administration a r\u00e9duit ses r\u00e9unions de 11 \u00e0 8 par ann\u00e9e. Il n\u2019y a donc plus de r\u00e9union en mars, juin, juillet et d\u00e9cembre. Les r\u00e9unions continueront \u00e0 se tenir en ligne pour r\u00e9duire les d\u00e9placements.<span style=\"color: #ffffff;\">z<\/span><\/li>\n<\/ul>\n<\/li>\n<\/ul>\n<\/li>\n<\/ul>\n<ul>\n<li>Am\u00e9liorer nos communications\u00a0:\n<ul style=\"list-style-type: circle;\">\n<li>avec les responsables d\u2019activit\u00e9s et les b\u00e9n\u00e9voles,<\/li>\n<li>avec les membres qui connaissent mal nos activit\u00e9s.<\/li>\n<\/ul>\n<\/li>\n<\/ul>\n<hr \/>\n<h4><strong>D\u00e9signation du Club<\/strong><\/h4>\n<p style=\"text-align: justify;\">Le nom du Club est <strong>Club informatique Mont-Bruno.<\/strong> C\u2019est le nom qu\u2019on retrouve dans les lettres patentes de 1996 qui cr\u00e9ent la corporation du Club. C\u2019est aussi sous ce nom que le Club est enregistr\u00e9 dans le\u00a0<em>Registre des entreprises<\/em>\u00a0du Qu\u00e9bec.<\/p>\n<p style=\"text-align: justify;\">Le nom du Club garde une trace de ses origines anglophones. Les anglophones utilisent souvent le terme <em>mont Bruno<\/em> pour d\u00e9signer le <em>mont Saint-Bruno<\/em>, erreur qu\u2019ils reproduisent dans la d\u00e9signation de plusieurs \u00e9tablissements (<em>Curling Mont-Bruno<\/em>, par exemple). Le Club devrait donc s\u2019appeler <em>Club informatique Mont-Saint-Bruno.<\/em> Malgr\u00e9 l\u2019erreur qu\u2019il contient, le conseil d\u2019administration a d\u00e9cid\u00e9 de maintenir le nom actuel du Club sous lequel il est largement connu.<\/p>\n<p style=\"text-align: justify;\">Le sigle usuel du Club est <strong>CIMBCC<\/strong>. Il correspond \u00e0 <em>Club informatique Mont-Bruno Computer Club<\/em>, nom qui a \u00e9t\u00e9 utilis\u00e9 \u00e0 l\u2019\u00e9poque o\u00f9 le Club r\u00e9unissait des anglophones. Le conseil d\u2019administration reconduit sa d\u00e9cision de maintenir ce sigle parce qu\u2019il est largement connu et utilis\u00e9 depuis 1997 dans le nom de domaine du site Web\u00a0: <a href=\"https:\/\/cimbcc.org\/test2\" target=\"_blank\" rel=\"noopener\">cimbcc.org<\/a>.<\/p>\n<p>Sylvie Mazur<br \/>\nSecr\u00e9taire du conseil d\u2019administration<\/p>\n","protected":false},"excerpt":{"rendered":"<p>La r\u00e9union du conseil d\u2019administration du 29\u00a0ao\u00fbt \u00e9tait la derni\u00e8re occasion de v\u00e9rifier si tout \u00e9tait pr\u00eat pour lancer la 40e\u00a0saison du Club informatique Mont-Bruno. Ce qui fut fait apr\u00e8s avoir constat\u00e9 que 47\u00a0% des membres n\u2019avaient pas encore renouvel\u00e9 leur adh\u00e9sion au Club, que le Club comptait de nouveaux b\u00e9n\u00e9voles, mais que de nouveaux &hellip; <a href=\"https:\/\/cimbcc.org\/test2\/echos-du-conseil-dadministration-29-aout-2023\/\" class=\"more-link\">Continuer la lecture de <span class=\"screen-reader-text\">\u00c9chos du conseil d&rsquo;administration &#8211; 29 ao\u00fbt 2023<\/span>  <span class=\"meta-nav\">&rarr;<\/span><\/a><\/p>\n","protected":false},"author":43,"featured_media":0,"comment_status":"open","ping_status":"closed","sticky":false,"template":"","format":"standard","meta":{"footnotes":""},"categories":[386],"tags":[1933,755,569,126,870,1935,594,1934],"class_list":["post-46192","post","type-post","status-publish","format-standard","hentry","category-echos-du-conseil-dadministration","tag-2023-2024","tag-aga","tag-assemblee-generale-annuelle","tag-benevoles","tag-cimbcc","tag-designation-du-club","tag-membres","tag-planification-strategique"],"_links":{"self":[{"href":"https:\/\/cimbcc.org\/test2\/wp-json\/wp\/v2\/posts\/46192","targetHints":{"allow":["GET"]}}],"collection":[{"href":"https:\/\/cimbcc.org\/test2\/wp-json\/wp\/v2\/posts"}],"about":[{"href":"https:\/\/cimbcc.org\/test2\/wp-json\/wp\/v2\/types\/post"}],"author":[{"embeddable":true,"href":"https:\/\/cimbcc.org\/test2\/wp-json\/wp\/v2\/users\/43"}],"replies":[{"embeddable":true,"href":"https:\/\/cimbcc.org\/test2\/wp-json\/wp\/v2\/comments?post=46192"}],"version-history":[{"count":14,"href":"https:\/\/cimbcc.org\/test2\/wp-json\/wp\/v2\/posts\/46192\/revisions"}],"predecessor-version":[{"id":46330,"href":"https:\/\/cimbcc.org\/test2\/wp-json\/wp\/v2\/posts\/46192\/revisions\/46330"}],"wp:attachment":[{"href":"https:\/\/cimbcc.org\/test2\/wp-json\/wp\/v2\/media?parent=46192"}],"wp:term":[{"taxonomy":"category","embeddable":true,"href":"https:\/\/cimbcc.org\/test2\/wp-json\/wp\/v2\/categories?post=46192"},{"taxonomy":"post_tag","embeddable":true,"href":"https:\/\/cimbcc.org\/test2\/wp-json\/wp\/v2\/tags?post=46192"}],"curies":[{"name":"wp","href":"https:\/\/api.w.org\/{rel}","templated":true}]}}