{"id":4624,"date":"2013-02-06T10:00:57","date_gmt":"2013-02-06T15:00:57","guid":{"rendered":"https:\/\/cimbcc.org\/test2\/?p=4624"},"modified":"2023-10-16T22:16:52","modified_gmt":"2023-10-17T02:16:52","slug":"editorial-fevrier-2013","status":"publish","type":"post","link":"https:\/\/cimbcc.org\/test2\/editorial-fevrier-2013\/","title":{"rendered":"\u00c9ditorial &#8211; f\u00e9vrier 2013"},"content":{"rendered":"<p align=\"CENTER\"><a href=\"https:\/\/cimbcc.org\/test2\/editorial-fevrier-2013\/photo-andre-charest-editorial-2\" rel=\"attachment wp-att-5376\"><img loading=\"lazy\" decoding=\"async\" class=\"aligncenter size-full wp-image-5376\" src=\"https:\/\/cimbcc.org\/test2\/wp-content\/uploads\/Photo-Andre-Charest-Editorial1.jpg\" alt=\"Photo-Andre-Charest-Editorial\" width=\"300\" height=\"82\" \/><\/a><\/p>\n<h4 style=\"text-align: left;\" align=\"CENTER\">La joie de conna\u00eetre et le respect<\/h4>\n<p style=\"text-align: justify;\">Notre premi\u00e8re mission est d\u2019offrir \u00e0 nos membres un cadre pour le partage de connaissances et l\u2019entraide en informatique. Notre principal outil pour le faire demeure les s\u00e9ances de pr\u00e9sentations.<\/p>\n<p style=\"text-align: justify;\">L\u2019\u00e9mission <i>Les ann\u00e9es lumi\u00e8re<\/i> de Radio-Canada nous a pr\u00e9sent\u00e9 le 13\u00a0janvier dernier la derni\u00e8re\u00a0entrevue t\u00e9l\u00e9 de Fernand\u00a0Seguin, notre grand vulgarisateur national d\u00e9c\u00e9d\u00e9 en 1988.<\/p>\n<p style=\"text-align: justify;\"><!--more--><\/p>\n<p style=\"text-align: justify;\">Dans cette entrevue, Fernand\u00a0Seguin nous parle de la transmission de la joie de conna\u00eetre. Cette joie de conna\u00eetre, il voulait qu\u2019elle soit transmise aux jeunes. Si vous l\u2019avez d\u00e9j\u00e0, soit depuis vos \u00e9tudes, vous \u00eates combl\u00e9.<\/p>\n<p style=\"text-align: justify;\">Mais la joie de conna\u00eetre peut se transmettre aux personnes de tout \u00e2ge. Il n\u2019est jamais trop tard. Je la vois comme un ingr\u00e9dient fondamental de qualit\u00e9 de vie.<\/p>\n<p style=\"text-align: justify;\">Nos pr\u00e9sentateurs vous transmettent des connaissances. S\u2019ils r\u00e9ussissent en plus \u00e0 inculquer la joie de conna\u00eetre \u00e0 ceux qui ne l\u2019ont pas d\u00e9j\u00e0, ils atteignent le sommet de leur art.<\/p>\n<p style=\"text-align: justify;\">Cette transmission de la joie de conna\u00eetre ne peut se faire sans un profond respect de son auditoire. Ce respect exige d\u2019abord et avant tout une bonne pr\u00e9paration. Ne pas bien se pr\u00e9parer \u00e0 pr\u00e9senter un sujet, c\u2019est manquer de respect envers son auditoire.<\/p>\n<p style=\"text-align: justify;\">Mais ce respect exige bien davantage. Il exige le respect de toutes les personnes devant soi, qu\u2019elles soient de niveau d\u00e9butant ou avanc\u00e9, des jeunes ou des moins jeunes, etc. Il n\u2019y a jamais de questions idiotes.<\/p>\n<p style=\"text-align: justify;\">Nos pr\u00e9sentateurs ne sont g\u00e9n\u00e9ralement pas des p\u00e9dagogues de formation. Ils ont appris \u00e0 faire des pr\u00e9sentations sur le tas. Quelques rares exceptions ont d\u00e9velopp\u00e9 cette capacit\u00e9 au club. C\u2019est <span style=\"color: #000000;\">munis<\/span> de leur exp\u00e9rience p\u00e9dagogique pratique et de leurs connaissances qu\u2019ils vous pr\u00e9sentent des sujets int\u00e9ressants, semaine apr\u00e8s semaine.<\/p>\n<p style=\"text-align: justify;\">\u00c0 ceux qui arrivent \u00e0 transmettre la joie de conna\u00eetre \u00e0 des personnes de leur auditoire, je dis bravo! ils vont au-del\u00e0 de la mission du club. Ils sont des as!<\/p>\n<p style=\"text-align: justify;\">Andr\u00e9 Charest<\/p>\n","protected":false},"excerpt":{"rendered":"<p>La joie de conna\u00eetre et le respect Notre premi\u00e8re mission est d\u2019offrir \u00e0 nos membres un cadre pour le partage de connaissances et l\u2019entraide en informatique. Notre principal outil pour le faire demeure les s\u00e9ances de pr\u00e9sentations. L\u2019\u00e9mission Les ann\u00e9es lumi\u00e8re de Radio-Canada nous a pr\u00e9sent\u00e9 le 13\u00a0janvier dernier la derni\u00e8re\u00a0entrevue t\u00e9l\u00e9 de Fernand\u00a0Seguin, notre &hellip; <a href=\"https:\/\/cimbcc.org\/test2\/editorial-fevrier-2013\/\" class=\"more-link\">Continuer la lecture de <span class=\"screen-reader-text\">\u00c9ditorial &#8211; f\u00e9vrier 2013<\/span>  <span class=\"meta-nav\">&rarr;<\/span><\/a><\/p>\n","protected":false},"author":43,"featured_media":0,"comment_status":"open","ping_status":"closed","sticky":false,"template":"","format":"standard","meta":{"footnotes":""},"categories":[8],"tags":[126,270],"class_list":["post-4624","post","type-post","status-publish","format-standard","hentry","category-editoriaux","tag-benevoles","tag-respect"],"_links":{"self":[{"href":"https:\/\/cimbcc.org\/test2\/wp-json\/wp\/v2\/posts\/4624","targetHints":{"allow":["GET"]}}],"collection":[{"href":"https:\/\/cimbcc.org\/test2\/wp-json\/wp\/v2\/posts"}],"about":[{"href":"https:\/\/cimbcc.org\/test2\/wp-json\/wp\/v2\/types\/post"}],"author":[{"embeddable":true,"href":"https:\/\/cimbcc.org\/test2\/wp-json\/wp\/v2\/users\/43"}],"replies":[{"embeddable":true,"href":"https:\/\/cimbcc.org\/test2\/wp-json\/wp\/v2\/comments?post=4624"}],"version-history":[{"count":35,"href":"https:\/\/cimbcc.org\/test2\/wp-json\/wp\/v2\/posts\/4624\/revisions"}],"predecessor-version":[{"id":25751,"href":"https:\/\/cimbcc.org\/test2\/wp-json\/wp\/v2\/posts\/4624\/revisions\/25751"}],"wp:attachment":[{"href":"https:\/\/cimbcc.org\/test2\/wp-json\/wp\/v2\/media?parent=4624"}],"wp:term":[{"taxonomy":"category","embeddable":true,"href":"https:\/\/cimbcc.org\/test2\/wp-json\/wp\/v2\/categories?post=4624"},{"taxonomy":"post_tag","embeddable":true,"href":"https:\/\/cimbcc.org\/test2\/wp-json\/wp\/v2\/tags?post=4624"}],"curies":[{"name":"wp","href":"https:\/\/api.w.org\/{rel}","templated":true}]}}