{"id":46331,"date":"2023-10-02T13:00:41","date_gmt":"2023-10-02T17:00:41","guid":{"rendered":"https:\/\/cimbcc.org\/test2\/?p=46331"},"modified":"2023-10-16T10:03:53","modified_gmt":"2023-10-16T14:03:53","slug":"histoire-du-cimbcc-2-de-3","status":"publish","type":"post","link":"https:\/\/cimbcc.org\/test2\/histoire-du-cimbcc-2-de-3\/","title":{"rendered":"Histoire du CIMBCC &#8211; 2 de 3"},"content":{"rendered":"<p><img loading=\"lazy\" decoding=\"async\" class=\"size-full wp-image-9534 aligncenter\" src=\"https:\/\/cimbcc.org\/test2\/wp-content\/uploads\/photo_Logo_cimbcc.jpg\" alt=\"photo_Logo_cimbcc\" width=\"150\" height=\"150\" srcset=\"https:\/\/cimbcc.org\/test2\/wp-content\/uploads\/photo_Logo_cimbcc.jpg 150w, https:\/\/cimbcc.org\/test2\/wp-content\/uploads\/photo_Logo_cimbcc-125x125.jpg 125w\" sizes=\"auto, (max-width: 150px) 100vw, 150px\" \/><\/p>\n<p style=\"text-align: justify;\">Voici la deuxi\u00e8me partie de l\u2019histoire du Club pour faire suite \u00e0 la premi\u00e8re partie publi\u00e9e la semaine derni\u00e8re.<\/p>\n<p style=\"text-align: justify;\">Vous trouverez aussi une question \u00e0 la fin de l\u2019article. Une bonne r\u00e9ponse \u00e0 cette question vous donnera une chance de participer au concours destin\u00e9 \u00e0 souligner le 40<sup>e<\/sup> anniversaire du Club. Les gagnants (un membre du Club et un non-membre) seront annonc\u00e9s <strong>\u00e0 la fin de l\u2019assembl\u00e9e g\u00e9n\u00e9rale annuelle du <span style=\"color: #ff0000;\">18 octobre<\/span><\/strong>.<\/p>\n<p style=\"text-align: justify;\">Bonne lecture !<\/p>\n<p><!--more--><\/p>\n<hr \/>\n<h4 style=\"text-align: center;\"><strong>Histoire du Club informatique Mont-Bruno<\/strong><\/h4>\n<h5 style=\"text-align: center;\"><em><strong>2<sup>e<\/sup> partie<\/strong><\/em><\/h5>\n<h5><strong>\u00a0<\/strong><em><strong>L\u2019accueil des d\u00e9butants<\/strong><\/em><\/h5>\n<p style=\"text-align: justify;\">Jusqu\u2019en 2006, les s\u00e9ances d\u2019information du Club \u00e9taient peu accessibles aux d\u00e9butants et aux personnes qui avaient suivi le cours d\u2019initiation offert par le Club dans les biblioth\u00e8ques. Plusieurs de ces personnes adh\u00e9raient au Club, mais elles se d\u00e9courageaient apr\u00e8s une ou deux s\u00e9ances et ne revenaient plus par la suite.<\/p>\n<p style=\"text-align: justify;\">Pour corriger la situation, <a href=\"https:\/\/cimbcc.org\/test2\/a-propos-du-club\/nos-membres-honoraires\/andre-charest\" target=\"_blank\" rel=\"noopener noreferrer\"><strong>Andr\u00e9 Charest<\/strong><\/a>,<strong> R\u00e9jean C\u00f4t\u00e9 et Michel Gagn\u00e9<\/strong> ont uni leurs efforts pour d\u00e9velopper un programme d\u2019accueil pour les d\u00e9butants. D\u2019une part, la dur\u00e9e des cours d\u2019initiation offerts \u00e0 la biblioth\u00e8que a \u00e9t\u00e9 allong\u00e9e de 4 \u00e0 18 heures, incluant 9 heures d\u2019exercices supervis\u00e9s. D\u2019autre part, une s\u00e9rie de 10 pr\u00e9sentations sur les concepts de base de l\u2019informatique et d\u2019Internet a \u00e9t\u00e9 ajout\u00e9e aux s\u00e9ances r\u00e9guli\u00e8res du Club pour compl\u00e9ter la formation re\u00e7ue \u00e0 la biblioth\u00e8que. C\u2019est ainsi qu\u2019est apparue ce que nous appelons aujourd\u2019hui la <a href=\"https:\/\/cimbcc.org\/test2\/partage-de-connaissances\/les-presentations-du-mercredi-et-du-vendredi\" target=\"_blank\" rel=\"noopener noreferrer\"><strong>s\u00e9rie <em>Facile<\/em><\/strong><\/a><em>.<\/em><\/p>\n<p style=\"text-align: justify;\">Une s\u00e9ance d\u2019information a aussi \u00e9t\u00e9 ajout\u00e9e le vendredi apr\u00e8s-midi dans le but d\u2019accueillir les gens pr\u00e9f\u00e9rant participer \u00e0 des activit\u00e9s durant le jour. Jusque-l\u00e0, toutes les s\u00e9ances hebdomadaires avaient eu lieu le mercredi soir.<\/p>\n<p style=\"text-align: justify;\">Ces changements, combin\u00e9s \u00e0 la popularit\u00e9 croissante d\u2019Internet, ont propuls\u00e9 le nombre des membres du Club de 209 en 2006 \u00e0 547 en 2010<em>. <\/em><strong><em>(<u><a href=\"https:\/\/cimbcc.org\/test2\/a-propos-du-club\/histoire-du-club\/evolution-du-nombre-de-membres\" target=\"_blank\" rel=\"noopener\">Voir l\u2019\u00e9volution du nombre des membres du Club<\/a>)<\/u><\/em><\/strong><\/p>\n<h5><em>La crise de croissance<\/em><\/h5>\n<p style=\"text-align: justify;\">L\u2019augmentation du nombre des membres n\u2019a pas \u00e9t\u00e9 sans causer certains probl\u00e8mes qui ont n\u00e9cessit\u00e9 divers ajustements. Il a fallu, par exemple, informatiser le registre des membres pour en faciliter la gestion. Ce registre a pris la forme d\u2019une base de donn\u00e9es sous la responsabilit\u00e9 de <a href=\"https:\/\/cimbcc.org\/test2\/a-propos-du-club\/nos-membres-honoraires\/robert-paradis\" target=\"_blank\" rel=\"noopener noreferrer\"><strong>Robert Paradis<\/strong><\/a> jusqu\u2019en 2010. <a href=\"https:\/\/cimbcc.org\/test2\/a-propos-du-club\/nos-membres-honoraires\/albert-richard\" target=\"_blank\" rel=\"noopener noreferrer\"><strong>Albert Richard<\/strong><\/a> a commenc\u00e9 \u00e0 y contribuer en 2007 avec G\u00e9rard Couture, puis il est devenu responsable du d\u00e9veloppement de cette base de donn\u00e9es en 2010. Michel Paul lui a succ\u00e9d\u00e9 en 2020.<\/p>\n<p style=\"text-align: justify;\">Autre n\u00e9cessit\u00e9\u00a0: se doter d\u2019un syst\u00e8me de tr\u00e9sorerie simple et efficace. C\u2019est ce qu\u2019a r\u00e9alis\u00e9 <a href=\"https:\/\/cimbcc.org\/test2\/a-propos-du-club\/nos-membres-honoraires\/genevieve-renaud\" target=\"_blank\" rel=\"noopener noreferrer\"><strong>Genevi\u00e8ve Renaud<\/strong><\/a>, tr\u00e9sori\u00e8re du Club de 2003 \u00e0 2005 et premi\u00e8re femme pr\u00e9sidente du Club en 1989-1990. Ce syst\u00e8me de gestion financi\u00e8re est encore en vigueur en 2018.<\/p>\n<p style=\"text-align: justify;\">De nouveaux b\u00e9n\u00e9voles ont \u00e9t\u00e9 recrut\u00e9s pour animer les diff\u00e9rentes activit\u00e9s du Club. L\u2019\u00e9nergie et les talents de ces nouveaux venus ont permis de donner du r\u00e9pit aux anciens b\u00e9n\u00e9voles. Les id\u00e9es des nouveaux b\u00e9n\u00e9voles ont aussi permis d\u2019am\u00e9liorer les activit\u00e9s existantes et m\u00eame d\u2019en cr\u00e9er de nouvelles.<\/p>\n<p style=\"text-align: justify;\">Ainsi, <strong>Jacques Lalibert\u00e9 <\/strong>a d\u00e9marr\u00e9 un <a href=\"https:\/\/cimbcc.org\/test2\/entraide\/lassistance-par-courriel\" target=\"_blank\" rel=\"noopener noreferrer\"><strong>service d\u2019assistance par courriel<\/strong><\/a> en mai 2007. Pour sa part, <strong>G\u00e9rard Couture<\/strong> a accept\u00e9 la responsabilit\u00e9 des communications hebdomadaires destin\u00e9es \u00e0 informer les membres des activit\u00e9s de la prochaine semaine. G\u00e9rard envoyait sa communication le dimanche matin, alors les membres l\u2019ont affectueusement surnomm\u00e9 <em>le message dominical<\/em>.<\/p>\n<p style=\"text-align: justify;\">Ce qui avait \u00e9t\u00e9 les SIG (<em>Special Interest Group<\/em>) dans les ann\u00e9es\u00a090, sont devenus les groupes d\u2019int\u00e9r\u00eat au d\u00e9but des ann\u00e9es\u00a02000, puis les <a href=\"https:\/\/cimbcc.org\/test2\/partage-de-connaissances\/les-ateliers\" target=\"_blank\" rel=\"noopener noreferrer\"><strong>ateliers<\/strong><\/a> apr\u00e8s 2010. Les principaux responsables en ont \u00e9t\u00e9 <a href=\"https:\/\/cimbcc.org\/test2\/a-propos-du-club\/nos-membres-honoraires\/michel-paul\" target=\"_blank\" rel=\"noopener noreferrer\"><strong>Michel Paul<\/strong><\/a>, <a href=\"https:\/\/cimbcc.org\/test2\/a-propos-du-club\/nos-membres-honoraires\/robert-paradis\" target=\"_blank\" rel=\"noopener noreferrer\"><strong>Robert Paradis<\/strong><\/a>, <a href=\"https:\/\/cimbcc.org\/test2\/a-propos-du-club\/nos-membres-honoraires\/roch-lafrance\" target=\"_blank\" rel=\"noopener noreferrer\"><strong>Roch Lafrance<\/strong><\/a>, <a href=\"https:\/\/cimbcc.org\/test2\/a-propos-du-club\/nos-membres-honoraires\/andre-charest\" target=\"_blank\" rel=\"noopener noreferrer\"><strong>Andr\u00e9 Charest<\/strong><\/a> et<strong> Berthe Demers<\/strong>. Ces activit\u00e9s de formation du Club ont pris une importance de plus en plus grande, passant de quelques SIG par ann\u00e9e \u00e0 plus de dix ateliers par saison.<\/p>\n<p style=\"text-align: justify;\">Des sondages ont \u00e9t\u00e9 effectu\u00e9s en 2005, 2008 et 2010 pour mieux conna\u00eetre les besoins et les int\u00e9r\u00eats des membres. Ensuite, le conseil d\u2019administration a d\u00e9cid\u00e9 d\u2019exploiter les possibilit\u00e9s offertes par Internet en lan\u00e7ant, au besoin, un sondage \u00e9clair \u00e0 l\u2019occasion de la publication d\u2019un article du CHIP. Chaque sondage peut ainsi porter sur une question pr\u00e9cise et les membres peuvent y r\u00e9pondre directement sur le site et, m\u00eame, avoir un aper\u00e7u des r\u00e9ponses enregistr\u00e9es.<\/p>\n<figure id=\"attachment_6812\" aria-describedby=\"caption-attachment-6812\" style=\"width: 150px\" class=\"wp-caption aligncenter\"><img loading=\"lazy\" decoding=\"async\" class=\"wp-image-6812 size-full\" src=\"https:\/\/cimbcc.org\/test2\/wp-content\/uploads\/photo-chalet-marie-victorin.jpg\" alt=\"photo-chalet-marie-victorin\" width=\"150\" height=\"150\" \/><figcaption id=\"caption-attachment-6812\" class=\"wp-caption-text\">Le Chalet Marie-Victorin o\u00f9 le Club s\u2019est r\u00e9uni depuis 2008<\/figcaption><\/figure>\n<h5><em><strong>Faits saillants des ann\u00e9es\u00a02010<\/strong><\/em><\/h5>\n<p style=\"text-align: justify;\">Le Club comptait 550\u00a0membres en 2010. Une <strong>augmentation importante des adh\u00e9sions<\/strong> a \u00e9t\u00e9 observ\u00e9e au cours des ann\u00e9es\u00a02013 \u00e0 2017, avec un sommet de 804\u00a0membres en 2015-2016. Cette augmentation importante est sans doute due \u00e0 la popularit\u00e9 des tablettes \u00e9lectroniques et au besoin de se familiariser avec le syst\u00e8me d\u2019exploitation Windows\u00a010. L\u2019engouement et l\u2019ins\u00e9curit\u00e9 suscit\u00e9s par la nouveaut\u00e9 s\u2019\u00e9tant estomp\u00e9s, le nombre des membres est revenu \u00e0 pr\u00e8s de 660 en 2019.<\/p>\n<p style=\"text-align: justify;\">En janvier 2012, le bulletin \u00e9lectronique du Club s\u2019est transform\u00e9 en <strong>blogue<\/strong>. L\u2019automne suivant, les visiteurs pouvaient enregistrer leurs commentaires sur les articles publi\u00e9s par le <a href=\"https:\/\/cimbcc.org\/test2\/partage-de-connaissances\/chip\" target=\"_blank\" rel=\"noopener\">CHIP<\/a>.<\/p>\n<p style=\"text-align: justify;\">Depuis 2013, la <strong>signature visuelle<\/strong> du Club a pris des allures professionnelles gr\u00e2ce aux talents artistiques et aux comp\u00e9tences en infographie de\u00a0<a href=\"https:\/\/cimbcc.org\/test2\/a-propos-du-club\/nos-membres-honoraires\/marie-jose-bacle\" target=\"_blank\" rel=\"noopener\"><strong>Marie-Jos\u00e9 B\u00e2cle<\/strong><\/a>. Sa contribution b\u00e9n\u00e9vole s\u2019\u00e9tend au site Web et \u00e0 tous les autres outils de communication et de promotion du Club.<\/p>\n<p style=\"text-align: justify;\">En 2013-2014, le Club a commenc\u00e9 \u00e0 proposer des s\u00e9ances d\u2019information et des <strong>ateliers sur les tablettes \u00e9lectroniques<\/strong> en plus des s\u00e9ances et des ateliers sur les ordinateurs.<\/p>\n<p style=\"text-align: justify;\">Depuis septembre 2014, <strong>l\u2019inscription aux ateliers<\/strong> se fait par Internet, directement sur le site du Club.<\/p>\n<p style=\"text-align: justify;\">Le site Web s\u2019est aussi enrichi d\u2019une section de <a href=\"https:\/\/cimbcc.org\/test2\/partage-de-connaissances\/les-tutoriels#haut_page\" target=\"_blank\" rel=\"noopener\">TUTORIELS<\/a> afin de rendre disponibles des tutoriels pr\u00e9par\u00e9s par les b\u00e9n\u00e9voles du Club sur des sujets d\u2019int\u00e9r\u00eat g\u00e9n\u00e9ral qui ont \u00e9t\u00e9 trait\u00e9s ou non lors des s\u00e9ances de pr\u00e9sentations. Cette section est inscrite sous l\u2019onglet PARTAGE DE CONNAISSANCES.<\/p>\n<p style=\"text-align: justify;\">Un onglet <a href=\"https:\/\/cimbcc.org\/test2\/creations-des-membres-maj\" target=\"_blank\" rel=\"noopener\">CR\u00c9ATION DES MEMBRES<\/a> a aussi \u00e9t\u00e9 ajout\u00e9 \u00e0 la page d\u2019accueil afin de faire conna\u00eetre diverses publications des membres du Club.<\/p>\n<p style=\"text-align: justify;\">En 2014,<strong> un wiki<\/strong> a \u00e9t\u00e9 ajout\u00e9 au serveur du Club pour accueillir les proc\u00e9dures du Club et permettre aux b\u00e9n\u00e9voles de les maintenir \u00e0 jour dans un environnement collaboratif.<\/p>\n<p style=\"text-align: justify;\"><strong>En 2018, le Club a f\u00eat\u00e9 son 35<sup>e<\/sup> anniversaire\u00a0<\/strong>! Celui-ci a \u00e9t\u00e9 soulign\u00e9 de diverses fa\u00e7ons et les festivit\u00e9s ont culmin\u00e9 lors du souper de No\u00ebl de d\u00e9cembre 2018. La contribution exceptionnelle du Club \u00e0 la communaut\u00e9 montarvilloise pendant toutes ces ann\u00e9es a \u00e9t\u00e9 reconnue par la Ville de Saint-Bruno-de-Montarville dont il a re\u00e7u la m\u00e9daille d\u2019or de l\u2019<strong>Ordre du M\u00e9rite<\/strong> en avril 2019.<\/p>\n<p style=\"text-align: justify;\">De 2011 \u00e0 2019, le statut de <a href=\"https:\/\/cimbcc.org\/test2\/a-propos-du-club\/nos-membres-honoraires\" target=\"_blank\" rel=\"noopener\">membre honoraire<\/a> a \u00e9t\u00e9 accord\u00e9 \u00e0 Andr\u00e9 Bergeron, au fr\u00e8re Oscar Bigras, \u00e0 Andr\u00e9 Charest, \u00e0 Roch Lafrance, \u00e0 Robert Paradis, \u00e0 Genevi\u00e8ve Renaud et \u00e0 Albert Richard.<\/p>\n<p style=\"text-align: justify;\"><em>Au cas o\u00fb vous auriez manqu\u00e9 la premi\u00e8re partie de l&rsquo;histoire du CIMBCC, vous pouvez la lire <a href=\"https:\/\/cimbcc.org\/test2\/histoire-du-cimbcc-1-de-3\" target=\"_blank\" rel=\"noopener\">en cliquant ici. <\/a><\/em><em>La troisi\u00e8me et derni\u00e8re partie de cette chronique historique sera pr\u00e9sent\u00e9e la semaine prochaine.<\/em><\/p>\n<hr \/>\n<p style=\"text-align: center;\"><span style=\"color: #ff0000;\"><strong>Les r\u00e9ponses \u00e0 la question 2 en vue du tirage du 18 octobre 2023 seront admises jusqu&rsquo;au 9 octobre 2023, exclusivement.<\/strong><\/span><\/p>\n<p><iframe loading=\"lazy\" src=\"https:\/\/docs.google.com\/forms\/d\/e\/1FAIpQLSfRwJL_zKt0RiKm4TBdtsa1fpneCojdRZ1oNw_ufHGhP1TjTQ\/viewform?embedded=true\" width=\"640\" height=\"1450\" frameborder=\"0\" marginwidth=\"0\" marginheight=\"0\">Chargement en cours\u2026<\/iframe><\/p>\n","protected":false},"excerpt":{"rendered":"<p>Voici la deuxi\u00e8me partie de l\u2019histoire du Club pour faire suite \u00e0 la premi\u00e8re partie publi\u00e9e la semaine derni\u00e8re. Vous trouverez aussi une question \u00e0 la fin de l\u2019article. Une bonne r\u00e9ponse \u00e0 cette question vous donnera une chance de participer au concours destin\u00e9 \u00e0 souligner le 40e anniversaire du Club. Les gagnants (un membre &hellip; <a href=\"https:\/\/cimbcc.org\/test2\/histoire-du-cimbcc-2-de-3\/\" class=\"more-link\">Continuer la lecture de <span class=\"screen-reader-text\">Histoire du CIMBCC &#8211; 2 de 3<\/span>  <span class=\"meta-nav\">&rarr;<\/span><\/a><\/p>\n","protected":false},"author":43,"featured_media":0,"comment_status":"open","ping_status":"closed","sticky":false,"template":"","format":"standard","meta":{"footnotes":""},"categories":[1897],"tags":[870,859,144,1936,1110],"class_list":["post-46331","post","type-post","status-publish","format-standard","hentry","category-chronique-historique","tag-cimbcc","tag-concours","tag-histoire","tag-prix","tag-tirage"],"_links":{"self":[{"href":"https:\/\/cimbcc.org\/test2\/wp-json\/wp\/v2\/posts\/46331","targetHints":{"allow":["GET"]}}],"collection":[{"href":"https:\/\/cimbcc.org\/test2\/wp-json\/wp\/v2\/posts"}],"about":[{"href":"https:\/\/cimbcc.org\/test2\/wp-json\/wp\/v2\/types\/post"}],"author":[{"embeddable":true,"href":"https:\/\/cimbcc.org\/test2\/wp-json\/wp\/v2\/users\/43"}],"replies":[{"embeddable":true,"href":"https:\/\/cimbcc.org\/test2\/wp-json\/wp\/v2\/comments?post=46331"}],"version-history":[{"count":16,"href":"https:\/\/cimbcc.org\/test2\/wp-json\/wp\/v2\/posts\/46331\/revisions"}],"predecessor-version":[{"id":46557,"href":"https:\/\/cimbcc.org\/test2\/wp-json\/wp\/v2\/posts\/46331\/revisions\/46557"}],"wp:attachment":[{"href":"https:\/\/cimbcc.org\/test2\/wp-json\/wp\/v2\/media?parent=46331"}],"wp:term":[{"taxonomy":"category","embeddable":true,"href":"https:\/\/cimbcc.org\/test2\/wp-json\/wp\/v2\/categories?post=46331"},{"taxonomy":"post_tag","embeddable":true,"href":"https:\/\/cimbcc.org\/test2\/wp-json\/wp\/v2\/tags?post=46331"}],"curies":[{"name":"wp","href":"https:\/\/api.w.org\/{rel}","templated":true}]}}