{"id":46406,"date":"2023-09-23T16:52:20","date_gmt":"2023-09-23T20:52:20","guid":{"rendered":"https:\/\/cimbcc.org\/test2\/?p=46406"},"modified":"2023-10-16T10:03:53","modified_gmt":"2023-10-16T14:03:53","slug":"usb-c-et-ios-17-chez-apple-mefiance-envers-votre-voiture-et-diaporama-video-a-laide-de-lapplication-photos","status":"publish","type":"post","link":"https:\/\/cimbcc.org\/test2\/usb-c-et-ios-17-chez-apple-mefiance-envers-votre-voiture-et-diaporama-video-a-laide-de-lapplication-photos\/","title":{"rendered":"USB-C et iOS 17 chez Apple, m\u00e9fiance envers votre voiture et diaporama vid\u00e9o \u00e0 l&rsquo;aide de l&rsquo;application Photos"},"content":{"rendered":"<figure id=\"attachment_24081\" aria-describedby=\"caption-attachment-24081\" style=\"width: 125px\" class=\"wp-caption aligncenter\"><img loading=\"lazy\" decoding=\"async\" class=\"size-full wp-image-24081\" src=\"https:\/\/cimbcc.org\/test2\/wp-content\/uploads\/photo_charron_denis.jpg\" alt=\"\" width=\"125\" height=\"125\" \/><figcaption id=\"caption-attachment-24081\" class=\"wp-caption-text\"><span style=\"color: #ffffff;\">mmm<\/span>Denis Charron<\/figcaption><\/figure>\n<p style=\"text-align: justify;\">Trois sujets sont pr\u00e9sent\u00e9s dans cet article :<\/p>\n<ul>\n<li style=\"text-align: justify;\">changements chez Apple : USB-C et iOS 17 ;<\/li>\n<li style=\"text-align: justify;\">m\u00e9fiance maintenant requise envers votre voiture ;<\/li>\n<li style=\"text-align: justify;\">cr\u00e9ation d&rsquo;un diaporama vid\u00e9o \u00e0 l&rsquo;aide de l&rsquo;application Photos.<\/li>\n<\/ul>\n<p><!--more--><\/p>\n<hr \/>\n<h4>Changements chez Apple : USB-C et iOS 17<\/h4>\n<h5 style=\"text-align: justify;\"><em>USB-C<\/em><\/h5>\n<p style=\"text-align: justify;\">Les appareils d&rsquo;Apple passent l&rsquo;un apr\u00e8s l&rsquo;autre \u00e0 la prise USB-C \u00e0 la suite d&rsquo;une <a href=\"https:\/\/cimbcc.org\/test2\/lunion-europeenne-impose-la-prise-usb-c-lecoute-des-livres-audio-et-suggestion-pour-les-clients-de-ebox\" target=\"_blank\" rel=\"noopener\">d\u00e9cision de l&rsquo;Union europ\u00e9enne<\/a>. Comme la conversion a d\u00e9j\u00e0 eu lieu pour les MacBook et les iPad, c&rsquo;est maintenant le tour de leurs t\u00e9l\u00e9phones intelligents.<\/p>\n<p style=\"text-align: justify;\">Outre son nouveau iPhone 15, Apple vient de mettre sur le march\u00e9 un adaptateur Lightning vers USB-C au prix de 40$, comme l&rsquo;explique <a href=\"https:\/\/ici.radio-canada.ca\/nouvelle\/2010104\/apple-store-adaptateur-lightning-usb-c-iphone-15-mini\" target=\"_blank\" rel=\"noopener\">cet article<\/a> du site Web de <em>Radio<\/em>&#8211;<em>Canada<\/em>. En faisant quelques recherches, j&rsquo;en ai trouv\u00e9 chez <a href=\"https:\/\/www.bestbuy.ca\/fr-ca\/collection\/usb-c-vers-lightining\/310118\" target=\"_blank\" rel=\"noopener\">Best Buy<\/a> \u00e0 aussi peu que 10$, en ligne, et 20$, en magasin. Il en existe aussi s\u00fbrement sur Amazon.ca.<\/p>\n<h5 style=\"text-align: justify;\"><em>iOS 17<\/em><\/h5>\n<p style=\"text-align: justify;\">Lanc\u00e9e le 18 septembre 2023, la nouvelle version iOS 17 pr\u00e9sente des nouveaut\u00e9s int\u00e9ressantes, dont trois \u00e9galement disponibles pour les iPhone lanc\u00e9s depuis le XS en 2018.<\/p>\n<p style=\"text-align: justify;\"><a href=\"https:\/\/www.lapresse.ca\/affaires\/techno\/2023-09-20\/ios-17\/trois-nouveautes-meme-pour-les-vieux-iphone.php\" target=\"_blank\" rel=\"noopener\">Cet article<\/a> du site Web de <em>La Presse<\/em> mentionne ces possibilit\u00e9s :<\/p>\n<ol>\n<li style=\"text-align: justify;\">transformer son iPhone en console intelligente ;<\/li>\n<li style=\"text-align: justify;\">\u00e9changer cartes de visite et documents en collant deux appareils ;<\/li>\n<li style=\"text-align: justify;\">changer le foyer d\u2019une photo en mode Portrait.<\/li>\n<\/ol>\n<hr \/>\n<h4>M\u00e9fiance maintenant requise envers votre voiture<\/h4>\n<p style=\"text-align: justify;\">Il faut maintenant s&rsquo;inqui\u00e9ter de ce que votre voiture envoie comme donn\u00e9es \u00e0 son constructeur. Les syst\u00e8mes connect\u00e9s transmettent beaucoup d&rsquo;informations sur vous, comme vos destinations (GPS), vos choix musicaux et, m\u00eame, vos conversations. <a href=\"https:\/\/rpmweb.ca\/actualites-et-chroniques\/actualites\/techno\/donnees-personnelles-votre-vehicule-vous-espionne-plus-que-vous-ne-le-croyez\" target=\"_blank\" rel=\"noopener\">Cet article<\/a> du site Web <em>RPM<\/em> vous brosse un portrait surprenant.<\/p>\n<hr \/>\n<h4 style=\"text-align: justify;\">Cr\u00e9ation d&rsquo;un diaporama vid\u00e9o \u00e0 l&rsquo;aide de l&rsquo;application Photos<\/h4>\n<p style=\"text-align: justify;\">Pr\u00e9sent dans Windows 11, le logiciel <a href=\"https:\/\/en.wikipedia.org\/wiki\/Photos_(Windows)\" target=\"_blank\" rel=\"noopener\">Photos<\/a> permet de cr\u00e9er un diaporama vid\u00e9o o\u00f9 vous pouvez ajouter du texte et du son ainsi que d\u00e9terminer le temps d&rsquo;apparition de chaque photo.<\/p>\n<p style=\"text-align: justify;\"><a href=\"https:\/\/www.pcastuces.com\/pratique\/multimedia\/diaporama_photos_windows_11\/page1.htm\" target=\"_blank\" rel=\"noopener\">Cet article<\/a> du site Web de <em>PC<\/em> <em>Astuces<\/em> pr\u00e9sente un dossier assez complet pour r\u00e9aliser un tel projet.<\/p>\n<p>Denis Charron<\/p>\n","protected":false},"excerpt":{"rendered":"<p>Trois sujets sont pr\u00e9sent\u00e9s dans cet article : changements chez Apple : USB-C et iOS 17 ; m\u00e9fiance maintenant requise envers votre voiture ; cr\u00e9ation d&rsquo;un diaporama vid\u00e9o \u00e0 l&rsquo;aide de l&rsquo;application Photos.<\/p>\n","protected":false},"author":43,"featured_media":0,"comment_status":"open","ping_status":"closed","sticky":false,"template":"","format":"standard","meta":{"footnotes":""},"categories":[403],"tags":[427,629,1937,1712,677,1811,1909,1938,1378],"class_list":["post-46406","post","type-post","status-publish","format-standard","hentry","category-applications","tag-apple","tag-automobile","tag-constructeur-automobile","tag-diaporama","tag-donnees-personnelles","tag-ios-17","tag-iphone-15","tag-photos","tag-usb-c"],"_links":{"self":[{"href":"https:\/\/cimbcc.org\/test2\/wp-json\/wp\/v2\/posts\/46406","targetHints":{"allow":["GET"]}}],"collection":[{"href":"https:\/\/cimbcc.org\/test2\/wp-json\/wp\/v2\/posts"}],"about":[{"href":"https:\/\/cimbcc.org\/test2\/wp-json\/wp\/v2\/types\/post"}],"author":[{"embeddable":true,"href":"https:\/\/cimbcc.org\/test2\/wp-json\/wp\/v2\/users\/43"}],"replies":[{"embeddable":true,"href":"https:\/\/cimbcc.org\/test2\/wp-json\/wp\/v2\/comments?post=46406"}],"version-history":[{"count":7,"href":"https:\/\/cimbcc.org\/test2\/wp-json\/wp\/v2\/posts\/46406\/revisions"}],"predecessor-version":[{"id":46434,"href":"https:\/\/cimbcc.org\/test2\/wp-json\/wp\/v2\/posts\/46406\/revisions\/46434"}],"wp:attachment":[{"href":"https:\/\/cimbcc.org\/test2\/wp-json\/wp\/v2\/media?parent=46406"}],"wp:term":[{"taxonomy":"category","embeddable":true,"href":"https:\/\/cimbcc.org\/test2\/wp-json\/wp\/v2\/categories?post=46406"},{"taxonomy":"post_tag","embeddable":true,"href":"https:\/\/cimbcc.org\/test2\/wp-json\/wp\/v2\/tags?post=46406"}],"curies":[{"name":"wp","href":"https:\/\/api.w.org\/{rel}","templated":true}]}}