{"id":46786,"date":"2023-10-17T17:00:35","date_gmt":"2023-10-17T21:00:35","guid":{"rendered":"https:\/\/cimbcc.org\/test2\/?p=46786"},"modified":"2023-10-18T10:08:13","modified_gmt":"2023-10-18T14:08:13","slug":"courrier-des-lectrices-et-des-lecteurs-iphone-12-et-diffusion-en-differe-des-presentations","status":"publish","type":"post","link":"https:\/\/cimbcc.org\/test2\/courrier-des-lectrices-et-des-lecteurs-iphone-12-et-diffusion-en-differe-des-presentations\/","title":{"rendered":"Courrier des lectrices et des lecteurs : iPhone 12 et diffusion en diff\u00e9r\u00e9 des pr\u00e9sentations"},"content":{"rendered":"<p><img loading=\"lazy\" decoding=\"async\" class=\"size-full wp-image-33035 aligncenter\" src=\"https:\/\/cimbcc.org\/test2\/wp-content\/uploads\/chip_2021_02_03_courrier_3.png\" alt=\"\" width=\"300\" height=\"198\" srcset=\"https:\/\/cimbcc.org\/test2\/wp-content\/uploads\/chip_2021_02_03_courrier_3.png 300w, https:\/\/cimbcc.org\/test2\/wp-content\/uploads\/chip_2021_02_03_courrier_3-120x80.png 120w\" sizes=\"auto, (max-width: 300px) 100vw, 300px\" \/><\/p>\n<p style=\"text-align: justify;\">Les lectrices et les lecteurs laissent parfois des questions ou des commentaires en utilisant l&rsquo;onglet <a href=\"https:\/\/cimbcc.org\/test2\/nous-joindre\/nous-joindre-le-chip\" target=\"_blank\" rel=\"noopener\"><strong>Nous joindre<\/strong><\/a> du site Web du Club.<\/p>\n<p style=\"text-align: justify;\">Cet article d\u00e9veloppera deux sujets r\u00e9cemment soulev\u00e9s :<\/p>\n<ul style=\"text-align: justify;\">\n<li>l\u2019iPhone 12 temporairement retir\u00e9 du march\u00e9 en France ;<\/li>\n<li>le droit \u00e0 l&rsquo;image et la diffusion en diff\u00e9r\u00e9 des pr\u00e9sentations du mercredi et du vendredi.<\/li>\n<\/ul>\n<p><!--more--><\/p>\n<hr \/>\n<h4 style=\"text-align: justify;\"><strong>L\u2019iPhone 12 temporairement retir\u00e9 du march\u00e9 en France<\/strong><\/h4>\n<h5><em>La g\u00e9n\u00e9ration 2020 des t\u00e9l\u00e9phones cellulaires Apple<\/em><\/h5>\n<p style=\"text-align: justify;\">La famille des iPhone 12, iPhone 12 Mini, iPhone 12 Pro et iPhone 12 Pro Max a \u00e9t\u00e9 mise en march\u00e9 par Apple <a href=\"https:\/\/fr.wikipedia.org\/wiki\/IPhone_12\" target=\"_blank\" rel=\"noopener\">en octobre 2020<\/a>. Ces appareils ne sont plus disponibles sur le march\u00e9 de l\u2019\u00e9quipement neuf, mais plusieurs personnes les emploient encore.<\/p>\n<h5><em>Micro-ondes : puissance \u00e9mise et absorb\u00e9e<\/em><\/h5>\n<p style=\"text-align: justify;\">La technologie cellulaire <a href=\"https:\/\/fr.wikipedia.org\/wiki\/4G\" target=\"_blank\" rel=\"noopener\">4G<\/a> utilise les fr\u00e9quences 700, 850, 1900 et 2100 MHz alors que la <a href=\"https:\/\/fr.wikipedia.org\/wiki\/5G\" target=\"_blank\" rel=\"noopener\">5G<\/a> monte \u00e0 2600 MHz. Ces fr\u00e9quences dans la gamme des <a href=\"https:\/\/fr.wikipedia.org\/wiki\/Micro-onde\" target=\"_blank\" rel=\"noopener\">micro-ondes<\/a> peuvent \u00eatre dangereuses pour l\u2019humain suivant la puissance de l\u2019\u00e9metteur et la distance de la source.<\/p>\n<p style=\"text-align: justify;\">Un t\u00e9l\u00e9phone cellulaire typique peut \u00e9mettre des ondes avec une puissance de l&rsquo;ordre de 300 mW, mais il est programm\u00e9 pour utiliser seulement le minimum requis pour garder une communication intelligible. Ceci permet d&rsquo;ailleurs d&rsquo;augmenter son autonomie.<\/p>\n<p style=\"text-align: justify;\">En France, l\u2019Agence nationale des fr\u00e9quences (ANFR) <a href=\"https:\/\/www.anfr.fr\/maitriser\/equipements-radioelectriques\/le-debit-dabsorption-specifique-das\/le-das-cest-quoi\" target=\"_blank\" rel=\"noopener\">contr\u00f4le l\u2019exposition du public aux ondes \u00e9lectromagn\u00e9tiques<\/a> en v\u00e9rifiant les \u00e9missions provenant des t\u00e9l\u00e9phones cellulaires. Au Canada, la surveillance \u00e9quivalente est faite par le minist\u00e8re de l\u2019Innovation, des Sciences et du D\u00e9veloppement \u00e9conomique (ISDE).<\/p>\n<p style=\"text-align: justify;\">Une partie de l\u2019\u00e9nergie \u00e9mise par les t\u00e9l\u00e9phones cellulaires est absorb\u00e9e par le corps humain. Le <a href=\"https:\/\/fr.wikipedia.org\/wiki\/D\u00e9bit_d%27absorption_sp\u00e9cifique\" target=\"_blank\" rel=\"noopener\">d\u00e9bit d\u2019absorption sp\u00e9cifique (DAS)<\/a>, exprim\u00e9 en watts par kilogramme (W\/kg), se mesure au niveau de la t\u00eate, du tronc et des membres.<\/p>\n<h5><em>Retrait temporaire des iPhone 12 en France<\/em><\/h5>\n<p style=\"text-align: justify;\">Le 12 septembre 2023, l\u2019ANFR a demand\u00e9 le retrait temporaire des iPhone 12. Au niveau des membres, le DAS mesur\u00e9 de 5,74 W\/kg exc\u00e9dait le maximum admissible en France de 4 W\/kg. Le 15 septembre 2023, une mise \u00e0 jour logicielle de Apple a diminu\u00e9 le DAS \u00e0 3,94 W\/kg, comme l\u2019explique <a href=\"https:\/\/ici.radio-canada.ca\/nouvelle\/2013920\/apple-iphone-12-france-ondes-electromagnetiques\" target=\"_blank\" rel=\"noopener\">cet article<\/a> du site Web de <em>Radio-Canada<\/em> publi\u00e9 le 29 septembre 2023.<\/p>\n<p style=\"padding-left: 40px; text-align: justify;\"><em>\u00ab Au Canada, le minist\u00e8re de l&rsquo;Innovation, des Sciences et du D\u00e9veloppement \u00e9conomique (ISDE) a affirm\u00e9 \u00e0 Radio-Canada avoir men\u00e9, en f\u00e9vrier 2023, une v\u00e9rification de l&rsquo;iPhone 12, dont <strong>les r\u00e9sultats \u00e9taient conformes aux limites applicables canadiennes<\/strong>. Toutefois, en raison de la prise de position de la France, l&rsquo;ISDE indique que des mesures additionnelles [seront prises] afin de r\u00e9affirmer la conformit\u00e9 de ce produit.\u00a0\u00bb<\/em><\/p>\n<h5><em>Recommandation<\/em><\/h5>\n<p style=\"text-align: justify;\">Compte tenu des informations pr\u00e9c\u00e9dentes, il ne semble pas y avoir de probl\u00e8me \u00e0 utiliser des t\u00e9l\u00e9phones de la famille de l\u2019iPhone 12.<\/p>\n<hr \/>\n<h4 style=\"text-align: justify;\"><strong>Le droit \u00e0 l&rsquo;image et les pr\u00e9sentations du mercredi et du vendredi<\/strong><\/h4>\n<h5><em>Enregistrement des pr\u00e9sentations<\/em><\/h5>\n<p style=\"text-align: justify;\">Le logiciel Zoom permettrait facilement d\u2019enregistrer le flux vid\u00e9o diffus\u00e9 lors des pr\u00e9sentations du mercredi soir et du vendredi apr\u00e8s-midi. Il pourrait d\u2019ailleurs en \u00eatre de m\u00eame lors des ateliers. Il y a toutefois des difficult\u00e9s l\u00e9gales et logistiques en lien avec cette possibilit\u00e9.<\/p>\n<h5><em>Le Code civil et le droit \u00e0 l&rsquo;image<\/em><\/h5>\n<p style=\"text-align: justify;\">Au Qu\u00e9bec, le <a href=\"https:\/\/blogue.soquij.qc.ca\/2019\/03\/12\/le-droit-a-limage-quelques-exemples-jurisprudentiels\/#:~:text=Le%20droit%20\u00e0%20l%27image%20est%20une%20composante%20du%20droit,35.\" target=\"_blank\" rel=\"noopener\">droit \u00e0 l\u2019image<\/a> est r\u00e9gi par les articles 35 et 36 du <a href=\"https:\/\/www.legisquebec.gouv.qc.ca\/fr\/document\/lc\/ccq-1991\" target=\"_blank\" rel=\"noopener\"><em>Code civil du Qu\u00e9bec<\/em><\/a>. Les \u00e9l\u00e9ments les plus pertinents pour le Club sont en caract\u00e8res gras.<\/p>\n<p style=\"padding-left: 40px; text-align: justify;\">\u00ab <strong>35.<\/strong> Toute personne a droit au respect de sa r\u00e9putation et de sa vie priv\u00e9e.<br \/>\n<strong>Nulle atteinte ne peut \u00eatre port\u00e9e \u00e0 la vie priv\u00e9e d\u2019une personne sans que celle-ci y consente ou sans que la loi l\u2019autorise.<\/strong> \u00bb<\/p>\n<p style=\"padding-left: 40px; text-align: justify;\">\u00ab <strong>36.<\/strong> Peuvent \u00eatre notamment consid\u00e9r\u00e9s comme des atteintes \u00e0 la vie priv\u00e9e d\u2019une personne les actes suivants:<br \/>\n1\u00b0\u00a0 P\u00e9n\u00e9trer chez elle ou y prendre quoi que ce soit;<br \/>\n2\u00b0\u00a0 Intercepter ou utiliser volontairement une communication priv\u00e9e;<br \/>\n3\u00b0\u00a0 <strong>Capter ou utiliser son image ou sa voix lorsqu\u2019elle se trouve dans des lieux priv\u00e9s;<br \/>\n<\/strong>4\u00b0\u00a0 Surveiller sa vie priv\u00e9e par quelque moyen que ce soit;<br \/>\n5\u00b0\u00a0 <strong>Utiliser son nom, son image, sa ressemblance ou sa voix \u00e0 toute autre fin que l\u2019information l\u00e9gitime du public;<br \/>\n<\/strong>6\u00b0\u00a0 Utiliser sa correspondance, ses manuscrits ou ses autres documents personnels. \u00bb<\/p>\n<h5><em>Les cons\u00e9quences pour le CIMBCC<\/em><\/h5>\n<p style=\"text-align: justify;\">Il serait n\u00e9cessaire d\u2019<strong>obtenir l\u2019autorisation pr\u00e9alable de toutes les personnes<\/strong> afin d\u2019enregistrer les images, les paroles et les identifications des participants aux vid\u00e9oconf\u00e9rences Zoom.<\/p>\n<p style=\"text-align: justify;\">Il serait toujours possible d\u2019<strong>\u00e9diter les enregistrements<\/strong> pour enlever les \u00e9l\u00e9ments permettant l\u2019identification des individus en brouillant les images et en supprimant les noms. C\u2019est d\u2019ailleurs ce que font les diffuseurs publics lorsque des enfants sont visibles \u00e0 la t\u00e9l\u00e9vision.<\/p>\n<p style=\"text-align: justify;\">Toutefois, les responsables des pr\u00e9sentations hebdomadaires et le conseil d\u2019administration du Club consid\u00e8rent que c\u2019est un travail suppl\u00e9mentaire excessif \u00e0 demander \u00e0 nos b\u00e9n\u00e9voles<span style=\"color: #000000;\">.\u00a0D&rsquo;autant plus que le Club manque pr\u00e9sentement de ceux-ci et que plusieurs b\u00e9n\u00e9voles cl\u00e9s sont d\u00e9j\u00e0 surcharg\u00e9s.<\/span><\/p>\n<h5><em>L&rsquo;impact sur les pr\u00e9sentatrices et pr\u00e9sentateurs<\/em><\/h5>\n<p style=\"text-align: justify;\">De plus, plusieurs pr\u00e9sentatrices et pr\u00e9sentateurs ont exprim\u00e9 des r\u00e9ticences \u00e0 l&rsquo;enregistrement des s\u00e9ances. Ils ne sont pas des sp\u00e9cialistes de la communication. Ce sont de simples b\u00e9n\u00e9voles qui font leur possible pour partager leurs connaissances. Ils sont bien pr\u00eats \u00e0 tol\u00e9rer le stress de faire une pr\u00e9sentation et, m\u00eame, de la faire en mode de vid\u00e9oconf\u00e9rence, mais ils ne sont pas chauds \u00e0 l&rsquo;id\u00e9e de voir leurs erreurs ou leurs grimaces immortalis\u00e9es et se promener sur Internet.<\/p>\n<p style=\"text-align: justify;\">L&rsquo;utilisation de Zoom nous a d\u00e9j\u00e0 fait perdre quelques pr\u00e9sentateurs. L&rsquo;enregistrement des s\u00e9ances r\u00e9duirait encore le nombre de pr\u00e9sentateurs \u00e0 un moment o\u00f9 le Club peine \u00e0 en recruter.<\/p>\n<h5 style=\"text-align: justify;\"><em>Conclusion<\/em><\/h5>\n<p style=\"text-align: justify;\">Bien que la diffusion en diff\u00e9r\u00e9 des pr\u00e9sentations ou des ateliers puisse comporter un int\u00e9r\u00eat \u00e9vident pour certaines personnes, la d\u00e9cision a \u00e9t\u00e9 prise de ne pas aller dans cette direction. Il est donc tr\u00e8s important pour les membres d&rsquo;assister aux s\u00e9ances <span style=\"color: #ff0000;\"><span style=\"color: #000000;\">au moment de leur diffusion<\/span> <\/span>afin de profiter au maximum de l&rsquo;information gracieusement fournie par nos g\u00e9n\u00e9reux b\u00e9n\u00e9voles.<\/p>\n<h5><em>Remerciements<\/em><\/h5>\n<p style=\"text-align: justify;\">Je tiens \u00e0 remercier Michel Gagn\u00e9 pour ses suggestions et commentaires en pr\u00e9vision de la publication de cet article.<\/p>\n<p>Richard Gervais<\/p>\n","protected":false},"excerpt":{"rendered":"<p>Les lectrices et les lecteurs laissent parfois des questions ou des commentaires en utilisant l&rsquo;onglet Nous joindre du site Web du Club. Cet article d\u00e9veloppera deux sujets r\u00e9cemment soulev\u00e9s : l\u2019iPhone 12 temporairement retir\u00e9 du march\u00e9 en France ; le droit \u00e0 l&rsquo;image et la diffusion en diff\u00e9r\u00e9 des pr\u00e9sentations du mercredi et du vendredi.<\/p>\n","protected":false},"author":43,"featured_media":0,"comment_status":"open","ping_status":"closed","sticky":false,"template":"","format":"standard","meta":{"footnotes":""},"categories":[1594],"tags":[1966,1964,1968,1421,1448,1967,1036,271,1037,1965],"class_list":["post-46786","post","type-post","status-publish","format-standard","hentry","category-chronique-technique","tag-anfr","tag-debit-dabsorption-specifique","tag-diffusion-en-differe","tag-enregistrement","tag-iphone-12","tag-isde","tag-presentateurs","tag-presentations","tag-presentatrices","tag-retrait-temporaire"],"_links":{"self":[{"href":"https:\/\/cimbcc.org\/test2\/wp-json\/wp\/v2\/posts\/46786","targetHints":{"allow":["GET"]}}],"collection":[{"href":"https:\/\/cimbcc.org\/test2\/wp-json\/wp\/v2\/posts"}],"about":[{"href":"https:\/\/cimbcc.org\/test2\/wp-json\/wp\/v2\/types\/post"}],"author":[{"embeddable":true,"href":"https:\/\/cimbcc.org\/test2\/wp-json\/wp\/v2\/users\/43"}],"replies":[{"embeddable":true,"href":"https:\/\/cimbcc.org\/test2\/wp-json\/wp\/v2\/comments?post=46786"}],"version-history":[{"count":14,"href":"https:\/\/cimbcc.org\/test2\/wp-json\/wp\/v2\/posts\/46786\/revisions"}],"predecessor-version":[{"id":46809,"href":"https:\/\/cimbcc.org\/test2\/wp-json\/wp\/v2\/posts\/46786\/revisions\/46809"}],"wp:attachment":[{"href":"https:\/\/cimbcc.org\/test2\/wp-json\/wp\/v2\/media?parent=46786"}],"wp:term":[{"taxonomy":"category","embeddable":true,"href":"https:\/\/cimbcc.org\/test2\/wp-json\/wp\/v2\/categories?post=46786"},{"taxonomy":"post_tag","embeddable":true,"href":"https:\/\/cimbcc.org\/test2\/wp-json\/wp\/v2\/tags?post=46786"}],"curies":[{"name":"wp","href":"https:\/\/api.w.org\/{rel}","templated":true}]}}