{"id":46803,"date":"2023-10-19T17:00:20","date_gmt":"2023-10-19T21:00:20","guid":{"rendered":"https:\/\/cimbcc.org\/test2\/?p=46803"},"modified":"2023-10-26T11:48:21","modified_gmt":"2023-10-26T15:48:21","slug":"echos-du-conseil-dadministration-3-octobre-2023","status":"publish","type":"post","link":"https:\/\/cimbcc.org\/test2\/echos-du-conseil-dadministration-3-octobre-2023\/","title":{"rendered":"\u00c9chos du conseil d&rsquo;administration &#8211; 3 octobre 2023"},"content":{"rendered":"<figure id=\"attachment_42359\" aria-describedby=\"caption-attachment-42359\" style=\"width: 536px\" class=\"wp-caption aligncenter\"><img loading=\"lazy\" decoding=\"async\" class=\"size-full wp-image-42359\" src=\"https:\/\/cimbcc.org\/test2\/wp-content\/uploads\/photo_conseil_dadministration_2022_2023-e1668820290183.jpg\" alt=\"\" width=\"536\" height=\"267\" srcset=\"https:\/\/cimbcc.org\/test2\/wp-content\/uploads\/photo_conseil_dadministration_2022_2023-e1668820290183.jpg 536w, https:\/\/cimbcc.org\/test2\/wp-content\/uploads\/photo_conseil_dadministration_2022_2023-e1668820290183-300x149.jpg 300w\" sizes=\"auto, (max-width: 536px) 100vw, 536px\" \/><figcaption id=\"caption-attachment-42359\" class=\"wp-caption-text\">Dans l&rsquo;ordre habituel : Danielle Barab\u00e9, Nicole Comtois, R\u00e9jean C\u00f4t\u00e9, C\u00e9line Dufresne,<br \/>Michel Gagn\u00e9, Richard Gervais, Sylvie Mazur, Michel Paul<\/figcaption><\/figure>\n<p style=\"text-align: justify;\">La nouvelle saison des activit\u00e9s du Club \u00e9tait bien amorc\u00e9e. Le conseil d\u2019administration a constat\u00e9 l\u2019\u00e9volution des adh\u00e9sions au Club et celle du nombre et des affectations des b\u00e9n\u00e9voles. Il a aussi pass\u00e9 en revue des activit\u00e9s importantes comme la <em>Journ\u00e9e d\u2019information<\/em> annuelle et le CHIP ainsi que des activit\u00e9s r\u00e9centes en lien avec le 40<sup>e<\/sup>\u00a0anniversaire du Club. Enfin, il a pu constater que les ateliers sont toujours aussi populaires aupr\u00e8s des membres.<\/p>\n<p style=\"text-align: justify;\"><!--more--><\/p>\n<hr \/>\n<h4><strong>Membres <\/strong><\/h4>\n<p style=\"text-align: justify;\">Fin septembre, le Club comptait 899\u00a0membres. Toutefois, 126 d\u2019entre eux n\u2019avaient pas encore renouvel\u00e9 leur adh\u00e9sion?; ceux qui ne l\u2019auront pas fait le 15\u00a0octobre seront retir\u00e9s de la liste des membres et n\u2019auront plus acc\u00e8s aux activit\u00e9s du Club.<\/p>\n<hr \/>\n<h4><strong>B\u00e9n\u00e9voles<\/strong><\/h4>\n<p style=\"text-align: justify;\">Le Club comptait 79\u00a0b\u00e9n\u00e9voles.<\/p>\n<ul>\n<li style=\"text-align: justify;\">Richard Morin s\u2019est joint \u00e0 l\u2019\u00e9quipe de la gestion des ressources mat\u00e9rielles qui bient\u00f4t n\u2019aura plus de responsable.<\/li>\n<li style=\"text-align: justify;\">Hassen Ammari participe depuis peu \u00e0 la gestion des ressources mat\u00e9rielles.<\/li>\n<li style=\"text-align: justify;\">Jean-Guy Rousseau, actuellement pr\u00e9sentateur dans la s\u00e9rie <em>D\u00e9couverte<\/em>, est pressenti pour devenir mod\u00e9rateur de vid\u00e9oconf\u00e9rences.<\/li>\n<li style=\"text-align: justify;\">Avec le soutien de Walter Pearce, Robert Lapierre de l\u2019\u00e9quipe des activit\u00e9s sociales a accept\u00e9 d\u2019organiser le souper de No\u00ebl, un \u00e9v\u00e9nement qui soulignera le 40<sup>e\u00a0<\/sup>anniversaire du Club le mercredi\u00a013\u00a0d\u00e9cembre. Il s\u2019est aussi charg\u00e9 d\u2019organiser le souper qui r\u00e9unira les b\u00e9n\u00e9voles le 24\u00a0octobre prochain.<\/li>\n<\/ul>\n<p style=\"text-align: justify;\">D\u00e9but octobre, le Club \u00e9tait encore \u00e0 la recherche d\u2019un nouveau responsable des ressources mat\u00e9rielles, d\u2019un installateur pour soutenir les pr\u00e9sentateurs, d\u2019un substitut pour la gestion du panneau multim\u00e9dia ainsi que d\u2019autres mod\u00e9rateurs pour les vid\u00e9oconf\u00e9rences.<\/p>\n<hr \/>\n<h4><strong>La <em>Journ\u00e9e d\u2019information<\/em> du 5\u00a0septembre<\/strong><\/h4>\n<p style=\"text-align: justify;\">Cette activit\u00e9 annuelle est destin\u00e9e \u00e0 diffuser de l\u2019information sur le Club et \u00e0 accueillir les personnes qui d\u00e9sirent adh\u00e9rer ou renouveler leur adh\u00e9sion au Club.<\/p>\n<p style=\"text-align: justify;\">La <em>Journ\u00e9e d\u2019information<\/em> devait se tenir au Centre communautaire. La r\u00e9servation des salles avait \u00e9t\u00e9 confirm\u00e9e par la Ville, mais le Club a \u00e9t\u00e9 inform\u00e9 \u00e0 la fin d\u2019ao\u00fbt que cette r\u00e9servation \u00e9tait annul\u00e9e. La responsable, Nicole Comtois, et les b\u00e9n\u00e9voles mis \u00e0 contribution ont r\u00e9ussi \u00e0 modifier l\u2019organisation de l\u2019activit\u00e9 pour l\u2019adapter \u00e0 l\u2019espace disponible au Chalet Marie-Victorin.<\/p>\n<p style=\"text-align: justify;\">Malgr\u00e9 le changement de lieu, un grand nombre de personnes se sont pr\u00e9sent\u00e9es au Chalet, et plus de 50 ont assist\u00e9 \u00e0 la pr\u00e9sentation de Michel Gagn\u00e9 sur les activit\u00e9s du Club. Une cinquantaine ont aussi assist\u00e9 \u00e0 cette pr\u00e9sentation r\u00e9p\u00e9t\u00e9e en ligne au cours de la soir\u00e9e.<\/p>\n<p style=\"text-align: justify;\">Cette activit\u00e9 sera reprise l\u2019an prochain en esp\u00e9rant pouvoir la tenir au Centre communautaire de Saint-Bruno-de-Montarville.<\/p>\n<hr \/>\n<h4><strong>Le CHIP<\/strong><\/h4>\n<p style=\"text-align: justify;\">Le <a href=\"https:\/\/cimbcc.org\/test2\/partage-de-connaissances\/chip\" target=\"_blank\" rel=\"noopener\">CHIP<\/a> est un outil tr\u00e8s important de partage de connaissances. Depuis 2012, c\u2019est une bonne carte de visite pour faire conna\u00eetre le Club. C\u2019est aussi un bon moyen pour garder le contact avec les membres qui ont quitt\u00e9 le Club.<\/p>\n<p style=\"text-align: justify;\">Richard Gervais a mis en \u00e9vidence la progression des abonnements au CHIP dont il est l\u2019\u00e9diteur : le nombre des abonn\u00e9s est pass\u00e9 de presque 600 abonn\u00e9s en 2012-2013 \u00e0 un peu plus de 1800 en mai dernier. Il n\u2019est pas n\u00e9cessaire d\u2019\u00eatre membre du Club pour \u00eatre abonn\u00e9 au CHIP, mais les membres sont automatiquement abonn\u00e9s.<\/p>\n<p style=\"text-align: justify;\">Le CHIP publie deux ou trois articles par semaine. Selon les sujets, de 774 \u00e0 1194 abonn\u00e9s ouvrent l\u2019infolettre annon\u00e7ant un nouvel article, et de 133 \u00e0 704 abonn\u00e9s lisent les articles. Les articles les plus populaires sont ceux qui traitent d\u2019argent et de s\u00e9curit\u00e9 informatique.<\/p>\n<p style=\"text-align: justify;\">Le conseil d\u2019administration a approuv\u00e9 la poursuite de la publication du CHIP. Il a aussi approuv\u00e9 le d\u00e9lestage des abonn\u00e9s qui sont rest\u00e9s inactifs depuis plus de deux ans.<\/p>\n<hr \/>\n<h4><strong>Activit\u00e9s en lien avec le 40<sup>e<\/sup>\u00a0anniversaire du Club<\/strong><\/h4>\n<p style=\"text-align: justify;\">L\u2019histoire du Club a \u00e9t\u00e9 mise \u00e0 jour <a href=\"https:\/\/cimbcc.org\/test2\/a-propos-du-club\/histoire-du-club\">sur le site du Club<\/a>. Afin d\u2019\u00e9veiller l\u2019int\u00e9r\u00eat des membres pour cette histoire, le conseil a d\u00e9cid\u00e9 de la publier en trois parties dans le CHIP\u00a0: le 26\u00a0septembre, les 2 et 9\u00a0octobre. Un concours a aussi \u00e9t\u00e9 lanc\u00e9 dont les gagnants seront r\u00e9v\u00e9l\u00e9s \u00e0 la fin de l\u2019assembl\u00e9e g\u00e9n\u00e9rale annuelle du 18\u00a0octobre. La premi\u00e8re partie publi\u00e9e le 26\u00a0septembre a suscit\u00e9 plusieurs commentaires positifs.<\/p>\n<p style=\"text-align: justify;\">Le samedi\u00a02\u00a0septembre, trois b\u00e9n\u00e9voles ont \u00e9t\u00e9 pr\u00e9sents au kiosque r\u00e9serv\u00e9 par le Club au march\u00e9 public de Saint-Bruno. De l\u2019avis de Nicole Comtois, le kiosque a attir\u00e9 l\u2019attention de nombreuses personnes \u00e0 qui ont \u00e9t\u00e9 distribu\u00e9s des d\u00e9pliants ainsi que des cartes donnant acc\u00e8s gratuitement \u00e0 trois s\u00e9ances de la s\u00e9rie <em>Facile<\/em>. L\u2019exp\u00e9rience est \u00e0 renouveler l\u2019an prochain.<\/p>\n<hr \/>\n<h4><strong>Ateliers de l\u2019automne\u00a02023<\/strong><\/h4>\n<p style=\"text-align: justify;\">Au d\u00e9but de 2024, Berthe Demers fera un rapport d\u00e9taill\u00e9 sur l\u2019inscription aux ateliers de l\u2019automne et sur l\u2019assiduit\u00e9 des membres inscrits. Le conseil a d\u00e9j\u00e0 pu constater avec Danielle Barab\u00e9 que les ateliers sont toujours aussi populaires\u00a0: 202 membres se sont inscrits aux 11\u00a0ateliers propos\u00e9s.<\/p>\n<p style=\"text-align: justify;\">Une autre s\u00e9rie d\u2019ateliers sera propos\u00e9e pour l\u2019hiver prochain. Un message sera envoy\u00e9 aux membres en d\u00e9cembre pour leur annoncer la liste de ces ateliers et la p\u00e9riode pendant laquelle les inscriptions pourront se faire.<\/p>\n<p>Sylvie Mazur, secr\u00e9taire du conseil d\u2019administration<\/p>\n","protected":false},"excerpt":{"rendered":"<p>La nouvelle saison des activit\u00e9s du Club \u00e9tait bien amorc\u00e9e. Le conseil d\u2019administration a constat\u00e9 l\u2019\u00e9volution des adh\u00e9sions au Club et celle du nombre et des affectations des b\u00e9n\u00e9voles. Il a aussi pass\u00e9 en revue des activit\u00e9s importantes comme la Journ\u00e9e d\u2019information annuelle et le CHIP ainsi que des activit\u00e9s r\u00e9centes en lien avec le &hellip; <a href=\"https:\/\/cimbcc.org\/test2\/echos-du-conseil-dadministration-3-octobre-2023\/\" class=\"more-link\">Continuer la lecture de <span class=\"screen-reader-text\">\u00c9chos du conseil d&rsquo;administration &#8211; 3 octobre 2023<\/span>  <span class=\"meta-nav\">&rarr;<\/span><\/a><\/p>\n","protected":false},"author":43,"featured_media":0,"comment_status":"open","ping_status":"closed","sticky":false,"template":"","format":"standard","meta":{"footnotes":""},"categories":[386],"tags":[1816,269,126,246,143,594],"class_list":["post-46803","post","type-post","status-publish","format-standard","hentry","category-echos-du-conseil-dadministration","tag-40e-anniversaire","tag-ateliers","tag-benevoles","tag-chip","tag-journee-dinformation-et-dinscription","tag-membres"],"_links":{"self":[{"href":"https:\/\/cimbcc.org\/test2\/wp-json\/wp\/v2\/posts\/46803","targetHints":{"allow":["GET"]}}],"collection":[{"href":"https:\/\/cimbcc.org\/test2\/wp-json\/wp\/v2\/posts"}],"about":[{"href":"https:\/\/cimbcc.org\/test2\/wp-json\/wp\/v2\/types\/post"}],"author":[{"embeddable":true,"href":"https:\/\/cimbcc.org\/test2\/wp-json\/wp\/v2\/users\/43"}],"replies":[{"embeddable":true,"href":"https:\/\/cimbcc.org\/test2\/wp-json\/wp\/v2\/comments?post=46803"}],"version-history":[{"count":5,"href":"https:\/\/cimbcc.org\/test2\/wp-json\/wp\/v2\/posts\/46803\/revisions"}],"predecessor-version":[{"id":46902,"href":"https:\/\/cimbcc.org\/test2\/wp-json\/wp\/v2\/posts\/46803\/revisions\/46902"}],"wp:attachment":[{"href":"https:\/\/cimbcc.org\/test2\/wp-json\/wp\/v2\/media?parent=46803"}],"wp:term":[{"taxonomy":"category","embeddable":true,"href":"https:\/\/cimbcc.org\/test2\/wp-json\/wp\/v2\/categories?post=46803"},{"taxonomy":"post_tag","embeddable":true,"href":"https:\/\/cimbcc.org\/test2\/wp-json\/wp\/v2\/tags?post=46803"}],"curies":[{"name":"wp","href":"https:\/\/api.w.org\/{rel}","templated":true}]}}