{"id":46833,"date":"2023-10-24T18:00:12","date_gmt":"2023-10-24T22:00:12","guid":{"rendered":"https:\/\/cimbcc.org\/test2\/?p=46833"},"modified":"2023-10-24T16:47:12","modified_gmt":"2023-10-24T20:47:12","slug":"presentations-au-sujet-de-la-gestion-des-fichiers-et-des-dossiers","status":"publish","type":"post","link":"https:\/\/cimbcc.org\/test2\/presentations-au-sujet-de-la-gestion-des-fichiers-et-des-dossiers\/","title":{"rendered":"Pr\u00e9sentations au sujet de la gestion des fichiers et des dossiers"},"content":{"rendered":"<figure id=\"attachment_24082\" aria-describedby=\"caption-attachment-24082\" style=\"width: 125px\" class=\"wp-caption aligncenter\"><img loading=\"lazy\" decoding=\"async\" class=\"size-full wp-image-24082\" src=\"https:\/\/cimbcc.org\/test2\/wp-content\/uploads\/photo_couture_francine.jpg\" alt=\"\" width=\"125\" height=\"125\" \/><figcaption id=\"caption-attachment-24082\" class=\"wp-caption-text\"><span style=\"color: #ffffff;\">mim<\/span>Francine Couture<\/figcaption><\/figure>\n<p style=\"text-align: justify;\">Apr\u00e8s un voyage avec des amis, un copain vous envoie quelques-unes de ses photos que vous trouvez tr\u00e8s int\u00e9ressantes. \u00cates-vous capable de les t\u00e9l\u00e9charger et de les joindre aux photos que vous avez vous-m\u00eame prises durant votre voyage ou gardez-vous le courriel de votre ami pour conserver les photos qu\u2019il vous a envoy\u00e9es ?<\/p>\n<p style=\"text-align: justify;\">Si vous \u00eates de ceux qui gardent le courriel pour ne pas perdre la ou les pi\u00e8ce(s) jointe(s), vous tirerez profit de cet article.<\/p>\n<p><!--more--><\/p>\n<hr \/>\n<p style=\"text-align: justify;\">Voici comment enregistrer une copie d\u2019une ou plusieurs photos jointes \u00e0 un courriel.<\/p>\n<ol style=\"text-align: justify;\">\n<li>Connectez-vous \u00e0 votre outil de courrier (les instructions de cet exercice sont bas\u00e9es sur l\u2019outil de courrier Outlook.com<strong>;<\/strong> si votre outil de courrier n\u2019est pas Outlook.com, vous devrez faire quelques ajustements aux instructions).<\/li>\n<li>Affichez le courriel avec l\u2019action suivante\u00a0:\n<ul>\n<li>cliquez sur le nom de l\u2019exp\u00e9diteur du courriel pour l\u2019afficher.<\/li>\n<\/ul>\n<\/li>\n<li>Enregistrez une copie d\u2019une photo avec les actions suivantes\u00a0:\n<ul>\n<li>cliquez sur la photo;<\/li>\n<li>cliquez <u>de la droite<\/u> sur la photo agrandie;<\/li>\n<li>dans le menu qui est apparu, cliquez sur <strong>Enregistrer l\u2019image sous\u2026<\/strong>;<\/li>\n<li>dans le volet de navigation, cliquez sur <strong>Images<\/strong>;<\/li>\n<li>en bas de la fen\u00eatre, \u00e0 droite de <strong>Nom de fichier<\/strong>, remplacez ce qui est \u00e9crit par un nom d\u00e9crivant la photo, si vous le d\u00e9sirez;<\/li>\n<li>en bas de la fen\u00eatre, cliquez sur le bouton <strong>Enregistrer<\/strong>.<\/li>\n<li>\u00c0 droite de , cliquez sur <strong>X <\/strong>pour fermer le volet affichant la photo.<\/li>\n<\/ul>\n<\/li>\n<li>R\u00e9p\u00e9tez l\u2019instruction 3 pour les autres photos que vous voulez enregistrer.<\/li>\n<li>Notez que les photos que vous avez enregistr\u00e9es se trouvent maintenant dans le dossier Images.<\/li>\n<\/ol>\n<p style=\"text-align: justify;\">Cet exercice est l\u2019exercice 23 de la pr\u00e9sentation sur la <em>Gestion des <a href=\"https:\/\/fr.wikipedia.org\/wiki\/Fichier_informatique\" target=\"_blank\" rel=\"noopener\">fichiers<\/a> et <a href=\"https:\/\/fr.wikipedia.org\/wiki\/R%C3%A9pertoire_(informatique)\" target=\"_blank\" rel=\"noopener\">dossiers<\/a> 1 de 2<\/em> qui aura lieu au <a href=\"https:\/\/cimbcc.org\/test2\/partage-de-connaissances\/les-presentations-du-mercredi-et-du-vendredi\/chalet-marie-victorin-saint-bruno\" target=\"_blank\" rel=\"noopener\">Chalet Marie-Victorin<\/a> et par Zoom, le <strong><span style=\"color: #ff0000;\">27 octobre<\/span> \u00e0 13 h 15<\/strong>.<\/p>\n<hr \/>\n<p style=\"text-align: justify;\">Est-ce la seule raison pour laquelle vous devriez assister aux pr\u00e9sentations <em>Gestion des fichiers et dossiers 1 de 2<\/em> et <em>2 de 2<\/em> ? Oh que non ! Voici trois histoires que j\u2019ai v\u00e9cues qui m\u2019ont fait r\u00e9fl\u00e9chir :<\/p>\n<ul>\n<li style=\"text-align: justify;\">Derni\u00e8rement, j\u2019ai voulu remplacer le meuble de ma salle familiale o\u00f9 je conserve mes albums de photos. Apr\u00e8s avoir visit\u00e9 quelques magasins, je n\u2019avais encore rien trouv\u00e9. J\u2019ai demand\u00e9 \u00e0 un vendeur o\u00f9 gardait-il tous ses papiers, photos, vid\u00e9os qui \u00e9taient rang\u00e9s dans mon meuble et il m\u2019a montr\u00e9 son t\u00e9l\u00e9phone intelligent. Ce fut pour moi un premier choc\u00a0: il fallait que je comprenne comment garder mes documents en mode num\u00e9rique dans mon ordinateur et non pas sous forme papier dans ma biblioth\u00e8que.<\/li>\n<li style=\"text-align: justify;\">Depuis plusieurs ann\u00e9es, je fais mes d\u00e9clarations d\u2019imp\u00f4t en ligne et, pour conserver ces documents, je dois avoir recours \u00e0 mon ordinateur. De plus, je re\u00e7ois dans mon service de courrier \u00e9lectronique des factures et des billets que je dois ranger dans mon ordinateur alors que je les conservais avant sous forme papier.<\/li>\n<li style=\"text-align: justify;\">Apr\u00e8s avoir fait des courses pour mon fils a\u00een\u00e9, je lui ai demand\u00e9 si je lui donnais sa facture sous forme papier ou sous forme \u00e9lectronique. Voici sa r\u00e9ponse\u00a0: moi, du papier, je n\u2019en veux plus.<\/li>\n<\/ul>\n<p style=\"text-align: justify;\">Ces trois exemples nous montrent \u00e0 quel point il faut apprendre \u00e0 ranger nos documents dans notre ordinateur et aussi \u00eatre capable de les retrouver. C\u2019est justement le but des pr\u00e9sentations sur la <em>Gestion des fichiers et dossiers<\/em> qui sont donn\u00e9es au CIMBCC. En plus, je vous montrerai comment renommer vos photos ou autres fichiers pour leur donner un nom significatif. Vous apprendrez aussi comment d\u00e9placer des fichiers qui ne sont pas bien class\u00e9s.<\/p>\n<hr \/>\n<p style=\"text-align: justify;\">Les deux pr\u00e9sentations sur la <em>Gestion des fichiers et dossiers<\/em> auront lieu les <span style=\"color: #ff0000;\"><strong>27 octobre<\/strong><\/span> et <span style=\"color: #ff0000;\"><strong>3 novembre<\/strong><\/span>\u00a0\u00e0 <strong>13 h 15<\/strong> au <a href=\"https:\/\/cimbcc.org\/test2\/partage-de-connaissances\/les-presentations-du-mercredi-et-du-vendredi\/chalet-marie-victorin-saint-bruno\" target=\"_blank\" rel=\"noopener\">Chalet Marie-Victorin<\/a> et par Zoom \u00e0 la m\u00eame heure. Ces m\u00eames pr\u00e9sentations seront reprises l\u2019hiver prochain sur Zoom les 13 et 20 mars 2024 \u00e0 19 h 30 (ne vous inqui\u00e9tez pas si vous n\u2019avez pas tout compris la premi\u00e8re fois; c\u2019est justement pour cette raison que les pr\u00e9sentations sont reprises).<\/p>\n<p style=\"text-align: justify;\">Alors, on se met au num\u00e9rique\u2026<\/p>\n<p style=\"text-align: justify;\">Francine Couture<br \/>\nPr\u00e9sentatrice de <em>Gestion des fichiers et dossiers 1 de 2<\/em> et <em>2 de 2<\/em><\/p>\n","protected":false},"excerpt":{"rendered":"<p>Apr\u00e8s un voyage avec des amis, un copain vous envoie quelques-unes de ses photos que vous trouvez tr\u00e8s int\u00e9ressantes. \u00cates-vous capable de les t\u00e9l\u00e9charger et de les joindre aux photos que vous avez vous-m\u00eame prises durant votre voyage ou gardez-vous le courriel de votre ami pour conserver les photos qu\u2019il vous a envoy\u00e9es ? Si &hellip; <a href=\"https:\/\/cimbcc.org\/test2\/presentations-au-sujet-de-la-gestion-des-fichiers-et-des-dossiers\/\" class=\"more-link\">Continuer la lecture de <span class=\"screen-reader-text\">Pr\u00e9sentations au sujet de la gestion des fichiers et des dossiers<\/span>  <span class=\"meta-nav\">&rarr;<\/span><\/a><\/p>\n","protected":false},"author":43,"featured_media":0,"comment_status":"open","ping_status":"closed","sticky":false,"template":"","format":"standard","meta":{"footnotes":""},"categories":[402],"tags":[527,370,874,271],"class_list":["post-46833","post","type-post","status-publish","format-standard","hentry","category-activites-du-club","tag-dossier","tag-facile","tag-fichiers","tag-presentations"],"_links":{"self":[{"href":"https:\/\/cimbcc.org\/test2\/wp-json\/wp\/v2\/posts\/46833","targetHints":{"allow":["GET"]}}],"collection":[{"href":"https:\/\/cimbcc.org\/test2\/wp-json\/wp\/v2\/posts"}],"about":[{"href":"https:\/\/cimbcc.org\/test2\/wp-json\/wp\/v2\/types\/post"}],"author":[{"embeddable":true,"href":"https:\/\/cimbcc.org\/test2\/wp-json\/wp\/v2\/users\/43"}],"replies":[{"embeddable":true,"href":"https:\/\/cimbcc.org\/test2\/wp-json\/wp\/v2\/comments?post=46833"}],"version-history":[{"count":14,"href":"https:\/\/cimbcc.org\/test2\/wp-json\/wp\/v2\/posts\/46833\/revisions"}],"predecessor-version":[{"id":46893,"href":"https:\/\/cimbcc.org\/test2\/wp-json\/wp\/v2\/posts\/46833\/revisions\/46893"}],"wp:attachment":[{"href":"https:\/\/cimbcc.org\/test2\/wp-json\/wp\/v2\/media?parent=46833"}],"wp:term":[{"taxonomy":"category","embeddable":true,"href":"https:\/\/cimbcc.org\/test2\/wp-json\/wp\/v2\/categories?post=46833"},{"taxonomy":"post_tag","embeddable":true,"href":"https:\/\/cimbcc.org\/test2\/wp-json\/wp\/v2\/tags?post=46833"}],"curies":[{"name":"wp","href":"https:\/\/api.w.org\/{rel}","templated":true}]}}