{"id":47372,"date":"2023-12-10T20:00:29","date_gmt":"2023-12-11T01:00:29","guid":{"rendered":"https:\/\/cimbcc.org\/test2\/?p=47372"},"modified":"2023-12-10T20:25:43","modified_gmt":"2023-12-11T01:25:43","slug":"information-importante-au-sujet-des-cles-usb","status":"publish","type":"post","link":"https:\/\/cimbcc.org\/test2\/information-importante-au-sujet-des-cles-usb\/","title":{"rendered":"Information importante au sujet des cl\u00e9s USB"},"content":{"rendered":"<figure id=\"attachment_39889\" aria-describedby=\"caption-attachment-39889\" style=\"width: 125px\" class=\"wp-caption aligncenter\"><img loading=\"lazy\" decoding=\"async\" class=\"size-full wp-image-39889\" src=\"https:\/\/cimbcc.org\/test2\/wp-content\/uploads\/photo_gosselin_chantal.jpg\" alt=\"\" width=\"125\" height=\"125\" \/><figcaption id=\"caption-attachment-39889\" class=\"wp-caption-text\"><span style=\"color: #ffffff;\">mmi<\/span>Chantal Gosselin<\/figcaption><\/figure>\n<p style=\"text-align: justify;\">Cet article s&rsquo;adresse aux personnes qui ont utilis\u00e9 une vieille cl\u00e9 USB datant des ann\u00e9es 2010 et suivantes pour y mettre des photos ou des documents. Il est possible que vous ayez eu une f\u00e2cheuse surprise alors que votre ordinateur vous demande de la reformater lorsque vous l&rsquo;avez r\u00e9cemment branch\u00e9e.<\/p>\n<p style=\"text-align: justify;\">Surtout, ne le faites pas !<\/p>\n<p><!--more--><\/p>\n<p style=\"text-align: justify;\">Si vous avez de tels probl\u00e8mes d&rsquo;acc\u00e8s, essayez la proc\u00e9dure suivante :<\/p>\n<ul style=\"text-align: justify;\">\n<li>mettez votre ordinateur en veille ;<\/li>\n<li>installez votre cl\u00e9\u00a0 dans un port USB ;<\/li>\n<li>ouvrez votre ordinateur pour sortir du mode de veille.<\/li>\n<\/ul>\n<p style=\"text-align: justify;\">La lecture de vos documents et photos pourrait \u00eatre possible.<\/p>\n<p style=\"text-align: justify;\">Une personne de mon entourage m&rsquo;a apport\u00e9 un disque dur amovible de ces ann\u00e9es-l\u00e0 en me disant qu\u2019elle ne pouvait plus le lire. J\u2019ai simplement mis mon ordinateur en veille, branch\u00e9 son disque dur et, \u00e0 la sortie de la veille, la lecture du disque externe \u00e9tait possible.<\/p>\n<p style=\"text-align: justify;\">Dans ces ann\u00e9es-l\u00e0, il \u00e9tait n\u00e9cessaire de brancher la cl\u00e9 USB avant d\u2019ouvrir notre ordinateur ou de sortir de veille. Plusieurs ont oubli\u00e9 ce d\u00e9tail, car les cl\u00e9s install\u00e9es plus tard ne n\u00e9cessitaient pas cette manipulation.<\/p>\n<p style=\"text-align: justify;\">Quand vous aurez r\u00e9ussi \u00e0 consulter le contenu de votre cl\u00e9 USB, cela serait s\u00fbrement une bonne id\u00e9e de le transf\u00e9rer ailleurs. Pour toute information qu\u2019il ne faut absolument pas perdre, c\u2019est toujours une bonne id\u00e9e d&rsquo;en faire au moins deux copies.<\/p>\n<p style=\"text-align: justify;\">En esp\u00e9rant que cette proc\u00e9dure soit utile pour quelques personnes.<\/p>\n<p>Joyeuses F\u00eates !<\/p>\n<p>Chantal Gosselin<\/p>\n<hr \/>\n<h4>Note de l&rsquo;\u00e9diteur<\/h4>\n<p style=\"text-align: justify;\">Les ports <a href=\"https:\/\/fr.wikipedia.org\/wiki\/USB\" target=\"_blank\" rel=\"noopener\">USB<\/a> <em>(Universal Serial Bus)<\/em> de premi\u00e8re g\u00e9n\u00e9ration sont apparus en 1996. Il s&rsquo;agit d&rsquo;un dispositif de <a href=\"https:\/\/fr.wikipedia.org\/wiki\/Transmission_s%C3%A9rie\" target=\"_blank\" rel=\"noopener\">communication s\u00e9rie<\/a>. Au fil des ann\u00e9es, la norme USB a \u00e9volu\u00e9, offrant des d\u00e9bits th\u00e9oriques de plus en plus \u00e9lev\u00e9s.<\/p>\n<table style=\"border-collapse: collapse; width: 100%; height: 162px;\">\n<tbody>\n<tr style=\"height: 18px;\">\n<td style=\"width: 36.7087%; text-align: center; height: 18px;\"><strong>Nom<\/strong><\/td>\n<td style=\"width: 29.9579%; text-align: center; height: 18px;\"><strong>Ann\u00e9e<\/strong><\/td>\n<td style=\"width: 33.3333%; text-align: center; height: 18px;\"><strong>D\u00e9bit th\u00e9orique<\/strong><\/td>\n<\/tr>\n<tr style=\"height: 18px;\">\n<td style=\"width: 36.7087%; height: 18px; text-align: center;\">USB 1.0<\/td>\n<td style=\"width: 29.9579%; height: 18px; text-align: center;\">1996<\/td>\n<td style=\"width: 33.3333%; height: 18px; text-align: center;\">1,5 Mbit\/s<\/td>\n<\/tr>\n<tr style=\"height: 18px;\">\n<td style=\"width: 36.7087%; height: 18px; text-align: center;\">USB 1.1<\/td>\n<td style=\"width: 29.9579%; height: 18px; text-align: center;\">1998<\/td>\n<td style=\"width: 33.3333%; height: 18px; text-align: center;\">12 Mbit\/s<\/td>\n<\/tr>\n<tr style=\"height: 18px;\">\n<td style=\"width: 36.7087%; height: 18px; text-align: center;\">USB 2.0<\/td>\n<td style=\"width: 29.9579%; height: 18px; text-align: center;\">2000<\/td>\n<td style=\"width: 33.3333%; height: 18px; text-align: center;\">480 Mbit\/s<\/td>\n<\/tr>\n<tr style=\"height: 18px;\">\n<td style=\"width: 36.7087%; height: 18px; text-align: center;\">USB 3.0<\/td>\n<td style=\"width: 29.9579%; height: 18px; text-align: center;\">2008<\/td>\n<td style=\"width: 33.3333%; height: 18px; text-align: center;\">5\u00a0Gbit\/s<\/td>\n<\/tr>\n<tr style=\"height: 18px;\">\n<td style=\"width: 36.7087%; height: 18px; text-align: center;\">USB 3.1<\/td>\n<td style=\"width: 29.9579%; height: 18px; text-align: center;\">2013<\/td>\n<td style=\"width: 33.3333%; height: 18px; text-align: center;\">10\u00a0Gbit\/s<\/td>\n<\/tr>\n<tr style=\"height: 18px;\">\n<td style=\"width: 36.7087%; height: 18px; text-align: center;\">USB3.2 Gen2<\/td>\n<td style=\"width: 29.9579%; height: 18px; text-align: center;\">2017<\/td>\n<td style=\"width: 33.3333%; height: 18px; text-align: center;\">20\u00a0Gbit\/s<\/td>\n<\/tr>\n<tr style=\"height: 18px;\">\n<td style=\"width: 36.7087%; height: 18px; text-align: center;\">USB 4.0<\/td>\n<td style=\"width: 29.9579%; height: 18px; text-align: center;\">2019<\/td>\n<td style=\"width: 33.3333%; height: 18px; text-align: center;\">40 Gbit\/s<\/td>\n<\/tr>\n<tr style=\"height: 18px;\">\n<td style=\"width: 36.7087%; height: 18px; text-align: center;\">USB 4.0 V2.0<\/td>\n<td style=\"width: 29.9579%; height: 18px; text-align: center;\">2022<\/td>\n<td style=\"width: 33.3333%; height: 18px; text-align: center;\">80 Gbit\/s<\/td>\n<\/tr>\n<\/tbody>\n<\/table>\n<p style=\"text-align: justify;\">Les <a href=\"https:\/\/fr.wikipedia.org\/wiki\/Cl%C3%A9_USB\" target=\"_blank\" rel=\"noopener\">cl\u00e9s USB<\/a> sont apparues dans le grand public au d\u00e9but des ann\u00e9es 2000. Elles utilisaient donc la norme USB 2.0 \u00e0 cette \u00e9poque, avec un branchement de type A. Avec la standardisation en cours vers les branchements <a href=\"https:\/\/fr.wikipedia.org\/wiki\/USB_Type-C\" target=\"_blank\" rel=\"noopener\">USB-C<\/a>, les cl\u00e9s USB de type A sont appel\u00e9es \u00e0 dispara\u00eetre.<\/p>\n<p style=\"text-align: justify;\">Plusieurs types d&rsquo;accessoires peuvent se brancher sur une prise USB, par exemple, des disques durs externes. Que ce soit pour une cl\u00e9 USB ou pour un disque externe, il faut respecter les directives du syst\u00e8me d&rsquo;exploitation quand il vient le temps de les d\u00e9brancher.<\/p>\n<p style=\"text-align: justify;\">Il est possible d&rsquo;en rendre illisible le contenu si vous ne respectez pas ces consignes. <a href=\"https:\/\/www.futura-sciences.com\/tech\/questions-reponses\/informatique-reparer-cle-usb-endommagee-recuperer-donnees-17443\/\" target=\"_blank\" rel=\"noopener\">Cet article<\/a> du site Web de <em>Futura-Sciences<\/em> vous propose des pistes de solution sur la fa\u00e7on de r\u00e9parer une cl\u00e9 endommag\u00e9e.<\/p>\n<p>R. Gervais<\/p>\n","protected":false},"excerpt":{"rendered":"<p>Cet article s&rsquo;adresse aux personnes qui ont utilis\u00e9 une vieille cl\u00e9 USB datant des ann\u00e9es 2010 et suivantes pour y mettre des photos ou des documents. Il est possible que vous ayez eu une f\u00e2cheuse surprise alors que votre ordinateur vous demande de la reformater lorsque vous l&rsquo;avez r\u00e9cemment branch\u00e9e. Surtout, ne le faites pas &hellip; <a href=\"https:\/\/cimbcc.org\/test2\/information-importante-au-sujet-des-cles-usb\/\" class=\"more-link\">Continuer la lecture de <span class=\"screen-reader-text\">Information importante au sujet des cl\u00e9s USB<\/span>  <span class=\"meta-nav\">&rarr;<\/span><\/a><\/p>\n","protected":false},"author":43,"featured_media":0,"comment_status":"open","ping_status":"closed","sticky":false,"template":"","format":"standard","meta":{"footnotes":""},"categories":[403],"tags":[33,505,683],"class_list":["post-47372","post","type-post","status-publish","format-standard","hentry","category-applications","tag-cle-usb","tag-copie-de-sauvegarde","tag-protection-des-donnees"],"_links":{"self":[{"href":"https:\/\/cimbcc.org\/test2\/wp-json\/wp\/v2\/posts\/47372","targetHints":{"allow":["GET"]}}],"collection":[{"href":"https:\/\/cimbcc.org\/test2\/wp-json\/wp\/v2\/posts"}],"about":[{"href":"https:\/\/cimbcc.org\/test2\/wp-json\/wp\/v2\/types\/post"}],"author":[{"embeddable":true,"href":"https:\/\/cimbcc.org\/test2\/wp-json\/wp\/v2\/users\/43"}],"replies":[{"embeddable":true,"href":"https:\/\/cimbcc.org\/test2\/wp-json\/wp\/v2\/comments?post=47372"}],"version-history":[{"count":12,"href":"https:\/\/cimbcc.org\/test2\/wp-json\/wp\/v2\/posts\/47372\/revisions"}],"predecessor-version":[{"id":47376,"href":"https:\/\/cimbcc.org\/test2\/wp-json\/wp\/v2\/posts\/47372\/revisions\/47376"}],"wp:attachment":[{"href":"https:\/\/cimbcc.org\/test2\/wp-json\/wp\/v2\/media?parent=47372"}],"wp:term":[{"taxonomy":"category","embeddable":true,"href":"https:\/\/cimbcc.org\/test2\/wp-json\/wp\/v2\/categories?post=47372"},{"taxonomy":"post_tag","embeddable":true,"href":"https:\/\/cimbcc.org\/test2\/wp-json\/wp\/v2\/tags?post=47372"}],"curies":[{"name":"wp","href":"https:\/\/api.w.org\/{rel}","templated":true}]}}