{"id":47497,"date":"2023-12-21T13:00:12","date_gmt":"2023-12-21T18:00:12","guid":{"rendered":"https:\/\/cimbcc.org\/test2\/?p=47497"},"modified":"2024-11-23T21:05:05","modified_gmt":"2024-11-24T02:05:05","slug":"lhistoire-de-windows-cinquieme-et-derniere-partie","status":"publish","type":"post","link":"https:\/\/cimbcc.org\/test2\/lhistoire-de-windows-cinquieme-et-derniere-partie\/","title":{"rendered":"L\u2019histoire de Windows \u2013 cinqui\u00e8me et derni\u00e8re partie"},"content":{"rendered":"<figure id=\"attachment_42194\" aria-describedby=\"caption-attachment-42194\" style=\"width: 125px\" class=\"wp-caption aligncenter\"><img loading=\"lazy\" decoding=\"async\" class=\"size-full wp-image-42194\" src=\"https:\/\/cimbcc.org\/test2\/wp-content\/uploads\/photo_vinet_daniel-e1667486419612.jpg\" alt=\"Daniel Vinet\" width=\"125\" height=\"132\" \/><figcaption id=\"caption-attachment-42194\" class=\"wp-caption-text\"><span style=\"color: #ffffff;\">mmm<\/span>Daniel Vinet<\/figcaption><\/figure>\n<p style=\"text-align: justify;\">Pour lire les articles pr\u00e9c\u00e9dents de cette s\u00e9rie, visitez la <a href=\"https:\/\/cimbcc.org\/test2\/lhistoire-de-windows-premiere-partie\" target=\"_blank\" rel=\"noopener\">premi\u00e8re<\/a>, la <a href=\"https:\/\/cimbcc.org\/test2\/lhistoire-de-windows-seconde-partie\" target=\"_blank\" rel=\"noopener\">seconde<\/a>, la <a href=\"https:\/\/cimbcc.org\/test2\/lhistoire-de-windows-troisieme-partie\" target=\"_blank\" rel=\"noopener\">troisi\u00e8me<\/a>, puis la <a href=\"https:\/\/cimbcc.org\/test2\/lhistoire-de-windows-quatrieme-partie\" target=\"_blank\" rel=\"noopener\">quatri\u00e8me<\/a> partie.<\/p>\n<p style=\"text-align: justify;\">Nous terminerons cette aventure de l\u2019histoire de <em>Windows<\/em> avec les deux derni\u00e8res versions en liste ainsi qu\u2019un petit aper\u00e7u de l\u2019avenir de <em>Windows<\/em>. Embarquez avec moi pour cette toute derni\u00e8re escale de cette longue s\u00e9rie d\u2019articles.<\/p>\n<p><!--more--><\/p>\n<h4>2015 \u2013 Windows 10<\/h4>\n<p style=\"text-align: justify;\">Le 29 juillet 2015, <a href=\"https:\/\/fr.wikipedia.org\/wiki\/Microsoft\" target=\"_blank\" rel=\"noopener\"><em>Microsoft<\/em><\/a> lance le successeur de <a href=\"https:\/\/fr.wikipedia.org\/wiki\/Windows_8#Windows_8.1\" target=\"_blank\" rel=\"noopener\"><em>Windows 8.1<\/em><\/a>, soit un peu moins de deux ans apr\u00e8s ce dernier. Il s\u2019agit de <a href=\"https:\/\/fr.wikipedia.org\/wiki\/Windows_10\" target=\"_blank\" rel=\"noopener\"><em>Windows 10<\/em><\/a>.<\/p>\n<p style=\"text-align: justify;\">Officiellement, \u00e0 l\u2019interne chez <em>Microsoft<\/em>, il s\u2019agit de <a href=\"https:\/\/fr.wikipedia.org\/wiki\/Windows_NT#Versions\" target=\"_blank\" rel=\"noopener\"><em>Windows NT 6.4<\/em><\/a>, la version <em>NT 6.0<\/em> \u00e9tant consid\u00e9r\u00e9e comme <a href=\"https:\/\/fr.wikipedia.org\/wiki\/Windows_Vista\" target=\"_blank\" rel=\"noopener\"><em>Windows Vista<\/em><\/a> que nous avons vu dans la partie pr\u00e9c\u00e9dente de cette s\u00e9rie. Toutefois, il s\u2019agit d\u2019un renouveau important pour <em>Microsoft<\/em> qui pr\u00e9sente cette nouvelle mouture comme une plateforme unifi\u00e9e pour les <a href=\"https:\/\/fr.wikipedia.org\/wiki\/Ordinateur_de_bureau\" target=\"_blank\" rel=\"noopener\">ordinateurs de bureaux<\/a>, les <a href=\"https:\/\/fr.wikipedia.org\/wiki\/Ordinateur_portable\" target=\"_blank\" rel=\"noopener\">portables<\/a>, les <a href=\"https:\/\/fr.wikipedia.org\/wiki\/Tablette_tactile\" target=\"_blank\" rel=\"noopener\">tablettes<\/a> et 2-en-1 ainsi que les <a href=\"https:\/\/fr.wikipedia.org\/wiki\/Smartphone\" target=\"_blank\" rel=\"noopener\">t\u00e9l\u00e9phones intelligents<\/a>. L\u2019entreprise tente de marquer encore une fois ce changement d\u2019\u00e8re en sautant par-dessus la version 9 et ainsi marquer davantage le d\u00e9tachement de <em>Windows 8.x<\/em>.<\/p>\n<p style=\"text-align: justify;\">Par ailleurs, <em>Microsoft<\/em> annonce du m\u00eame coup qu\u2019il s\u2019agit de la derni\u00e8re version de <em>Windows<\/em>, qu\u2019il n\u2019y aura pas d\u2019autres versions outre des mises \u00e0 jour r\u00e9guli\u00e8res. Nous verrons plus loin que <em>Microsoft<\/em> se ravisera sur le sujet, comme quoi seuls les fous ne changent pas d\u2019id\u00e9e.<\/p>\n<p style=\"text-align: justify;\"><em>Windows 10<\/em> sera offert gratuitement aux utilisateurs des syst\u00e8mes d\u2019exploitation <em>Windows 7<\/em>, <em>8<\/em> et <em>8.1<\/em>. Une campagne publicitaire harassante sera d\u00e9ploy\u00e9e en prenant la forme de fen\u00eatre apparaissant r\u00e9guli\u00e8rement \u00e0 l\u2019\u00e9cran de l\u2019utilisateur l\u2019incitant \u00e0 passer \u00e0 <em>Windows 10<\/em>. Elle sera m\u00eame pouss\u00e9e \u00e0 certains utilisateurs via une mise \u00e0 jour forc\u00e9e. Cette fa\u00e7on cavali\u00e8re de proc\u00e9der ne sera <a href=\"https:\/\/sclarkconsulting.ca\/2016\/05\/forceing-windows-10-upgrade-users\/\" target=\"_blank\" rel=\"noopener\">pas du tout appr\u00e9ci\u00e9e<\/a> des utilisateurs et fera la manchette des revues sp\u00e9cialis\u00e9es.<\/p>\n<p style=\"text-align: justify;\">Force est de constater que la firme de <a href=\"https:\/\/fr.wikipedia.org\/wiki\/Redmond_(Washington)\" target=\"_blank\" rel=\"noopener\">Redmond<\/a> a op\u00e9r\u00e9 un changement de cap important, et ce depuis l\u2019arriv\u00e9e \u00e0 la pr\u00e9sidence de <a href=\"https:\/\/fr.wikipedia.org\/wiki\/Satya_Nadella\" target=\"_blank\" rel=\"noopener\">Satya Nadella<\/a> depuis 2014 qui a donn\u00e9 \u00e0 <em>Microsoft<\/em> une tournure d\u00e9finitivement infonuagique. Aujourd\u2019hui <em>Microsoft<\/em> est davantage d\u00e9di\u00e9e aux entreprises via ses nombreux logiciels et services tous offerts via la plateforme infonuagique <a href=\"https:\/\/fr.wikipedia.org\/wiki\/Microsoft_Azure\" target=\"_blank\" rel=\"noopener\"><em>Azure<\/em><\/a>. L\u00e0 o\u00f9 <em>Microsoft<\/em> a d\u00e9but\u00e9, soit l\u2019ordinateur personnel, celui-ci n\u2019est d\u00e9sormais plus son pain ni son beurre.<\/p>\n<p style=\"text-align: justify;\">Par ailleurs, toujours sur le march\u00e9 de l\u2019ordinateur personnel, <em>Microsoft<\/em> demeurait la seule entreprise \u00e0 faire payer d\u2019office son syst\u00e8me d\u2019exploitation. En effet, le <a href=\"https:\/\/fr.wikipedia.org\/wiki\/MacOS\" target=\"_blank\" rel=\"noopener\"><em>macOS<\/em><\/a> d\u2019<a href=\"https:\/\/fr.wikipedia.org\/wiki\/Apple\" target=\"_blank\" rel=\"noopener\"><em>Apple<\/em><\/a> \u00e9tait gratuit depuis la version <a href=\"https:\/\/fr.wikipedia.org\/wiki\/OS_X_Mavericks\" target=\"_blank\" rel=\"noopener\"><em>Maverick<\/em><\/a> en 2013 et les diverses saveurs de <a href=\"https:\/\/fr.wikipedia.org\/wiki\/Linux\" target=\"_blank\" rel=\"noopener\"><em>Linux<\/em><\/a> ont toujours \u00e9t\u00e9 gratuites. <em>Microsoft<\/em> se devait donc de r\u00e9agir.<\/p>\n<p style=\"text-align: justify;\">Du c\u00f4t\u00e9 des navigateurs Internet, <em>Microsoft<\/em> a bien compris que son autre fois populaire <a href=\"https:\/\/fr.wikipedia.org\/wiki\/Internet_Explorer\" target=\"_blank\" rel=\"noopener\"><em>Internet Explorer<\/em><\/a> est en grande perte de vitesse face aux performances in\u00e9galables de son comp\u00e9titeur direct, <a href=\"https:\/\/fr.wikipedia.org\/wiki\/Google_Chrome\" target=\"_blank\" rel=\"noopener\"><em>Google Chrome<\/em><\/a>. Dans cette optique, <em>Microsoft<\/em> avait annonc\u00e9 quelques mois auparavant le successeur d\u2019<em>Internet Explorer<\/em>, soit <a href=\"https:\/\/fr.wikipedia.org\/wiki\/Microsoft_Edge\" target=\"_blank\" rel=\"noopener\"><em>Microsoft Edge<\/em><\/a>. D\u2019ailleurs, ce dernier utilise <a href=\"https:\/\/fr.wikipedia.org\/wiki\/Chromium\" target=\"_blank\" rel=\"noopener\"><em>Chromium<\/em><\/a>, la base en code source ouvert, offert par <a href=\"https:\/\/fr.wikipedia.org\/wiki\/Google\" target=\"_blank\" rel=\"noopener\"><em>Google<\/em><\/a>. C\u2019est dire \u00e0 quel point <em>Microsoft<\/em> reconna\u00eet sa d\u00e9faite dans la bataille des navigateurs.<\/p>\n<p style=\"text-align: justify;\">L\u2019assistant vocal <a href=\"https:\/\/fr.wikipedia.org\/wiki\/Cortana_(assistant_personnel_intelligent)\" target=\"_blank\" rel=\"noopener\"><em>Cortana<\/em><\/a> est \u00e9galement introduit dans cette version de <em>Windows<\/em>. <em>Cortana<\/em> avait \u00e9t\u00e9 initialement d\u00e9velopp\u00e9 pour les <a href=\"https:\/\/fr.wikipedia.org\/wiki\/Windows_Phone\" target=\"_blank\" rel=\"noopener\"><em>Windows Phone<\/em><\/a> en version 8.1. Malheureusement, cet assistant personnel ne sera jamais \u00e0 la hauteur de ses comp\u00e9titeurs tels qu\u2019<a href=\"https:\/\/fr.wikipedia.org\/wiki\/Amazon_Alexa\" target=\"_blank\" rel=\"noopener\"><em>Amazon Alexa<\/em><\/a>, l\u2019<a href=\"https:\/\/fr.wikipedia.org\/wiki\/Assistant_Google\" target=\"_blank\" rel=\"noopener\">assistant <em>Google<\/em><\/a> ou <a href=\"https:\/\/fr.wikipedia.org\/wiki\/Siri_(logiciel)\" target=\"_blank\" rel=\"noopener\"><em>Siri<\/em><\/a> d\u2019<em>Apple<\/em>. D\u2019ailleurs, <em>Microsoft<\/em> commencera un long retrait de <em>Cortana<\/em>, d\u2019abord de sa console de jeu <a href=\"https:\/\/fr.wikipedia.org\/wiki\/Xbox_(marque)\" target=\"_blank\" rel=\"noopener\"><em>Xbox<\/em><\/a> en 2020, puis des march\u00e9s internationaux. En juin dernier, <em>Microsoft<\/em> a annonc\u00e9 le retrait de <em>Cortana<\/em> de <em>Windows 10<\/em> pour le remplacer par un nouvel outil d\u2019intelligence artificielle nomm\u00e9 <a href=\"https:\/\/en.wikipedia.org\/wiki\/Microsoft_Copilot\" target=\"_blank\" rel=\"noopener\"><em>CoPilot<\/em><\/a> (anglais) bas\u00e9 sur la technologie <a href=\"https:\/\/fr.wikipedia.org\/wiki\/ChatGPT\" target=\"_blank\" rel=\"noopener\"><em>ChatGPT<\/em><\/a>.<\/p>\n<p style=\"text-align: justify;\">En passant, voici une petite anecdote concernant le nom <em>Cortana.<\/em> Celui-ci provient de l\u2019intelligence artificielle dans le jeu vid\u00e9o <a href=\"https:\/\/fr.wikipedia.org\/wiki\/Halo_(s\u00e9rie_de_jeux_vid\u00e9o)\" target=\"_blank\" rel=\"noopener\"><em>Halo<\/em><\/a> \u00e9galement publi\u00e9 par <a href=\"https:\/\/fr.wikipedia.org\/wiki\/Xbox_Game_Studios\" target=\"_blank\" rel=\"noopener\"><em>Microsoft Xbox Game Studios<\/em><\/a>. Par ailleurs, la voix en anglais de <em>Cortana<\/em>, autant dans le jeu vid\u00e9o que pour le <em>Windows Phone<\/em>, est personnifi\u00e9e par l\u2019actrice am\u00e9ricaine <a href=\"https:\/\/fr.wikipedia.org\/wiki\/Jen_Taylor\" target=\"_blank\" rel=\"noopener\"><em>Jennifer Lee Taylor<\/em><\/a>. L\u2019actrice pr\u00eate \u00e9galement sa voix pour quelques autres personnages de jeux vid\u00e9o, dont la <a href=\"https:\/\/fr.wikipedia.org\/wiki\/Princesse_Peach\" target=\"_blank\" rel=\"noopener\"><em>Princesse Peach<\/em><\/a> dans la franchise <a href=\"https:\/\/fr.wikipedia.org\/wiki\/Mario_(franchise)\" target=\"_blank\" rel=\"noopener\"><em>Super Mario<\/em><\/a> de la firme <a href=\"https:\/\/fr.wikipedia.org\/wiki\/Nintendo\" target=\"_blank\" rel=\"noopener\"><em>Nintendo<\/em><\/a>.<\/p>\n<p><img loading=\"lazy\" decoding=\"async\" class=\"size-full wp-image-47499 aligncenter\" src=\"https:\/\/cimbcc.org\/test2\/wp-content\/uploads\/chip_2023_12_windows_5_1.jpg\" alt=\"\" width=\"377\" height=\"377\" srcset=\"https:\/\/cimbcc.org\/test2\/wp-content\/uploads\/chip_2023_12_windows_5_1.jpg 377w, https:\/\/cimbcc.org\/test2\/wp-content\/uploads\/chip_2023_12_windows_5_1-300x300.jpg 300w, https:\/\/cimbcc.org\/test2\/wp-content\/uploads\/chip_2023_12_windows_5_1-150x150.jpg 150w, https:\/\/cimbcc.org\/test2\/wp-content\/uploads\/chip_2023_12_windows_5_1-125x125.jpg 125w\" sizes=\"auto, (max-width: 377px) 100vw, 377px\" \/><\/p>\n<p style=\"text-align: justify;\">C\u00f4t\u00e9 interface graphique, <em>Microsoft<\/em> r\u00e9pond aux nombreuses plaintes concernant son pr\u00e9d\u00e9cesseur en annon\u00e7ant le retour du menu \u00ab\u00a0<strong><em>D\u00e9marrer<\/em><\/strong>\u00a0\u00bb repr\u00e9sent\u00e9 par une ic\u00f4ne avec le logo de <em>Windows 10<\/em>. D\u2019ailleurs, ce menu emprunte quelques \u00e9l\u00e9ments que nous retrouvions avec <a href=\"https:\/\/fr.wikipedia.org\/wiki\/Windows_7\" target=\"_blank\" rel=\"noopener\"><em>Windows 7<\/em><\/a>. Exit la page inutile des applications de <em>Windows 8<\/em>. Enfin, <em>Microsoft<\/em> \u00e9coute ses utilisateurs !<\/p>\n<figure id=\"attachment_47500\" aria-describedby=\"caption-attachment-47500\" style=\"width: 576px\" class=\"wp-caption aligncenter\"><img loading=\"lazy\" decoding=\"async\" class=\"size-full wp-image-47500\" src=\"https:\/\/cimbcc.org\/test2\/wp-content\/uploads\/chip_2023_12_windows_5_2.jpg\" alt=\"\" width=\"576\" height=\"302\" srcset=\"https:\/\/cimbcc.org\/test2\/wp-content\/uploads\/chip_2023_12_windows_5_2.jpg 576w, https:\/\/cimbcc.org\/test2\/wp-content\/uploads\/chip_2023_12_windows_5_2-300x157.jpg 300w\" sizes=\"auto, (max-width: 576px) 100vw, 576px\" \/><figcaption id=\"caption-attachment-47500\" class=\"wp-caption-text\">Windows 10 et le retour du menu D\u00e9marrer, repr\u00e9sent\u00e9 sous forme d\u2019ic\u00f4ne<\/figcaption><\/figure>\n<p style=\"text-align: justify;\">C\u00f4t\u00e9 applicatif, le concept d\u2019application universelle est introduit. Cette nouvelle technologie logicielle permet aux d\u00e9veloppeurs de cr\u00e9er une application pouvant fonctionner autant sur ordinateur personnel, que sur une tablette, un t\u00e9l\u00e9phone intelligent, une console <em>Xbox<\/em> et divers <a href=\"https:\/\/fr.wikipedia.org\/wiki\/Syst\u00e8me_embarqu\u00e9\" target=\"_blank\" rel=\"noopener\">syst\u00e8mes embarqu\u00e9s<\/a>. Inutile de pr\u00e9ciser que ceci facilite grandement la vie des d\u00e9veloppeurs d\u2019applications et favorise le foisonnement d\u2019applications.<\/p>\n<p style=\"text-align: justify;\">Plusieurs autres nouveaut\u00e9s sont introduites avec cette version, encore une fois trop nombreuses pour \u00eatre list\u00e9es ici. Sommairement, celles-ci touchent le multim\u00e9dia, l\u2019introduction de bureaux multiples, une plus grande int\u00e9gration des services en ligne ainsi que les jeux vid\u00e9o qui sont de plus en plus int\u00e9gr\u00e9s avec sa plateforme <em>XBox<\/em>. <em>Microsoft<\/em> int\u00e8gre \u00e9galement de la publicit\u00e9 pouss\u00e9e aux utilisateurs, chose que nous n\u2019avions pas auparavant, comme quoi rien n\u2019est r\u00e9ellement gratuit en ce bas monde.<\/p>\n<p style=\"text-align: justify;\">Plusieurs \u00e9ditions de <em>Windows 10<\/em> seront produites dont le fameux mode \u00ab\u00a0S\u00a0\u00bb introduit avec <em>Windows 8<\/em> et qui a tant m\u00e9content\u00e9 les consommateurs. Ce dernier est d\u2019ailleurs discontinu\u00e9 depuis 2018, <em>Microsoft<\/em> reconnaissant enfin la confusion introduite avec cette version. Pour une liste compl\u00e8te des versions de <em>Windows 10<\/em>, je vous sugg\u00e8re <a href=\"https:\/\/fr.wikipedia.org\/wiki\/\u00c9ditions_de_Windows_10\" target=\"_blank\" rel=\"noopener\">cette page Internet<\/a>.<\/p>\n<p style=\"text-align: justify;\">La r\u00e9ception de <em>Windows 10<\/em> par la presse sp\u00e9cialis\u00e9e ainsi que des professionnels du milieu est excellente, consid\u00e9rant cette version de loin sup\u00e9rieure \u00e0 <em>Windows 8.x<\/em>. M\u00eame le milieu des affaires est enthousiaste. Certains vont jusqu\u2019\u00e0 consid\u00e9rer cette version comme le \u00ab\u00a0nouveau <em>Windows 7<\/em>\u00a0\u00bb, c\u2019est peu dire combien cette derni\u00e8re avait \u00e9t\u00e9 appr\u00e9ci\u00e9e, dont moi le premier. Au passage, je dois avouer que <em>Windows 10<\/em> est la version qui m\u2019a fait quitter d\u00e9finitivement <em>Windows 7<\/em>.<\/p>\n<p>Les requis mat\u00e9riels pour <em>Windows 10<\/em> sont\u00a0:<\/p>\n<ul>\n<li>Un processeur \u00e0 1 GHz, 32 ou 64 bits.<\/li>\n<li>Un minimum de 32 Go d\u2019espace sur disque dur.<\/li>\n<li>Une m\u00e9moire vive (RAM) \u00e0 1 ou 2 Go en fonction de la version 32 ou 64 bits, 4 Go recommand\u00e9es.<\/li>\n<li>Un affichage graphique au minimum de 800 x 600 pixels.<\/li>\n<li>Pour les autres sp\u00e9cificit\u00e9s, vous pouvez consulter <a href=\"https:\/\/en.wikipedia.org\/wiki\/Windows_10#System_requirements\" target=\"_blank\" rel=\"noopener\">cette section<\/a> (en anglais).<\/li>\n<\/ul>\n<p style=\"text-align: justify;\"><em>Microsoft<\/em> a r\u00e9guli\u00e8rement mis \u00e0 jour <em>Windows 10<\/em>, soit deux mises \u00e0 jour majeures par ann\u00e9e ainsi que des mises \u00e0 jour mineures hebdomadaires que nous appelons affectueusement \u00ab <em>Patching Tuesday<\/em>\u00a0\u00bb, car celles-ci sont g\u00e9n\u00e9ralement disponibles tous les mardis.<\/p>\n<p style=\"text-align: justify;\">Toutefois, il y a un petit \u00ab\u00a0twist\u00a0\u00bb concernant les mises \u00e0 jour majeures. Selon le cycle \u00e9tabli par <em>Microsoft<\/em>, il n\u2019est pas possible d\u2019accumuler plus de deux retards dans ces mises \u00e0 jour au prix de devoir r\u00e9installer compl\u00e8tement <em>Windows 10<\/em> sur l\u2019ordinateur. Ceci repr\u00e9sente un r\u00e9el d\u00e9fi pour les entreprises, d\u00e9fi auquel nous nous sommes but\u00e9s lorsque j\u2019\u00e9tais encore en emploi. Cette nouvelle cadence impos\u00e9e par <em>Microsoft<\/em> n\u00e9cessite des \u00e9quipes permanentes au sein des entreprises afin de suivre le rythme des mises \u00e0 jour, ce qui repr\u00e9sente des d\u00e9penses significatives.<\/p>\n<p style=\"text-align: justify;\">Voyant les difficult\u00e9s que cela repr\u00e9sente au sein des entreprises de plus petite taille, ainsi que les nombreuses plaintes et probl\u00e9matiques formul\u00e9es par les client\u00e8les, <em>Microsoft<\/em> <a href=\"https:\/\/www.clubic.com\/pro\/entreprises\/microsoft\/actualite-394596-windows-10-va-continuer-de-recevoir-une-mise-a-jour-majeure-par-an-jusqu-a-nouvel-ordre.html\" target=\"_blank\" rel=\"noopener\">annonce en novembre 2021<\/a> que le cycle des mises \u00e0 jour majeures est ramen\u00e9 \u00e0 une fois par ann\u00e9e. Par ailleurs, <em>Microsoft<\/em> avait lanc\u00e9 le successeur de <em>Windows 10<\/em>, le mois pr\u00e9c\u00e9dent. D\u00e8s cet instant, le sablier du temps a in\u00e9vitablement commenc\u00e9 \u00e0 s\u2019\u00e9couler, <em>Microsoft<\/em> annon\u00e7ant la fin du support \u00e9tendu de la version courante de <em>Windows 10<\/em> pour octobre 2025, cette date est \u00e9videmment sujette \u00e0 r\u00e9vision.<\/p>\n<h4>2021 \u2013 Windows 11<\/h4>\n<p style=\"text-align: justify;\">Le 5 octobre 2021, <em>Microsoft<\/em> rendait disponible <em>Windows 11<\/em>, le syst\u00e8me d\u2019exploitation qui ne devait jamais voir le jour selon les propos tenus par <em>Microsoft<\/em> lors du lancement de son pr\u00e9d\u00e9cesseur. <em>Windows 11<\/em> est offert gratuitement \u00e0 tout utilisateur de <em>Windows 10<\/em> dont l\u2019ordinateur rencontre les nouveaux requis technologiques qui sont tr\u00e8s sp\u00e9cifiques, comme nous le verrons.<\/p>\n<p style=\"text-align: justify;\">Cette version apporte son lot de changement au <a href=\"https:\/\/en.wikipedia.org\/wiki\/Windows_shell\" target=\"_blank\" rel=\"noopener\"><em>Windows Shell<\/em><\/a>, nom de l\u2019interface graphique de <em>Windows<\/em>. Ainsi, nous voyons encore une fois un menu \u00ab\u00a0D\u00e9marrer\u00a0\u00bb enti\u00e8rement redessin\u00e9 et toujours repr\u00e9sent\u00e9 par une ic\u00f4ne du logo de <em>Windows<\/em>. Celui-ci est plac\u00e9 au centre de la barre de t\u00e2ches plut\u00f4t qu\u2019\u00e0 gauche comme nous l\u2019avons toujours connu. Rassurez-vous, il est toujours possible de le repositionner \u00e0 gauche via les param\u00e8tres de configuration. Cette fois, les tuiles disparaissent pour de bon et sont remplac\u00e9es par de simples ic\u00f4nes.<\/p>\n<figure id=\"attachment_47501\" aria-describedby=\"caption-attachment-47501\" style=\"width: 513px\" class=\"wp-caption aligncenter\"><img loading=\"lazy\" decoding=\"async\" class=\"size-full wp-image-47501\" src=\"https:\/\/cimbcc.org\/test2\/wp-content\/uploads\/chip_2023_12_windows_5_3.jpg\" alt=\"\" width=\"513\" height=\"341\" srcset=\"https:\/\/cimbcc.org\/test2\/wp-content\/uploads\/chip_2023_12_windows_5_3.jpg 513w, https:\/\/cimbcc.org\/test2\/wp-content\/uploads\/chip_2023_12_windows_5_3-300x199.jpg 300w, https:\/\/cimbcc.org\/test2\/wp-content\/uploads\/chip_2023_12_windows_5_3-120x80.jpg 120w\" sizes=\"auto, (max-width: 513px) 100vw, 513px\" \/><figcaption id=\"caption-attachment-47501\" class=\"wp-caption-text\">Windows 11 et son nouveau menu D\u00e9marrer<\/figcaption><\/figure>\n<p style=\"text-align: justify;\">Un panneau de <a href=\"https:\/\/fr.wikipedia.org\/wiki\/Widget_interactif\" target=\"_blank\" rel=\"noopener\"><em>Widgets<\/em><\/a> fait son apparition rempla\u00e7ant encore une fois les tuiles de son pr\u00e9d\u00e9cesseur. Il s\u2019agit essentiellement de petits composants logiciels informatifs et interactifs \u00e0 l\u2019utilisateur. Un exemple : le widget de m\u00e9t\u00e9o en temps r\u00e9el est cliquable et vous am\u00e8ne vers un site donnant davantage d\u2019informations.<\/p>\n<figure id=\"attachment_47502\" aria-describedby=\"caption-attachment-47502\" style=\"width: 576px\" class=\"wp-caption aligncenter\"><img loading=\"lazy\" decoding=\"async\" class=\"size-full wp-image-47502\" src=\"https:\/\/cimbcc.org\/test2\/wp-content\/uploads\/chip_2023_12_windows_5_4.jpg\" alt=\"\" width=\"576\" height=\"386\" srcset=\"https:\/\/cimbcc.org\/test2\/wp-content\/uploads\/chip_2023_12_windows_5_4.jpg 576w, https:\/\/cimbcc.org\/test2\/wp-content\/uploads\/chip_2023_12_windows_5_4-300x201.jpg 300w, https:\/\/cimbcc.org\/test2\/wp-content\/uploads\/chip_2023_12_windows_5_4-120x80.jpg 120w\" sizes=\"auto, (max-width: 576px) 100vw, 576px\" \/><figcaption id=\"caption-attachment-47502\" class=\"wp-caption-text\">Windows 11 en mode sombre et la page personnalisable de Widgets<\/figcaption><\/figure>\n<p style=\"text-align: justify;\">Encore une fois, il y a beaucoup de nouveaut\u00e9s sous le capot avec cette version. Celles qui sont dignes de mention sont : un mode \u00ab\u00a0<em>Snap<\/em>\u00a0\u00bb pour diviser l\u2019\u00e9cran entre plusieurs applications, l\u2019int\u00e9gration de <a href=\"https:\/\/fr.wikipedia.org\/wiki\/Microsoft_Teams\" target=\"_blank\" rel=\"noopener\"><em>Microsoft Teams<\/em><\/a>, pour les conversations instantan\u00e9es et visioconf\u00e9rences, et le mode de bureaux multiples am\u00e9lior\u00e9s.<\/p>\n<figure id=\"attachment_47503\" aria-describedby=\"caption-attachment-47503\" style=\"width: 576px\" class=\"wp-caption aligncenter\"><img loading=\"lazy\" decoding=\"async\" class=\"size-full wp-image-47503\" src=\"https:\/\/cimbcc.org\/test2\/wp-content\/uploads\/chip_2023_12_windows_5_5.jpg\" alt=\"\" width=\"576\" height=\"202\" srcset=\"https:\/\/cimbcc.org\/test2\/wp-content\/uploads\/chip_2023_12_windows_5_5.jpg 576w, https:\/\/cimbcc.org\/test2\/wp-content\/uploads\/chip_2023_12_windows_5_5-300x105.jpg 300w\" sizes=\"auto, (max-width: 576px) 100vw, 576px\" \/><figcaption id=\"caption-attachment-47503\" class=\"wp-caption-text\">Windows 11 \u00ab Snap \u00bb et l\u2019affichage de bureaux multiples<\/figcaption><\/figure>\n<p style=\"text-align: justify;\">Parmi les requis de <em>Windows 11<\/em>, <em>Microsoft<\/em> n\u2019offre plus de version 32 bits. Seule la version 64 bits est offerte. Rassurez-vous, vos vieux logiciels 32 bits fonctionneront encore sous <em>Windows 11<\/em>. Il s\u2019agit d\u2019une \u00e9volution normale de la technologie, <em>Apple<\/em> ayant fait de m\u00eame avec <a href=\"https:\/\/fr.wikipedia.org\/wiki\/MacOS_Catalina\" target=\"_blank\" rel=\"noopener\"><em>macOS Catalina<\/em><\/a> sorti en 2019.<\/p>\n<p style=\"text-align: justify;\">Par ailleurs, <em>Microsoft<\/em> en profite \u00e9galement pour rehausser les requis de s\u00e9curit\u00e9 en exigeant le d\u00e9marrage s\u00e9curis\u00e9 <a href=\"https:\/\/fr.wikipedia.org\/wiki\/UEFI\" target=\"_blank\" rel=\"noopener\"><em>UEFI<\/em><\/a> (<em>Unified Extensible Firmware Interface<\/em>), il s\u2019agit du logiciel d\u2019amor\u00e7age d\u2019un ordinateur avant m\u00eame le lancement du syst\u00e8me d\u2019exploitation et rempla\u00e7ant le traditionnel <a href=\"https:\/\/fr.wikipedia.org\/wiki\/BIOS_(informatique)\" target=\"_blank\" rel=\"noopener\"><em>BIOS<\/em><\/a> (<em>Basic Input Output System<\/em>) qui effectuait cette t\u00e2che jusque-l\u00e0. Du m\u00eame coup, <em>Microsoft<\/em> exige la pr\u00e9sence d\u2019une puce <a href=\"https:\/\/en.wikipedia.org\/wiki\/Trusted_Platform_Module\" target=\"_blank\" rel=\"noopener\"><em>TPM<\/em><\/a> en version 2.0 (<em>Trusted Platform Module<\/em>). Il s\u2019agit d\u2019une technologie de chiffrement local dont seuls les ordinateurs produits apr\u00e8s 2016 sont dot\u00e9s.<\/p>\n<p style=\"text-align: justify;\">Toujours en ce qui a trait aux requis, voici ce qu\u2019il vous faut\u00a0:<\/p>\n<ul style=\"text-align: justify;\">\n<li>Un processeur <a href=\"https:\/\/en.wikipedia.org\/wiki\/Intel\" target=\"_blank\" rel=\"noopener\"><em>Intel<\/em><\/a> de <a href=\"https:\/\/fr.wikipedia.org\/wiki\/Coffee_Lake\" target=\"_blank\" rel=\"noopener\">8<sup>e<\/sup> g\u00e9n\u00e9ration<\/a> et sup\u00e9rieur ou un processeur <a href=\"https:\/\/fr.wikipedia.org\/wiki\/Advanced_Micro_Devices\" target=\"_blank\" rel=\"noopener\"><em>AMD<\/em><\/a> <a href=\"https:\/\/fr.wikipedia.org\/wiki\/Ryzen\" target=\"_blank\" rel=\"noopener\"><em>Ryzen<\/em><\/a> de 2<sup>e<\/sup> g\u00e9n\u00e9ration et sup\u00e9rieur, dot\u00e9 de <a href=\"https:\/\/fr.wikipedia.org\/wiki\/Zen%2B\" target=\"_blank\" rel=\"noopener\"><em>Zen+<\/em><\/a>.<\/li>\n<li>Un minimum de 4 Go de m\u00e9moire vive.<\/li>\n<li>Un minimum de 64 Go d\u2019espace sur disque dur.<\/li>\n<li>Pour une liste compl\u00e8te des particularit\u00e9s, vous pouvez consulter <a href=\"https:\/\/en.wikipedia.org\/wiki\/Windows_11#System_requirements\" target=\"_blank\" rel=\"noopener\">cette page Internet<\/a>.<\/li>\n<\/ul>\n<p style=\"text-align: justify;\">\u00c9tant donn\u00e9 les sp\u00e9cificit\u00e9s techniques requises et dans le but de vous faciliter la t\u00e2che, <em>Microsoft<\/em> produira un logiciel nomm\u00e9 <a href=\"https:\/\/support.microsoft.com\/fr-fr\/windows\/comment-utiliser-l-application-contr\u00f4le-d-int\u00e9grit\u00e9-du-pc-9c8abd9b-03ba-4e67-81ef-36f37caa7844\" target=\"_blank\" rel=\"noopener\">Contr\u00f4le d\u2019Int\u00e9grit\u00e9 du PC<\/a> (<em>PC Health Check<\/em> ) \u00e0 <a href=\"https:\/\/aka.ms\/GetPCHealthCheckApp\" target=\"_blank\" rel=\"noopener\">t\u00e9l\u00e9charger<\/a>, puis \u00e0 ex\u00e9cuter sur votre ordinateur afin d\u2019\u00e9valuer si celui-ci peut faire fonctionner <em>Windows 11<\/em>.<\/p>\n<p style=\"text-align: justify;\">Mis \u00e0 part les remontrances dues aux requis technologiques, la r\u00e9ception de cette nouvelle version par la presse sp\u00e9cialis\u00e9e et les professionnels du milieu est plut\u00f4t bonne. Personnellement, j\u2019utilise <em>Windows 11<\/em> depuis ses d\u00e9buts et je l\u2019appr\u00e9cie. Bien qu\u2019imparfait \u00e0 son lancement, <em>Microsoft<\/em> a rapidement apport\u00e9 des am\u00e9liorations qui en font un solide syst\u00e8me d\u2019exploitation. Apr\u00e8s deux ans d\u2019existence et de nombreuses et continuelles mises \u00e0 jour, je peux affirmer que <em>Windows 11<\/em> a atteint une belle maturit\u00e9 qui le rend agr\u00e9able \u00e0 utiliser.<\/p>\n<p style=\"text-align: justify;\">Toutefois, l\u2019histoire de <em>Windows<\/em> ne s\u2019arr\u00eate pas l\u00e0. En juillet 2022, <em>Microsoft<\/em> fait une <a href=\"https:\/\/www.windowscentral.com\/software-apps\/windows-11\/microsoft-moves-to-new-windows-development-cycle-with-major-release-every-three-years-feature-drops-in-between\" target=\"_blank\" rel=\"noopener\">d\u00e9claration importante<\/a> (en anglais) en annon\u00e7ant qu\u2019elle retournait \u00e0 un cycle de nouvelles versions aux trois ans, comme cela existait dans le pass\u00e9, soit de <em>Windows Vista<\/em> \u00e0 <em>Windows 10<\/em>. Encore une fois, il n\u2019y a que les fous qui ne changent pas d\u2019id\u00e9e\u2026<\/p>\n<p style=\"text-align: justify;\">Dans cette optique, <em>Microsoft<\/em> travaillerait sur le successeur nomm\u00e9 provisoirement <em>Windows 12<\/em>, nom de code \u00e0 l\u2019interne\u00a0: <em>Hudson Valley<\/em>. Pour le moment, <em>Microsoft<\/em> est plut\u00f4t avare de commentaires, mais quelques fuites d\u2019informations nous laissent entrevoir une possible sortie autour de l\u2019automne prochain, respectant ainsi son cycle de trois ans.<\/p>\n<p style=\"text-align: justify;\">Par ailleurs, lors de la conf\u00e9rence annuelle <a href=\"https:\/\/ignite.microsoft.com\/en-US\/home\" target=\"_blank\" rel=\"noopener\"><em>Microsoft Ignite 2023<\/em><\/a> qui s\u2019est tenue le mois dernier, <em>Microsoft<\/em> a utilis\u00e9 une version de <em>Windows<\/em> que nous n\u2019avions jamais vue, lan\u00e7ant ainsi le moulin \u00e0 rumeur sur la prochaine version de <em>Windows<\/em>. Voici un aper\u00e7u de cette version.<\/p>\n<figure id=\"attachment_47504\" aria-describedby=\"caption-attachment-47504\" style=\"width: 576px\" class=\"wp-caption aligncenter\"><img loading=\"lazy\" decoding=\"async\" class=\"size-full wp-image-47504\" src=\"https:\/\/cimbcc.org\/test2\/wp-content\/uploads\/chip_2023_12_windows_5_6.jpg\" alt=\"\" width=\"576\" height=\"383\" srcset=\"https:\/\/cimbcc.org\/test2\/wp-content\/uploads\/chip_2023_12_windows_5_6.jpg 576w, https:\/\/cimbcc.org\/test2\/wp-content\/uploads\/chip_2023_12_windows_5_6-300x199.jpg 300w, https:\/\/cimbcc.org\/test2\/wp-content\/uploads\/chip_2023_12_windows_5_6-120x80.jpg 120w\" sizes=\"auto, (max-width: 576px) 100vw, 576px\" \/><figcaption id=\"caption-attachment-47504\" class=\"wp-caption-text\">Serait-ce un aper\u00e7u de Windows 12 ?<\/figcaption><\/figure>\n<p style=\"text-align: justify;\">Notez, le <em>Widget<\/em> de m\u00e9t\u00e9o au coin sup\u00e9rieur gauche, la recherche au centre et les informations de <a href=\"https:\/\/fr.wikipedia.org\/wiki\/Wi-Fi\" target=\"_blank\" rel=\"noopener\"><em>Wi-Fi<\/em><\/a>, de pile, de date et d\u2019heure \u00e0 droite. Notez \u00e9galement que la barre de t\u00e2ches au bas est flottante. Est-ce l\u00e0 une premi\u00e8re vue du successeur de <em>Windows 11 <\/em>?\u00a0 Possible. Seul l\u2019avenir nous le dira.<\/p>\n<p style=\"text-align: justify;\">Voil\u00e0, c\u2019est ici que se termine cette longue s\u00e9rie sur l\u2019histoire de <em>Windows<\/em>. J\u2019esp\u00e8re avoir retenu votre attention tout au long de cette s\u00e9rie. J\u2019esp\u00e8re \u00e9galement que vous avez eu autant de plaisir \u00e0 la lire que moi \u00e0 effectuer les recherches et \u00e0 la r\u00e9diger.<\/p>\n<p>Sur ce, je vous souhaite de joyeuses f\u00eates.<\/p>\n<p>Daniel Vinet<\/p>\n","protected":false},"excerpt":{"rendered":"<p>Pour lire les articles pr\u00e9c\u00e9dents de cette s\u00e9rie, visitez la premi\u00e8re, la seconde, la troisi\u00e8me, puis la quatri\u00e8me partie. Nous terminerons cette aventure de l\u2019histoire de Windows avec les deux derni\u00e8res versions en liste ainsi qu\u2019un petit aper\u00e7u de l\u2019avenir de Windows. Embarquez avec moi pour cette toute derni\u00e8re escale de cette longue s\u00e9rie d\u2019articles.<\/p>\n","protected":false},"author":43,"featured_media":0,"comment_status":"open","ping_status":"closed","sticky":false,"template":"","format":"standard","meta":{"footnotes":""},"categories":[1594],"tags":[144,86,88,1499],"class_list":["post-47497","post","type-post","status-publish","format-standard","hentry","category-chronique-technique","tag-histoire","tag-windows","tag-windows-10","tag-windows-11"],"_links":{"self":[{"href":"https:\/\/cimbcc.org\/test2\/wp-json\/wp\/v2\/posts\/47497","targetHints":{"allow":["GET"]}}],"collection":[{"href":"https:\/\/cimbcc.org\/test2\/wp-json\/wp\/v2\/posts"}],"about":[{"href":"https:\/\/cimbcc.org\/test2\/wp-json\/wp\/v2\/types\/post"}],"author":[{"embeddable":true,"href":"https:\/\/cimbcc.org\/test2\/wp-json\/wp\/v2\/users\/43"}],"replies":[{"embeddable":true,"href":"https:\/\/cimbcc.org\/test2\/wp-json\/wp\/v2\/comments?post=47497"}],"version-history":[{"count":7,"href":"https:\/\/cimbcc.org\/test2\/wp-json\/wp\/v2\/posts\/47497\/revisions"}],"predecessor-version":[{"id":51636,"href":"https:\/\/cimbcc.org\/test2\/wp-json\/wp\/v2\/posts\/47497\/revisions\/51636"}],"wp:attachment":[{"href":"https:\/\/cimbcc.org\/test2\/wp-json\/wp\/v2\/media?parent=47497"}],"wp:term":[{"taxonomy":"category","embeddable":true,"href":"https:\/\/cimbcc.org\/test2\/wp-json\/wp\/v2\/categories?post=47497"},{"taxonomy":"post_tag","embeddable":true,"href":"https:\/\/cimbcc.org\/test2\/wp-json\/wp\/v2\/tags?post=47497"}],"curies":[{"name":"wp","href":"https:\/\/api.w.org\/{rel}","templated":true}]}}