{"id":47588,"date":"2023-12-29T01:04:40","date_gmt":"2023-12-29T06:04:40","guid":{"rendered":"https:\/\/cimbcc.org\/test2\/?p=47588"},"modified":"2023-12-29T01:06:40","modified_gmt":"2023-12-29T06:06:40","slug":"seances-de-lhiver-2024","status":"publish","type":"post","link":"https:\/\/cimbcc.org\/test2\/seances-de-lhiver-2024\/","title":{"rendered":"S\u00e9ances de l&rsquo;hiver 2024"},"content":{"rendered":"<figure id=\"attachment_24078\" aria-describedby=\"caption-attachment-24078\" style=\"width: 125px\" class=\"wp-caption aligncenter\"><img loading=\"lazy\" decoding=\"async\" class=\"size-full wp-image-24078\" src=\"https:\/\/cimbcc.org\/test2\/wp-content\/uploads\/photo_belanger_guy.jpg\" alt=\"\" width=\"125\" height=\"125\" \/><figcaption id=\"caption-attachment-24078\" class=\"wp-caption-text\"><span style=\"color: #ffffff;\">mmm<\/span>Guy B\u00e9langer<\/figcaption><\/figure>\n<p style=\"text-align: justify;\">La mi-janvier, le <span style=\"color: #ff0000;\"><strong>10 janvier 2024<\/strong><\/span> plus pr\u00e9cis\u00e9ment, marque le d\u00e9but de la saison hivernale des pr\u00e9sentations du CIMBCC.<\/p>\n<p style=\"text-align: justify;\">Vous trouverez dans cet article un avant-go\u00fbt des s\u00e9ries <em>Facile<\/em> et <em>D\u00e9couverte<\/em> ainsi que les consignes en cas de mauvaise temp\u00e9rature pour ceux et celles d&rsquo;entre vous qui pr\u00e9f\u00e8rent se rendre en personne au Chalet Marie-Victorin pour les sessions du vendredi apr\u00e8s-midi.<\/p>\n<p style=\"text-align: justify;\"><!--more--><\/p>\n<h4 style=\"text-align: justify;\">Notes de pr\u00e9sentation de l&rsquo;automne 2023<\/h4>\n<p style=\"text-align: justify;\">Au cas o\u00f9 vous voudriez y r\u00e9f\u00e9rer, les notes de pr\u00e9sentation de l\u2019automne dernier se retrouvent sous la rubrique <a href=\"https:\/\/cimbcc.org\/test2\/wp-content\/uploads\/calendrier_archive.pdf\" target=\"_blank\" rel=\"noopener\">Archives<\/a> de la <a href=\"https:\/\/cimbcc.org\/test2\/\" target=\"_blank\" rel=\"noopener\">page d\u2019accueil<\/a> du site Web du Club.<\/p>\n<h4 style=\"text-align: justify;\">Pr\u00e9sentations de la <em>S\u00e9rie Facile<\/em><\/h4>\n<p style=\"text-align: justify;\">Comme par le pass\u00e9, les pr\u00e9sentations de la <a href=\"https:\/\/cimbcc.org\/test2\/wp-content\/uploads\/calendrier_serie_facile.pdf\" target=\"_blank\" rel=\"noopener\"><strong><em>S\u00e9rie Facile<\/em><\/strong><\/a> seront des reprises int\u00e9grales de la saison d\u2019automne 2023. Ce sera l&rsquo;occasion de voir une pr\u00e9sentation que vous auriez manqu\u00e9e ou de revoir certaines s\u00e9ances pour approfondir des \u00e9l\u00e9ments d\u00e9j\u00e0 expos\u00e9s.<\/p>\n<p style=\"text-align: justify;\">Les prestations de la <em>S\u00e9rie Facile<\/em> se feront <strong>uniquement en mode vid\u00e9oconf\u00e9rence<\/strong> avec l\u2019application Zoom \u00e0 <strong>19 h 30 les mercredis<\/strong>, \u00e0 partir du <span style=\"color: #ff0000;\"><strong>10 janvier<\/strong><\/span>. Pour les personnes qui aimeraient avoir plus d&rsquo;informations au sujet de Zoom, le bouton rouge <a href=\"https:\/\/cimbcc.org\/test2\/wp-content\/uploads\/divers_pdf_tutoriel_zoom_index_tableau_v2023-01-02.pdf\" target=\"_blank\" rel=\"noopener\">Information sur Zoom<\/a>, \u00e0 droite sur la <a href=\"https:\/\/cimbcc.org\/test2\/\" target=\"_blank\" rel=\"noopener\">page d&rsquo;accueil<\/a> du site, vous conduira vers des tutoriels.<\/p>\n<p style=\"text-align: justify;\">Les sujets trait\u00e9s ainsi que la pr\u00e9sentatrice et les pr\u00e9sentateurs seront :<\/p>\n<ul>\n<li style=\"text-align: justify;\"><strong>La gestion de nos informations num\u00e9riques<\/strong> avec les <a href=\"https:\/\/fr.wikipedia.org\/wiki\/Fichier_informatique\" target=\"_blank\" rel=\"noopener\">fichiers<\/a> et les <a href=\"https:\/\/fr.wikipedia.org\/wiki\/R%C3%A9pertoire_(informatique)\" target=\"_blank\" rel=\"noopener\">dossiers<\/a> lors de deux s\u00e9ances avec Francine Couture.<\/li>\n<li style=\"text-align: justify;\">\u00c0 l&rsquo;occasion de cinq s\u00e9ances diff\u00e9rentes, Pierre Delisle vous informera quant \u00e0 :\n<ul style=\"list-style-type: circle;\">\n<li style=\"text-align: justify;\"><strong>L\u2019utilisation de l\u2019application <a href=\"https:\/\/fr.wikipedia.org\/wiki\/Zoom_Video_Communications\" target=\"_blank\" rel=\"noopener\">Zoom<\/a>.<\/strong><\/li>\n<li style=\"text-align: justify;\"><strong>L\u2019ABC du <a href=\"https:\/\/fr.wikipedia.org\/wiki\/Courrier_%C3%A9lectronique\" target=\"_blank\" rel=\"noopener\">courrier \u00e9lectronique<\/a>.<\/strong><\/li>\n<li style=\"text-align: justify;\"><strong>Les fonctions de base d\u2019<a href=\"https:\/\/fr.wikipedia.org\/wiki\/Outlook.com\" target=\"_blank\" rel=\"noopener\">Outlook<\/a>.<\/strong><\/li>\n<li style=\"text-align: justify;\"><strong>L\u2019initiation aux <a href=\"https:\/\/fr.wikipedia.org\/wiki\/Commerce_en_ligne\" target=\"_blank\" rel=\"noopener\">achats en ligne<\/a>.<\/strong><\/li>\n<li style=\"text-align: justify;\"><strong> L&rsquo;initiation \u00e0 l&rsquo;environnement de la tablette <a href=\"https:\/\/fr.wikipedia.org\/wiki\/IPad\" target=\"_blank\" rel=\"noopener\">iPad<\/a>.<\/strong><\/li>\n<\/ul>\n<\/li>\n<li style=\"text-align: justify;\"><strong>L\u2019application <a href=\"https:\/\/fr.wikipedia.org\/wiki\/Google_Chrome\" target=\"_blank\" rel=\"noopener\">Chrome<\/a><\/strong>, soit le <a href=\"https:\/\/fr.wikipedia.org\/wiki\/Navigateur_web\" target=\"_blank\" rel=\"noopener\">navigateur Web<\/a> de Google,\u00a0en trois s\u00e9ances avec Sylvain Garneau.<\/li>\n<li style=\"text-align: justify;\">Lors de trois s\u00e9ances, Michel Gagn\u00e9 vous entretiendra des sujets suivants :\n<ul style=\"list-style-type: circle;\">\n<li style=\"text-align: justify;\"><strong>Les <a href=\"https:\/\/fr.wikipedia.org\/wiki\/Virus_informatique\" target=\"_blank\" rel=\"noopener\">virus<\/a> et les <a href=\"https:\/\/fr.wikipedia.org\/wiki\/Logiciel_antivirus\" target=\"_blank\" rel=\"noopener\">antivirus<\/a> ainsi que l\u2019<a href=\"https:\/\/fr.wikipedia.org\/wiki\/Hame%C3%A7onnage\" target=\"_blank\" rel=\"noopener\">hame\u00e7onnage<\/a>.<\/strong><\/li>\n<li style=\"text-align: justify;\"><strong>Les <a href=\"https:\/\/fr.wikipedia.org\/wiki\/Syst%C3%A8me_d%27exploitation\" target=\"_blank\" rel=\"noopener\">syst\u00e8mes d\u2019exploitation<\/a> <a href=\"https:\/\/fr.wikipedia.org\/wiki\/Windows_10\" target=\"_blank\" rel=\"noopener\">Windows 10<\/a> et <a href=\"https:\/\/fr.wikipedia.org\/wiki\/Windows_11\" target=\"_blank\" rel=\"noopener\">Windows 11<\/a>.<\/strong><\/li>\n<li style=\"text-align: justify;\"><strong>La <a href=\"https:\/\/fr.wikipedia.org\/wiki\/S%C3%A9curit%C3%A9_de_l%27information\" target=\"_blank\" rel=\"noopener\">s\u00e9curit\u00e9<\/a> des <a href=\"https:\/\/fr.wikipedia.org\/wiki\/Op%C3%A9ration_financi%C3%A8re\" target=\"_blank\" rel=\"noopener\">transactions \u00e9lectroniques<\/a>.<\/strong><\/li>\n<\/ul>\n<\/li>\n<li style=\"text-align: justify;\"><strong>La d\u00e9monstration des fonctions de base de <a href=\"https:\/\/fr.wikipedia.org\/wiki\/Gmail\" target=\"_blank\" rel=\"noopener\">Gmail<\/a>, <\/strong>l\u2019application courriel de Google, avec Daniel Vinet.<\/li>\n<li style=\"text-align: justify;\"><strong>Diff\u00e9rentes fonctions du <a href=\"https:\/\/fr.wikipedia.org\/wiki\/Google_(moteur_de_recherche)\" target=\"_blank\" rel=\"noopener\">moteur de recherche Google<\/a><\/strong> avec Guy B\u00e9langer.<\/li>\n<\/ul>\n<h4>Pr\u00e9sentations de la <em>S\u00e9rie D\u00e9couverte<\/em><\/h4>\n<p style=\"text-align: justify;\">\u00c0 partir du <span style=\"color: #ff0000;\"><strong>12 janvier<\/strong><\/span>, les prestations de la <a href=\"https:\/\/cimbcc.org\/test2\/wp-content\/uploads\/calendrier_serie_decouverte.pdf\" target=\"_blank\" rel=\"noopener\"><em><strong>S\u00e9rie D\u00e9couverte<\/strong><\/em><\/a> seront offertes aux membres les <strong>vendredis \u00e0 13 h 15<\/strong> \u00e0 la fois en <strong>pr\u00e9sentiel<\/strong>, au <a href=\"https:\/\/cimbcc.org\/test2\/partage-de-connaissances\/les-presentations-du-mercredi-et-du-vendredi\/chalet-marie-victorin-saint-bruno\" target=\"_blank\" rel=\"noopener\">Chalet Marie-Victorin<\/a> de la ville de Saint-Bruno, et en mode <strong>vid\u00e9oconf\u00e9rence<\/strong> sur Zoom.<\/p>\n<p style=\"text-align: justify;\">Les sujets trait\u00e9s ainsi que les pr\u00e9sentatrices et les pr\u00e9sentateurs seront :<\/p>\n<ul>\n<li style=\"text-align: justify;\"><strong>L\u2019utilisation du chiffrier <a href=\"https:\/\/fr.wikipedia.org\/wiki\/Microsoft_Excel\" target=\"_blank\" rel=\"noopener\">Exce<\/a><\/strong>l avec comme exemple l&rsquo;\u00e9tablissement d&rsquo;un budget sans faire de calculs avec C\u00e9line Dufresne.<\/li>\n<li style=\"text-align: justify;\"><strong>Le traitement de texte <a href=\"https:\/\/fr.wikipedia.org\/wiki\/WordPad\" target=\"_blank\" rel=\"noopener\">WordPad<\/a><\/strong> avec Denise Baillargeon.<\/li>\n<li style=\"text-align: justify;\"><strong>L\u2019exploration des <a href=\"https:\/\/fr.wikipedia.org\/wiki\/Podcasting\" target=\"_blank\" rel=\"noopener\">balados<\/a><\/strong> avec Chantal Lemay.<\/li>\n<li style=\"text-align: justify;\"><strong><a href=\"https:\/\/fr.wikipedia.org\/wiki\/Gmail\" target=\"_blank\" rel=\"noopener\">Gmail<\/a>, <a href=\"https:\/\/fr.wikipedia.org\/wiki\/Google_Contacts\" target=\"_blank\" rel=\"noopener\">Google Contacts<\/a> et <a href=\"https:\/\/fr.wikipedia.org\/wiki\/Google_Agenda\" target=\"_blank\" rel=\"noopener\">Google Agenda<\/a> pour tablettes ou t\u00e9l\u00e9phones intelligents<\/strong> avec Denis Charron.<\/li>\n<li style=\"text-align: justify;\"><strong>Les <a href=\"https:\/\/fr.wikipedia.org\/wiki\/Diagramme_de_Gantt\" target=\"_blank\" rel=\"noopener\">diagrammes de Gantt<\/a><\/strong> avec Pierre Jutras.<\/li>\n<li style=\"text-align: justify;\">En deux s\u00e9ances diff\u00e9rentes, Michel Paul vous parlera des sujets suivants :\n<ul style=\"list-style-type: circle;\">\n<li style=\"text-align: justify;\"><strong>L\u2019application <a href=\"https:\/\/en.wikipedia.org\/wiki\/Microsoft_Forms\" target=\"_blank\" rel=\"noopener\">Forms<\/a> de Microsoft.<\/strong><\/li>\n<li style=\"text-align: justify;\"><strong>Les <a href=\"https:\/\/fr.wikipedia.org\/wiki\/Paiement_sur_Internet\" target=\"_blank\" rel=\"noopener\">paiements en ligne<\/a> avec <a href=\"https:\/\/fr.wikipedia.org\/wiki\/PayPal\" target=\"_blank\" rel=\"noopener\">PayPal<\/a>.<\/strong><\/li>\n<\/ul>\n<\/li>\n<li style=\"text-align: justify;\">\u00c0 l&rsquo;aide de deux pr\u00e9sentations, Daniel Vinet vous informera sur :\n<ul>\n<li style=\"text-align: justify;\"><strong>L\u2019\u00e9cosyst\u00e8me Apple : <a href=\"https:\/\/fr.wikipedia.org\/wiki\/IPhone\" target=\"_blank\" rel=\"noopener\">iPhone<\/a>, <a href=\"https:\/\/fr.wikipedia.org\/wiki\/IPad\" target=\"_blank\" rel=\"noopener\">iPad<\/a> et et <a href=\"https:\/\/fr.wikipedia.org\/wiki\/Macintosh\" target=\"_blank\" rel=\"noopener\">Mac<\/a>.<\/strong><\/li>\n<li style=\"text-align: justify;\"><strong>Les fonctions avanc\u00e9es de l\u2019<a href=\"https:\/\/fr.wikipedia.org\/wiki\/IPad\" target=\"_blank\" rel=\"noopener\">iPad<\/a>.<\/strong><\/li>\n<\/ul>\n<\/li>\n<li style=\"text-align: justify;\"><strong>Les <a href=\"https:\/\/fr.wikipedia.org\/wiki\/Infographie\" target=\"_blank\" rel=\"noopener\">outils \u00e9lectroniques de dessin<\/a><\/strong>\u00a0avec Pierre Delisle.<\/li>\n<li style=\"text-align: justify;\"><strong>L\u2019outil financier <a href=\"https:\/\/fr.wikipedia.org\/wiki\/Interac\" target=\"_blank\" rel=\"noopener\">Interac<\/a> pour r\u00e9aliser des virements bancaires et payer des factures<\/strong> avec Jean Presne.<\/li>\n<li style=\"text-align: justify;\"><strong>Le <a href=\"https:\/\/fr.wikipedia.org\/wiki\/Passage_informatique_%C3%A0_l%27an_2000\" target=\"_blank\" rel=\"noopener\">bogue de l\u2019an 2000<\/a><\/strong>, la grande crainte associ\u00e9e au passage du nouveau mill\u00e9naire, avec Jean-Guy Rousseau.<\/li>\n<li style=\"text-align: justify;\"><strong>Le d\u00e9veloppement et la diffusion de la <a href=\"https:\/\/fr.wikipedia.org\/wiki\/Fibre_optique\" target=\"_blank\" rel=\"noopener\">fibre optique<\/a><\/strong> avec Charles Terreault.<\/li>\n<li style=\"text-align: justify;\"><strong>Les agendas \u00e9lectroniques<\/strong> avec Germain B\u00e9langer du club informatique de Brossard.<\/li>\n<li style=\"text-align: justify;\"><strong>Les plateformes de <a href=\"https:\/\/fr.wikipedia.org\/wiki\/Streaming\" target=\"_blank\" rel=\"noopener\">diffusion en continu<\/a><\/strong> : Netflix, Disney+, Amazon Prime et Apple TV\u00a0 avec Sylvain Garneau.<\/li>\n<li style=\"text-align: justify;\"><strong>Les localisateurs satellitaires <a href=\"https:\/\/fr.wikipedia.org\/wiki\/Global_Positioning_System\" target=\"_blank\" rel=\"noopener\">GPS<\/a> et <a href=\"https:\/\/www.techfunnel.com\/information-technology\/visual-positioning-system\/\" target=\"_blank\" rel=\"noopener\">VPS<\/a><\/strong> avec Jean-Pierre Bonneau du club informatique de Brossard.<\/li>\n<li style=\"text-align: justify;\"><strong>L\u2019<a href=\"https:\/\/fr.wikipedia.org\/wiki\/Intelligence_artificielle\" target=\"_blank\" rel=\"noopener\">intelligence artificielle<\/a> et <a href=\"https:\/\/fr.wikipedia.org\/wiki\/ChatGPT\" target=\"_blank\" rel=\"noopener\">ChatGPT<\/a><\/strong> avec Bruno Fournier.<\/li>\n<li style=\"text-align: justify;\"><strong>Les fonctions m\u00e9connues mais fort utiles d\u2019<a href=\"https:\/\/fr.wikipedia.org\/wiki\/Outlook.com\" target=\"_blank\" rel=\"noopener\">Outlook<\/a><\/strong> avec Michel Gagn\u00e9.<\/li>\n<li style=\"text-align: justify;\"><strong>Les <a href=\"https:\/\/fr.wikipedia.org\/wiki\/Cl%C3%A9_d%27acc%C3%A8s\" target=\"_blank\" rel=\"noopener\">clefs d\u2019acc\u00e8s<\/a> pour s\u00e9curiser nos comptes en ligne<\/strong> avec Denis Bergeron du club informatique de Brossard.<\/li>\n<\/ul>\n<h4>Remerciements aux pr\u00e9sentatrices et pr\u00e9sentateurs<\/h4>\n<p style=\"text-align: justify;\">Un grand merci aux pr\u00e9sentatrices et pr\u00e9sentateurs qui consacrent plusieurs heures \u00e0 l\u2019\u00e9laboration du contenu des s\u00e9ances et sur la pr\u00e9paration des notes et exercices qui se retrouvent sur le site du Club.<\/p>\n<h4>Reconnaissance aux b\u00e9n\u00e9voles<\/h4>\n<p style=\"text-align: justify;\">De plus, nous d\u00e9sirons souligner l\u2019implication de divers b\u00e9n\u00e9voles qui soutiennent les pr\u00e9sentations en Zoom ou en pr\u00e9sentiel :<\/p>\n<ul>\n<li style=\"text-align: justify;\">\u00e0 l&rsquo;accueil ;<\/li>\n<li style=\"text-align: justify;\">au support technique ;<\/li>\n<li style=\"text-align: justify;\">avec les courriels hebdomadaires aux membres ;<\/li>\n<li style=\"text-align: justify;\">au service de d\u00e9pannage du mercredi, au <a href=\"https:\/\/cimbcc.org\/test2\/partage-de-connaissances\/les-ateliers\/centre-communautaire\" target=\"_blank\" rel=\"noopener\">Centre communautaire de Saint-Bruno<\/a>, et du vendredi, au <a href=\"https:\/\/cimbcc.org\/test2\/partage-de-connaissances\/les-presentations-du-mercredi-et-du-vendredi\/chalet-marie-victorin-saint-bruno\" target=\"_blank\" rel=\"noopener\">Chalet Marie-Victorin<\/a>.<\/li>\n<\/ul>\n<h4>Cordiale invitation<\/h4>\n<p style=\"text-align: justify;\">Nous vous attendons donc en grand nombre pour cette saison hivernale 2024.<\/p>\n<h5><em>Consignes en cas de mauvaise temp\u00e9rature<\/em><\/h5>\n<p style=\"text-align: justify;\">La <strong>portion en salle<\/strong> d\u2019une s\u00e9ance du vendredi <strong>pourra \u00eatre annul\u00e9e si la m\u00e9t\u00e9o le commande<\/strong>.\u00a0 En cas d\u2019annulation, un avis \u00e0 cet effet sera affich\u00e9 sur la <a href=\"https:\/\/cimbcc.org\/test2\/\" target=\"_blank\" rel=\"noopener\">page d\u2019accueil<\/a> du site Web du Club sous la rubrique <a href=\"https:\/\/cimbcc.org\/test2\/wp-content\/uploads\/calendrier_serie_decouverte.pdf\" target=\"_blank\" rel=\"noopener\"><em>S\u00e9rie D\u00e9couverte<\/em><\/a> avant 11 h 00 le jour de la s\u00e9ance.<\/p>\n<p style=\"text-align: justify;\">La pr\u00e9sentation sera alors offerte uniquement en mode vid\u00e9oconf\u00e9rence Zoom. Donc, avant de vous d\u00e9placer au <a href=\"https:\/\/cimbcc.org\/test2\/partage-de-connaissances\/les-presentations-du-mercredi-et-du-vendredi\/chalet-marie-victorin-saint-bruno\" target=\"_blank\" rel=\"noopener\">Chalet Marie-Victorin<\/a>, il serait bon de v\u00e9rifier si la pr\u00e9sentation a toujours lieu en salle.<\/p>\n<p>Guy B\u00e9langer<br \/>\nCo-responsable des pr\u00e9sentations du mercredi et du vendredi<\/p>\n","protected":false},"excerpt":{"rendered":"<p>La mi-janvier, le 10 janvier 2024 plus pr\u00e9cis\u00e9ment, marque le d\u00e9but de la saison hivernale des pr\u00e9sentations du CIMBCC. Vous trouverez dans cet article un avant-go\u00fbt des s\u00e9ries Facile et D\u00e9couverte ainsi que les consignes en cas de mauvaise temp\u00e9rature pour ceux et celles d&rsquo;entre vous qui pr\u00e9f\u00e8rent se rendre en personne au Chalet Marie-Victorin &hellip; <a href=\"https:\/\/cimbcc.org\/test2\/seances-de-lhiver-2024\/\" class=\"more-link\">Continuer la lecture de <span class=\"screen-reader-text\">S\u00e9ances de l&rsquo;hiver 2024<\/span>  <span class=\"meta-nav\">&rarr;<\/span><\/a><\/p>\n","protected":false},"author":43,"featured_media":0,"comment_status":"open","ping_status":"closed","sticky":false,"template":"","format":"standard","meta":{"footnotes":""},"categories":[402],"tags":[1933,2015,371,370,1991,271,1675,1277],"class_list":["post-47588","post","type-post","status-publish","format-standard","hentry","category-activites-du-club","tag-2023-2024","tag-consignes-en-cas-de-mauvaise-temperature","tag-decouverte","tag-facile","tag-hiver-2024","tag-presentations","tag-presentations-hybrides","tag-videoconference"],"_links":{"self":[{"href":"https:\/\/cimbcc.org\/test2\/wp-json\/wp\/v2\/posts\/47588","targetHints":{"allow":["GET"]}}],"collection":[{"href":"https:\/\/cimbcc.org\/test2\/wp-json\/wp\/v2\/posts"}],"about":[{"href":"https:\/\/cimbcc.org\/test2\/wp-json\/wp\/v2\/types\/post"}],"author":[{"embeddable":true,"href":"https:\/\/cimbcc.org\/test2\/wp-json\/wp\/v2\/users\/43"}],"replies":[{"embeddable":true,"href":"https:\/\/cimbcc.org\/test2\/wp-json\/wp\/v2\/comments?post=47588"}],"version-history":[{"count":20,"href":"https:\/\/cimbcc.org\/test2\/wp-json\/wp\/v2\/posts\/47588\/revisions"}],"predecessor-version":[{"id":47590,"href":"https:\/\/cimbcc.org\/test2\/wp-json\/wp\/v2\/posts\/47588\/revisions\/47590"}],"wp:attachment":[{"href":"https:\/\/cimbcc.org\/test2\/wp-json\/wp\/v2\/media?parent=47588"}],"wp:term":[{"taxonomy":"category","embeddable":true,"href":"https:\/\/cimbcc.org\/test2\/wp-json\/wp\/v2\/categories?post=47588"},{"taxonomy":"post_tag","embeddable":true,"href":"https:\/\/cimbcc.org\/test2\/wp-json\/wp\/v2\/tags?post=47588"}],"curies":[{"name":"wp","href":"https:\/\/api.w.org\/{rel}","templated":true}]}}