{"id":47855,"date":"2024-01-19T20:00:15","date_gmt":"2024-01-20T01:00:15","guid":{"rendered":"https:\/\/cimbcc.org\/test2\/?p=47855"},"modified":"2024-01-19T20:29:36","modified_gmt":"2024-01-20T01:29:36","slug":"echos-du-conseil-dadministration-9-janvier-2024","status":"publish","type":"post","link":"https:\/\/cimbcc.org\/test2\/echos-du-conseil-dadministration-9-janvier-2024\/","title":{"rendered":"\u00c9chos du conseil d&rsquo;administration &#8211; 9 janvier 2024"},"content":{"rendered":"<figure id=\"attachment_47187\" aria-describedby=\"caption-attachment-47187\" style=\"width: 542px\" class=\"wp-caption aligncenter\"><img loading=\"lazy\" decoding=\"async\" class=\"size-full wp-image-47187\" src=\"https:\/\/cimbcc.org\/test2\/wp-content\/uploads\/photo_conseil_dadministration_2023_2024.jpg\" alt=\"\" width=\"542\" height=\"220\" srcset=\"https:\/\/cimbcc.org\/test2\/wp-content\/uploads\/photo_conseil_dadministration_2023_2024.jpg 542w, https:\/\/cimbcc.org\/test2\/wp-content\/uploads\/photo_conseil_dadministration_2023_2024-300x122.jpg 300w\" sizes=\"auto, (max-width: 542px) 100vw, 542px\" \/><figcaption id=\"caption-attachment-47187\" class=\"wp-caption-text\">Dans l&rsquo;ordre habituel : Hassen Ammari, Denise Baillargeon, Danielle Barab\u00e9, Nicole Comtois, R\u00e9jean C\u00f4t\u00e9, Michel Gagn\u00e9, Sylvain Garneau, Pierre Jutras, Jean Malouin, Sylvie Mazur<\/figcaption><\/figure>\n<p style=\"text-align: justify;\">Le conseil d\u2019administration s\u2019est r\u00e9joui du nombre exceptionnel de membres atteint en ce d\u00e9but d\u2019ann\u00e9e. Il a invit\u00e9 le responsable du registre des membres \u00e0 lui pr\u00e9senter les nouveaut\u00e9s apport\u00e9es en 2023 \u00e0 ce registre essentiel.<\/p>\n<p style=\"text-align: justify;\">L\u2019arriv\u00e9e de nouveaux b\u00e9n\u00e9voles est toujours une bonne nouvelle, mais le conseil esp\u00e8re que d\u2019autres pourront participer \u00e0 sa mission de partage de connaissances et d\u2019entraide en informatique.<\/p>\n<p style=\"text-align: justify;\">Des dates ont \u00e9t\u00e9 fix\u00e9es entre f\u00e9vrier et mai 2024 pour les activit\u00e9s sociales destin\u00e9es aux b\u00e9n\u00e9voles et aux membres.<\/p>\n<p style=\"text-align: justify;\">Enfin, le conseil a appr\u00e9ci\u00e9 le bilan des ateliers de l\u2019automne dernier ainsi que les ateliers propos\u00e9s aux membres cet hiver.<\/p>\n<p><!--more--><\/p>\n<hr \/>\n<h4><strong>Les membres du Club et le registre des membres<\/strong><\/h4>\n<p style=\"text-align: justify;\">Au d\u00e9but de janvier, le total des membres a atteint le nombre de 917, ce qui est un nouveau sommet. Toutes ces personnes profiteront d\u2019une <a href=\"https:\/\/cimbcc.org\/test2\/adhesion-au-club\" target=\"_blank\" rel=\"noopener\">adh\u00e9sion<\/a> au Club valable jusqu\u2019en septembre 2025, comme en a d\u00e9cid\u00e9 le conseil d\u2019administration pour souligner le 40<sup>e<\/sup>\u00a0anniversaire du CIMBCC.<\/p>\n<p style=\"text-align: justify;\">Le <a href=\"https:\/\/cimbcc.org\/test2\/a-propos-du-club\/nos-activites\/registre-des-membres\" target=\"_blank\" rel=\"noopener\">registre des membres<\/a> est sous la responsabilit\u00e9 de Michel Paul qui peut compter sur la collaboration de C\u00e9line Dion et de Jocelyne Girard. Michel Paul a fait rapport au conseil des nouveaut\u00e9s introduites dans la gestion du registre des membres depuis un an. Les principales nouveaut\u00e9s sont les suivantes\u00a0:<\/p>\n<ul>\n<li style=\"text-align: justify;\">L\u2019information sur les membres du Club est conserv\u00e9e dans une <a href=\"https:\/\/fr.wikipedia.org\/wiki\/Base_de_donn%C3%A9es\" target=\"_blank\" rel=\"noopener\">base de donn\u00e9es<\/a> dont les tables ont \u00e9t\u00e9 modifi\u00e9es pour qu\u2019elles soient accessibles sur un serveur <a href=\"https:\/\/fr.wikipedia.org\/wiki\/Structured_Query_Language\" target=\"_blank\" rel=\"noopener\">SQL<\/a>. Gr\u00e2ce \u00e0 cette innovation, les membres de l\u2019\u00e9quipe peuvent maintenant acc\u00e9der simultan\u00e9ment au registre des membres afin d\u2019y faire les modifications n\u00e9cessaires pour sa mise \u00e0 jour.<\/li>\n<li style=\"text-align: justify;\">Plusieurs activit\u00e9s r\u00e9currentes ont \u00e9t\u00e9 automatis\u00e9es afin d\u2019\u00e9viter les erreurs.<\/li>\n<li style=\"text-align: justify;\">Une version en lecture seule de la base de donn\u00e9es a aussi \u00e9t\u00e9 mise \u00e0 la disposition des membres du conseil et de certains responsables d\u2019activit\u00e9s.<\/li>\n<li style=\"text-align: justify;\">En 2024, l\u2019\u00e9quipe verra sa t\u00e2che r\u00e9duite parce qu\u2019aucune r\u00e9inscription ne sera n\u00e9cessaire avant septembre 2025. Seules les informations des nouveaux membres devront \u00eatre inscrits dans la base de donn\u00e9es.<\/li>\n<li style=\"text-align: justify;\">Comme l\u2019an dernier, des courriels seront transmis l\u2019\u00e9t\u00e9 prochain aux membres qui n\u2019ont pas \u00e0 renouveler leur adh\u00e9sion. L\u2019exp\u00e9rience de l\u2019an dernier a permis de r\u00e9duire la charge de travail de l\u2019\u00e9quipe en limitant le nombre de membres qui se r\u00e9inscrivaient sans n\u00e9cessit\u00e9.<\/li>\n<\/ul>\n<hr \/>\n<h4><strong>Les nouveaux b\u00e9n\u00e9voles<\/strong><\/h4>\n<p style=\"text-align: justify;\">De nouvelles personnes se sont ajout\u00e9es \u00e0 l\u2019\u00e9quipe des b\u00e9n\u00e9voles du Club qui a atteint le nombre de 82\u00a0:<\/p>\n<ul style=\"text-align: justify;\">\n<li>Daniel Germain fait \u00e9quipe avec Denis B\u00e9langer pour la reproduction de documents.<\/li>\n<li>Serge Dupuis et Marcel Lafond se joignent \u00e0 l\u2019\u00e9quipe des ressources mat\u00e9rielles.<\/li>\n<li>Yvon Par\u00e9 \u00e9crira sans doute des articles dans le CHIP et collaborera \u00e0 une activit\u00e9 qu\u2019il reste \u00e0 d\u00e9finir.<\/li>\n<li>R\u00e9jeanne L\u00e9vesque contribuera \u00e0 une activit\u00e9 qu\u2019il reste aussi \u00e0 d\u00e9finir.<\/li>\n<li>Jean Allard publiera une chronique dans le CHIP deux ou trois fois par mois et fera probablement une pr\u00e9sentation dans la s\u00e9rie <em>D\u00e9couverte<\/em> l\u2019an prochain.<\/li>\n<\/ul>\n<p style=\"text-align: justify;\">Par ailleurs, Jean Malouin, administrateur du Club depuis octobre, a accept\u00e9 d\u2019agir comme substitut \u00e0 notre tr\u00e9sori\u00e8re, Danielle Barab\u00e9, lorsque ce sera n\u00e9cessaire.<\/p>\n<p style=\"text-align: justify;\">L\u2019information sur les b\u00e9n\u00e9voles est aussi sous la responsabilit\u00e9 de Michel Paul. Il invitera les responsables d\u2019activit\u00e9 \u00e0 lui faire conna\u00eetre les modifications \u00e0 effectuer dans les pages consacr\u00e9es \u00e0 chacune de <a href=\"https:\/\/cimbcc.org\/test2\/a-propos-du-club\/nos-activites\" target=\"_blank\" rel=\"noopener\"><em>NOS ACTIVIT\u00c9S<\/em><\/a>. L\u2019objectif est de faire la mise \u00e0 jour de l\u2019information sur le site Web d\u2019ici la fin du mois de janvier.<\/p>\n<hr \/>\n<h4 style=\"text-align: justify;\"><strong>Les b\u00e9n\u00e9voles recherch\u00e9s<\/strong><\/h4>\n<p style=\"text-align: justify;\">Le Club est toujours \u00e0 la recherche de nouveaux b\u00e9n\u00e9voles que ce soit dans le cadre du partage de connaissances, afin de varier les sujets abord\u00e9s, ou dans le but de participer \u00e0 la coordination d\u2019une activit\u00e9.<\/p>\n<p style=\"text-align: justify;\">Dans l\u2019imm\u00e9diat, les besoins les plus urgents sont pr\u00e9sent\u00e9s ci-dessous. Plusieurs des t\u00e2ches \u00e0 r\u00e9aliser pour participer \u00e0 ces activit\u00e9s peuvent se faire \u00e0 distance gr\u00e2ce \u00e0 Internet. La distance n\u2019est donc plus un obstacle.<\/p>\n<p style=\"text-align: justify;\"><a href=\"https:\/\/cimbcc.org\/test2\/partage-de-connaissances\/les-presentations-du-mercredi-et-du-vendredi\" target=\"_blank\" rel=\"noopener\"><strong><em>S\u00e9ances de pr\u00e9sentations<\/em><\/strong>\u00a0<\/a>: le Club est \u00e0 la recherche de personnes qui pourront entretenir les membres d\u2019un sujet qui les int\u00e9resse, particuli\u00e8rement dans le cadre d\u2019une s\u00e9ance de la s\u00e9rie <em>D\u00e9couverte<\/em>.<\/p>\n<p style=\"text-align: justify; padding-left: 40px;\"><em>Pour proposer ses services, remplir le formulaire accessible <a href=\"https:\/\/cimbcc.org\/test2\/nous-joindre\/nous-joindre-autres-questions\" target=\"_blank\" rel=\"noopener\">en cliquant ici<\/a><\/em><em>.<\/em><\/p>\n<p style=\"text-align: justify;\"><a href=\"https:\/\/cimbcc.org\/test2\/autres-services\/communication-avec-les-membres-et-le-public\" target=\"_blank\" rel=\"noopener\"><strong><em>Communications avec les membres et avec le public<\/em><\/strong>\u00a0<\/a>: l\u2019arriv\u00e9e de deux b\u00e9n\u00e9voles pour faire \u00e9quipe avec la responsable des communications, Nicole Comtois, permettrait de partager la t\u00e2che des communications hebdomadaires et de confier \u00e0 chacun une charge de travail plus l\u00e9g\u00e8re. Les messages hebdomadaires pourront dor\u00e9navant \u00eatre envoy\u00e9s le vendredi ou le samedi.<\/p>\n<p style=\"text-align: justify; padding-left: 40px;\"><em>Pour proposer ses services, communiquer avec la responsable par courriel au <\/em><a href=\"mailto:cimbcc@cimbcc.org\" target=\"_blank\" rel=\"noopener\"><em>cimbcc@cimbcc.org<\/em><\/a>.<\/p>\n<p style=\"text-align: justify;\"><a href=\"https:\/\/cimbcc.org\/test2\/partage-de-connaissances\/les-ateliers\" target=\"_blank\" rel=\"noopener\"><strong><em>Ateliers<\/em><\/strong>\u00a0<\/a>: faute d\u2019animateurs, le Club ne peut r\u00e9pondre aux demandes d\u2019ateliers sur Facebook et sur les courriers \u00e9lectroniques que sont <a href=\"https:\/\/fr.wikipedia.org\/wiki\/Outlook.com\" target=\"_blank\" rel=\"noopener\">Outlook.com<\/a> et <a href=\"https:\/\/fr.wikipedia.org\/wiki\/Gmail\" target=\"_blank\" rel=\"noopener\">Gmail<\/a>.<\/p>\n<p style=\"text-align: justify;\">Par ailleurs, il serait judicieux qu\u2019une personne se joigne aux coresponsables des ateliers. Cette personne pourra partager avec Berthe Demers, en particulier, les aspects relatifs aux contacts avec les animateurs et avec les membres ainsi qu\u2019\u00e0 l\u2019organisation des sessions d\u2019automne et d\u2019hiver de chaque ann\u00e9e.<em>\u00a0<\/em><\/p>\n<p style=\"text-align: justify; padding-left: 40px;\"><em>Remplir le formulaire accessible <a href=\"https:\/\/cimbcc.org\/test2\/nous-joindre\/nous-joindre-les-ateliers\" target=\"_blank\" rel=\"noopener\">en cliquant ici<\/a><\/em><em>\u00a0pour communiquer avec les coresponsables des ateliers.<\/em><\/p>\n<hr \/>\n<h4><strong>Les activit\u00e9s sociales<\/strong><\/h4>\n<p style=\"text-align: justify;\">Robert Lapierre a accept\u00e9 de prendre en charge l\u2019organisation du <strong>brunch des b\u00e9n\u00e9voles<\/strong> qui se tiendra le <span style=\"color: #ff0000;\">25\u00a0f\u00e9vrier<\/span> prochain. Il sera soutenu par une \u00e9quipe de b\u00e9n\u00e9voles et par Walter Pearce qui a bien m\u00e9rit\u00e9 de r\u00e9duire le temps qu\u2019il consacre au Club.<\/p>\n<p style=\"text-align: justify;\">Pour souligner la fin de l\u2019ann\u00e9e, la <strong>soir\u00e9e des membres<\/strong> se tiendra au Chalet Marie-Victorin le mercredi <span style=\"color: #ff0000;\">1<sup>er<\/sup>\u00a0mai<\/span> prochain, alors que le <strong>souper des b\u00e9n\u00e9voles<\/strong> aura lieu le 22\u00a0mai (date \u00e0 confirmer).<\/p>\n<hr \/>\n<h4><strong>Les ateliers<\/strong><\/h4>\n<p style=\"text-align: justify;\">Berthe Demers a pr\u00e9sent\u00e9 un rapide bilan des ateliers de l\u2019automne dernier. Elle consid\u00e8re qu\u2019ils se sont d\u00e9roul\u00e9s normalement. La situation est stable en comparaison avec les deux automnes pr\u00e9c\u00e9dents\u00a0: 14 ateliers ont \u00e9t\u00e9 propos\u00e9s en 2023 contre 13 et 15 les deux derni\u00e8res ann\u00e9es, et 219\u00a0inscriptions ont \u00e9t\u00e9 enregistr\u00e9es contre 214 et 210. Trois faits saillants de l\u2019automne\u00a0:<\/p>\n<ul>\n<li style=\"text-align: justify;\">L\u2019atelier <em>Zoom comme animateur<\/em> a \u00e9t\u00e9 annul\u00e9 faute d\u2019inscriptions suffisantes.<\/li>\n<li style=\"text-align: justify;\">Les ateliers sur les tablettes \u00e9lectroniques sont toujours aussi populaires et ils seront de nouveau propos\u00e9s dans le programme de cet hiver.<\/li>\n<li style=\"text-align: justify;\">L\u2019atelier <a href=\"https:\/\/cimbcc.org\/test2\/partage-de-connaissances\/les-ateliers\/atelier-aide-aux-exercices-de-la-serie-facile\" target=\"_blank\" rel=\"noopener\"><em>Aide aux exercices de la s\u00e9rie FACILE<\/em><\/a> est diff\u00e9rent des autres par son format. Il proposait sept sujets et a attir\u00e9 12\u00a0participants d\u00e9sireux de d\u00e9velopper leurs comp\u00e9tences avec l\u2019aide des b\u00e9n\u00e9voles du Club.<\/li>\n<\/ul>\n<p style=\"text-align: justify;\">Les <a href=\"https:\/\/cimbcc.org\/test2\/partage-de-connaissances\/les-ateliers\" target=\"_blank\" rel=\"noopener\">ateliers de l\u2019hiver\u00a02024<\/a> comptent deux nouveaux ateliers\u00a0sur un total de 12\u00a0: l\u2019atelier sur <a href=\"https:\/\/cimbcc.org\/test2\/partage-de-connaissances\/les-ateliers\/gimp-logiciel-gratuit-polyvalent-de-manipulation-dimages\" target=\"_blank\" rel=\"noopener\">GIMP<\/a> et celui sur <a href=\"https:\/\/cimbcc.org\/test2\/partage-de-connaissances\/les-ateliers\/microsoft-forms\" target=\"_blank\" rel=\"noopener\">FORMS<\/a>. La majorit\u00e9 des ateliers sera propos\u00e9e en vid\u00e9oconf\u00e9rence, alors que deux ateliers se tiendront au <a href=\"https:\/\/cimbcc.org\/test2\/partage-de-connaissances\/les-ateliers\/centre-communautaire\" target=\"_blank\" rel=\"noopener\">Centre communautaire de Saint-Bruno<\/a> et un atelier sera offert en mode hybride.<\/p>\n<p style=\"text-align: justify;\">Les animateurs et animatrices offrent des contenus mis \u00e0 jour pour chaque session afin de tenir compte de l\u2019\u00e9volution de l\u2019informatique. Par ailleurs, des sujets int\u00e9ressants ne sont pas abord\u00e9s faute de b\u00e9n\u00e9voles pour les pr\u00e9senter\u00a0(voir plus haut dans le paragraphe sur les b\u00e9n\u00e9voles recherch\u00e9s). Berthe Demers nous a invit\u00e9s \u00e0 \u00eatre attentifs aux personnes de notre entourage, car il s\u2019y trouve peut-\u00eatre une personne qui a un int\u00e9r\u00eat particulier pour un sujet qui pourrait devenir un projet d\u2019atelier.<\/p>\n<p>Sylvie Mazur<br \/>\nSecr\u00e9taire du conseil d\u2019administration<\/p>\n","protected":false},"excerpt":{"rendered":"<p>Le conseil d\u2019administration s\u2019est r\u00e9joui du nombre exceptionnel de membres atteint en ce d\u00e9but d\u2019ann\u00e9e. Il a invit\u00e9 le responsable du registre des membres \u00e0 lui pr\u00e9senter les nouveaut\u00e9s apport\u00e9es en 2023 \u00e0 ce registre essentiel. L\u2019arriv\u00e9e de nouveaux b\u00e9n\u00e9voles est toujours une bonne nouvelle, mais le conseil esp\u00e8re que d\u2019autres pourront participer \u00e0 sa &hellip; <a href=\"https:\/\/cimbcc.org\/test2\/echos-du-conseil-dadministration-9-janvier-2024\/\" class=\"more-link\">Continuer la lecture de <span class=\"screen-reader-text\">\u00c9chos du conseil d&rsquo;administration &#8211; 9 janvier 2024<\/span>  <span class=\"meta-nav\">&rarr;<\/span><\/a><\/p>\n","protected":false},"author":43,"featured_media":0,"comment_status":"open","ping_status":"closed","sticky":false,"template":"","format":"standard","meta":{"footnotes":""},"categories":[386],"tags":[737,269,126,970,594,1440,763,1641],"class_list":["post-47855","post","type-post","status-publish","format-standard","hentry","category-echos-du-conseil-dadministration","tag-activites-sociales","tag-ateliers","tag-benevoles","tag-brunch-des-benevoles","tag-membres","tag-registre-des-membres","tag-soiree-des-membres","tag-souper-des-benevoles"],"_links":{"self":[{"href":"https:\/\/cimbcc.org\/test2\/wp-json\/wp\/v2\/posts\/47855","targetHints":{"allow":["GET"]}}],"collection":[{"href":"https:\/\/cimbcc.org\/test2\/wp-json\/wp\/v2\/posts"}],"about":[{"href":"https:\/\/cimbcc.org\/test2\/wp-json\/wp\/v2\/types\/post"}],"author":[{"embeddable":true,"href":"https:\/\/cimbcc.org\/test2\/wp-json\/wp\/v2\/users\/43"}],"replies":[{"embeddable":true,"href":"https:\/\/cimbcc.org\/test2\/wp-json\/wp\/v2\/comments?post=47855"}],"version-history":[{"count":11,"href":"https:\/\/cimbcc.org\/test2\/wp-json\/wp\/v2\/posts\/47855\/revisions"}],"predecessor-version":[{"id":47857,"href":"https:\/\/cimbcc.org\/test2\/wp-json\/wp\/v2\/posts\/47855\/revisions\/47857"}],"wp:attachment":[{"href":"https:\/\/cimbcc.org\/test2\/wp-json\/wp\/v2\/media?parent=47855"}],"wp:term":[{"taxonomy":"category","embeddable":true,"href":"https:\/\/cimbcc.org\/test2\/wp-json\/wp\/v2\/categories?post=47855"},{"taxonomy":"post_tag","embeddable":true,"href":"https:\/\/cimbcc.org\/test2\/wp-json\/wp\/v2\/tags?post=47855"}],"curies":[{"name":"wp","href":"https:\/\/api.w.org\/{rel}","templated":true}]}}