{"id":47946,"date":"2024-02-08T16:00:37","date_gmt":"2024-02-08T21:00:37","guid":{"rendered":"https:\/\/cimbcc.org\/test2\/?p=47946"},"modified":"2024-02-08T16:22:48","modified_gmt":"2024-02-08T21:22:48","slug":"je-suis-un-cord-cutter","status":"publish","type":"post","link":"https:\/\/cimbcc.org\/test2\/je-suis-un-cord-cutter\/","title":{"rendered":"Je suis un \u00ab cord cutter \u00bb !"},"content":{"rendered":"<figure id=\"attachment_47676\" aria-describedby=\"caption-attachment-47676\" style=\"width: 125px\" class=\"wp-caption aligncenter\"><img loading=\"lazy\" decoding=\"async\" class=\"size-full wp-image-47676\" src=\"https:\/\/cimbcc.org\/test2\/wp-content\/uploads\/photo_jean_allard.jpg\" alt=\"\" width=\"125\" height=\"125\" \/><figcaption id=\"caption-attachment-47676\" class=\"wp-caption-text\"><span style=\"color: #ffffff;\">mmmn<\/span>Jean Allard<\/figcaption><\/figure>\n<p style=\"text-align: justify;\"><em><strong>Cord cutter<\/strong><\/em><\/p>\n<p style=\"text-align: justify;\"><em>Traduction libre : expression anglaise qui d\u00e9crit les gens qui se d\u00e9sabonnent du service du c\u00e2ble ou de la fibre optique pour la t\u00e9l\u00e9vision.<\/em><\/p>\n<p style=\"text-align: justify;\">En octobre 2020, nous avons d\u00e9cid\u00e9 d\u2019abandonner le volet t\u00e9l\u00e9 de notre fournisseur de services.<\/p>\n<p>Cet article vous expliquera notre d\u00e9marche.<\/p>\n<p><!--more--><\/p>\n<h4 style=\"text-align: justify;\"><strong>Pourquoi ?<\/strong><\/h4>\n<ul>\n<li style=\"text-align: justify;\">Parce que nous \u00e9coutons peu la t\u00e9l\u00e9vision.<\/li>\n<li style=\"text-align: justify;\">Parce que les forfaits t\u00e9l\u00e9 nous offraient plusieurs cha\u00eenes que nous n&rsquo;\u00e9coutions jamais.<\/li>\n<li style=\"text-align: justify;\">Parce que nos jeunes adultes nous ont montr\u00e9 comment acc\u00e9der \u00e0 des contenus sur Internet, tant du c\u00f4t\u00e9 de la t\u00e9l\u00e9 traditionnelle que des services de diffusion en continu, Netflix et autres.<\/li>\n<\/ul>\n<p style=\"text-align: justify;\">Donc, nous avons abandonn\u00e9 notre forfait t\u00e9l\u00e9vision. Nous n\u2019avons conserv\u00e9 que l\u2019Internet. Dans ma chronique pr\u00e9c\u00e9dente, je vous ai d&rsquo;ailleurs parl\u00e9 du fait que nous avions d\u00e9j\u00e0 annul\u00e9 le service de t\u00e9l\u00e9phonie r\u00e9sidentielle.<\/p>\n<h4><strong>Comment \u00e9coutons-nous nos \u00e9missions pr\u00e9f\u00e9r\u00e9es ?<\/strong><\/h4>\n<p style=\"text-align: justify;\"><strong>En direct,<\/strong> avec une petite antenne int\u00e9rieure, la version moderne des <em>oreilles de lapin <\/em>de notre enfance, pour recevoir les cha\u00eenes locales.<\/p>\n<p style=\"text-align: justify;\">Dans la r\u00e9gion de Qu\u00e9bec, nous avons acc\u00e8s \u00e0 cinq cha\u00eenes g\u00e9n\u00e9ralistes : Radio-Canada, TVA, Noovo, T\u00e9l\u00e9-Qu\u00e9bec et Global.<\/p>\n<p style=\"text-align: justify;\">Dans la r\u00e9gion de Montr\u00e9al, on peut capter au moins huit cha\u00eenes et possiblement quelques canaux am\u00e9ricains avec une antenne ext\u00e9rieure.<\/p>\n<p style=\"text-align: justify;\">Pour la r\u00e9gion de Sherbrooke, cinq cha\u00eenes sont facilement accessibles. Dans la r\u00e9gion de Trois-Rivi\u00e8res, quatre cha\u00eenes sont disponibles.<\/p>\n<h4><strong>Pas d\u2019enregistreur ?<\/strong><\/h4>\n<p class=\"p1\" style=\"text-align: justify;\">Ne pas avoir d\u2019abonnement au service t\u00e9l\u00e9 signifie aussi ne pas poss\u00e9der d\u2019enregistreur pour \u00e9couter des \u00e9missions en rattrapage !<\/p>\n<p style=\"text-align: justify;\">Mais, \u00e0 partir des applications mobiles (Radio-Canada, TVA, T\u00e9l\u00e9-Qu\u00e9bec, Noovo, TV5-UNIS, et plusieurs autres), nous pouvons \u00e9couter presque toute la programmation de chaque cha\u00eene. Chaque application offre cette option de rattrapage.<\/p>\n<p style=\"text-align: justify;\">Presque, mais pas toutes les \u00e9missions. Certaines de celles-ci ne sont pas offertes en rattrapage, car elles sont prot\u00e9g\u00e9es par des droits de diffusion.<\/p>\n<p style=\"text-align: justify;\">Par exemple, <strong><em>En direct de l\u2019univers\u00a0 <\/em><\/strong>n\u2019offre que quatre \u00e9missions sur la plateforme <a href=\"https:\/\/ici.tou.tv\/\" target=\"_blank\" rel=\"noopener\">ICI Tou.TV<\/a>, et pas les plus r\u00e9centes.<\/p>\n<p style=\"text-align: justify;\">G\u00e9n\u00e9ralement, plusieurs films ne sont pas disponibles sur les applications pour les \u00e9couter en rattrapage.<\/p>\n<h4 style=\"text-align: justify;\"><strong>De quoi avez-vous besoin pour couper le c\u00e2ble ?<\/strong><\/h4>\n<ul style=\"text-align: justify;\">\n<li>Une antenne int\u00e9rieure ou ext\u00e9rieure, selon la distance des tours \u00e9mettrices.<\/li>\n<li>Une tablette ou un t\u00e9l\u00e9phone intelligent avec les applications n\u00e9cessaires.<\/li>\n<li>Un outil de diffusion vers votre t\u00e9l\u00e9viseur : <a href=\"https:\/\/store.google.com\/ca\/product\/chromecast_google_tv?hl=fr-CA&amp;pli=1\" target=\"_blank\" rel=\"noopener\"><strong>Chromecast <\/strong><\/a>ou <a href=\"https:\/\/www.apple.com\/xf\/shop\/refurbished\/appletv\" target=\"_blank\" rel=\"noopener\"><strong>Apple TV<\/strong><\/a>. Ces appareils permettent la diffusion du contenu du t\u00e9l\u00e9phone, de la tablette ou d\u2019un ordinateur vers le t\u00e9l\u00e9viseur \u00e0 l&rsquo;aide du Wi-Fi.<\/li>\n<\/ul>\n<h4 style=\"text-align: justify;\"><strong>Couper le c\u00e2ble, est-ce pour tout le monde ?<\/strong><\/h4>\n<p style=\"text-align: justify;\">Oui et non, selon votre consommation de contenu t\u00e9l\u00e9visuel.<\/p>\n<p style=\"text-align: justify;\"><strong>Oui !<\/strong> Comme mentionn\u00e9 pr\u00e9c\u00e9demment, nous \u00e9coutons peu la t\u00e9l\u00e9, donc \u00e7a nous convient.<\/p>\n<p style=\"text-align: justify;\"><strong>Non !<\/strong> Si vous \u00eates de grands consommateurs de t\u00e9l\u00e9, vous serez d\u00e9\u00e7us. Plusieurs cha\u00eenes sp\u00e9cialis\u00e9es ne sont pas offertes sur Internet.<\/p>\n<h4 style=\"text-align: justify;\"><strong>Est-ce compliqu\u00e9 ?<\/strong><\/h4>\n<p style=\"text-align: justify;\">Pas vraiment ! Apr\u00e8s avoir install\u00e9 l\u2019antenne, les applications sur votre tablette et configur\u00e9 votre appareil de diffusion vers votre t\u00e9l\u00e9viseur, ce n&rsquo;est pas compliqu\u00e9, il n\u2019y a qu\u2019\u00e0 regarder la t\u00e9l\u00e9\u2026<\/p>\n<h4><strong>Et la question qui vous br\u00fble les l\u00e8vres<\/strong><\/h4>\n<p style=\"text-align: justify;\">Est-ce que nous regrettons d\u2019avoir abandonn\u00e9 le service t\u00e9l\u00e9 ?<\/p>\n<p style=\"text-align: justify;\"><strong>Non !<\/strong> La seule d\u00e9ception, c\u2019est la perte de <strong><em>RDI <\/em><\/strong>et <strong><em>LCN<\/em><\/strong>, pour lesquelles je n\u2019ai pas trouv\u00e9 de solution.<\/p>\n<p style=\"text-align: justify;\">Il faut l\u2019admettre, \u00e7a ne sera jamais aussi complet et facile qu\u2019avec un forfait t\u00e9l\u00e9, mais vous y trouverez rapidement votre plaisir, car les \u00e9missions les plus int\u00e9ressantes sont facilement disponibles.<\/p>\n<h4 style=\"text-align: justify;\"><strong>Pour terminer, quelques chiffres r\u00e9v\u00e9lateurs de la tendance du <a href=\"https:\/\/www.grenier.qc.ca\/actualites\/17898\/les-cord-cutters-couper-le-cordon\" target=\"_blank\" rel=\"noopener\"><em>cord cutting<\/em><\/a>.<\/strong><\/h4>\n<p style=\"text-align: justify;\">Selon un sondage <strong><a href=\"https:\/\/transformation-numerique.ulaval.ca\/wp-content\/uploads\/2023\/01\/netendances-2022-portrait-numerique-des-foyers-quebecois.pdf\" target=\"_blank\" rel=\"noopener\"><em>NETendances 2022<\/em><\/a><em>, <\/em>65 %<\/strong> des adultes qu\u00e9b\u00e9cois ont un abonnement \u00e0 un service de t\u00e9l\u00e9vision par c\u00e2blodistribution ou fibre optique.<\/p>\n<p style=\"text-align: justify;\">Pour bien illustrer la tendance du \u00ab <em>cord cutting<\/em> \u00bb, en <strong>2019,<\/strong> les adultes qu\u00e9b\u00e9cois avaient un abonnement t\u00e9l\u00e9 dans une proportion de <strong>77\u00a0%,<\/strong>\u00a0<strong>soit 12 % de plus qu\u2019en 2022<\/strong>. Cette tendance du \u00ab <em>cord cutting<\/em> \u00bb s\u2019illustre surtout chez les <strong>25-34 ans<\/strong> qui ne sont que<strong> 49 %<\/strong> \u00e0 souscrire \u00e0 un abonnement \u00e0 un service t\u00e9l\u00e9 en 2022.<\/p>\n<p style=\"text-align: justify;\">Pensez \u00e0 vos enfants, petits-enfants, neveux et ni\u00e8ces (ces 25-34 ans) qui n\u2019ont jamais eu de ligne de t\u00e9l\u00e9phone fixe et qui n\u2019\u00e9coutent plus la t\u00e9l\u00e9vision traditionnelle, mais \u00e9coutent les plateformes de vid\u00e9o en continu. Ce sont ces jeunes qui vont vous aider \u00e0 faire le saut, si vous voulez devenir un \u00ab <em>cord cutter<\/em> \u00bb. Et lorsque vous leur parlerez d\u2019une antenne pour \u00e9couter les cha\u00eenes traditionnelles, ils vont s\u00fbrement avoir un grand sourire moqueur !<\/p>\n<h4>Pour la prochaine chronique<\/h4>\n<p style=\"text-align: justify;\">Dans ma prochaine chronique,\u00a0 je ferai un bilan \u00ab financier \u00bb de ces changements dans notre consommation des services de t\u00e9l\u00e9phonie, de t\u00e9l\u00e9vision et d\u2019Internet.<\/p>\n<p>\u00c0 suivre !<\/p>\n<p>Jean Allard<\/p>\n","protected":false},"excerpt":{"rendered":"<p>Cord cutter Traduction libre : expression anglaise qui d\u00e9crit les gens qui se d\u00e9sabonnent du service du c\u00e2ble ou de la fibre optique pour la t\u00e9l\u00e9vision. En octobre 2020, nous avons d\u00e9cid\u00e9 d\u2019abandonner le volet t\u00e9l\u00e9 de notre fournisseur de services. Cet article vous expliquera notre d\u00e9marche.<\/p>\n","protected":false},"author":43,"featured_media":0,"comment_status":"open","ping_status":"closed","sticky":false,"template":"","format":"standard","meta":{"footnotes":""},"categories":[24],"tags":[2025,1724,1976,1725,581,314],"class_list":["post-47946","post","type-post","status-publish","format-standard","hentry","category-conseils-pratiques","tag-antenne-tv","tag-argent","tag-diffusion-en-continu","tag-finances-personnelles","tag-television","tag-wi-fi"],"_links":{"self":[{"href":"https:\/\/cimbcc.org\/test2\/wp-json\/wp\/v2\/posts\/47946","targetHints":{"allow":["GET"]}}],"collection":[{"href":"https:\/\/cimbcc.org\/test2\/wp-json\/wp\/v2\/posts"}],"about":[{"href":"https:\/\/cimbcc.org\/test2\/wp-json\/wp\/v2\/types\/post"}],"author":[{"embeddable":true,"href":"https:\/\/cimbcc.org\/test2\/wp-json\/wp\/v2\/users\/43"}],"replies":[{"embeddable":true,"href":"https:\/\/cimbcc.org\/test2\/wp-json\/wp\/v2\/comments?post=47946"}],"version-history":[{"count":20,"href":"https:\/\/cimbcc.org\/test2\/wp-json\/wp\/v2\/posts\/47946\/revisions"}],"predecessor-version":[{"id":48132,"href":"https:\/\/cimbcc.org\/test2\/wp-json\/wp\/v2\/posts\/47946\/revisions\/48132"}],"wp:attachment":[{"href":"https:\/\/cimbcc.org\/test2\/wp-json\/wp\/v2\/media?parent=47946"}],"wp:term":[{"taxonomy":"category","embeddable":true,"href":"https:\/\/cimbcc.org\/test2\/wp-json\/wp\/v2\/categories?post=47946"},{"taxonomy":"post_tag","embeddable":true,"href":"https:\/\/cimbcc.org\/test2\/wp-json\/wp\/v2\/tags?post=47946"}],"curies":[{"name":"wp","href":"https:\/\/api.w.org\/{rel}","templated":true}]}}