{"id":48133,"date":"2024-02-15T20:00:40","date_gmt":"2024-02-16T01:00:40","guid":{"rendered":"https:\/\/cimbcc.org\/test2\/?p=48133"},"modified":"2024-02-15T20:21:41","modified_gmt":"2024-02-16T01:21:41","slug":"bilan-apres-avoir-abandonne-le-telephone-fixe-et-le-service-tele","status":"publish","type":"post","link":"https:\/\/cimbcc.org\/test2\/bilan-apres-avoir-abandonne-le-telephone-fixe-et-le-service-tele\/","title":{"rendered":"Bilan apr\u00e8s avoir abandonn\u00e9 le t\u00e9l\u00e9phone fixe et le service t\u00e9l\u00e9"},"content":{"rendered":"<figure id=\"attachment_47676\" aria-describedby=\"caption-attachment-47676\" style=\"width: 125px\" class=\"wp-caption aligncenter\"><img loading=\"lazy\" decoding=\"async\" class=\"size-full wp-image-47676\" src=\"https:\/\/cimbcc.org\/test2\/wp-content\/uploads\/photo_jean_allard.jpg\" alt=\"\" width=\"125\" height=\"125\" \/><figcaption id=\"caption-attachment-47676\" class=\"wp-caption-text\"><span style=\"color: #ffffff;\">mmmn<\/span>Jean Allard<\/figcaption><\/figure>\n<p style=\"text-align: justify;\">Dans mes deux chroniques pr\u00e9c\u00e9dentes, je vous ai racont\u00e9 comment nous avions abandonn\u00e9 deux services : la <a href=\"https:\/\/cimbcc.org\/test2\/avez-vous-deux-telephones\" target=\"_blank\" rel=\"noopener\"><strong>ligne fixe<\/strong><\/a> et le <a href=\"https:\/\/cimbcc.org\/test2\/je-suis-un-cord-cutter\" target=\"_blank\" rel=\"noopener\"><strong>service de t\u00e9l\u00e9vision<\/strong><\/a> de notre fournisseur. Notre seul abonnement restant est pour Internet.<\/p>\n<p style=\"text-align: justify;\">Couper la ligne fixe et abandonner le service t\u00e9l\u00e9 <em>n\u2019est peut-\u00eatre pas pour toutes et tous<\/em>, selon vos habitudes et vos besoins. Mais il y a des \u00e9conomies \u00e0 faire.<\/p>\n<p><!--more--><\/p>\n<h4 style=\"text-align: justify;\">Introduction<\/h4>\n<p style=\"text-align: justify;\">Voici les montants d\u00e9bours\u00e9s au fil de nos abandons de services de communication.<\/p>\n<p style=\"text-align: justify;\">J\u2019ai ajout\u00e9 les frais du syst\u00e8me d\u2019alarme. En abandonnant le ligne t\u00e9l\u00e9phonique fixe, nous sommes pass\u00e9s \u00e0 un service de surveillance reli\u00e9 \u00e0 la centrale via une ligne cellulaire d\u00e9di\u00e9e.<\/p>\n<hr \/>\n<h4 style=\"text-align: justify;\"><strong>1) P\u00e9riode de r\u00e9f\u00e9rence : ao\u00fbt 2020<\/strong><\/h4>\n<p style=\"text-align: justify;\">Revenons dans le temps alors que tous les services \u00e9taient en place. Veuillez noter que tous les montants incluent les taxes.<\/p>\n<table width=\"665\">\n<tbody>\n<tr>\n<td style=\"text-align: center;\" width=\"133\"><strong>Internet<\/strong><\/td>\n<td style=\"text-align: center;\" width=\"133\"><strong>T\u00e9l\u00e9phone<\/strong><\/td>\n<td style=\"text-align: center;\" width=\"133\"><strong>T\u00e9l\u00e9vision<\/strong><\/td>\n<td style=\"text-align: center;\" width=\"133\"><strong>Alarme<\/strong><\/td>\n<td style=\"text-align: center;\" width=\"133\"><strong>Total<\/strong><\/td>\n<\/tr>\n<tr>\n<td style=\"text-align: center;\" width=\"133\">101,13 $<\/td>\n<td style=\"text-align: center;\" width=\"133\">33,86 $<\/td>\n<td style=\"text-align: center;\" width=\"133\">71,80 $<\/td>\n<td style=\"text-align: center;\" width=\"133\">19,49 $<\/td>\n<td style=\"text-align: center;\" width=\"133\"><strong>226,28 <\/strong>$<\/td>\n<\/tr>\n<\/tbody>\n<\/table>\n<hr \/>\n<h4 style=\"text-align: justify;\"><strong>2) Retrait de la ligne t\u00e9l\u00e9phonique : septembre 2020<\/strong><\/h4>\n<ol>\n<li style=\"text-align: justify;\">Nous avons abandonn\u00e9 la ligne fixe.<\/li>\n<li style=\"text-align: justify;\">Nous avons fait convertir le syst\u00e8me d\u2019alarme pour une communication via une ligne cellulaire. Cette modification a engendr\u00e9 une augmentation du tarif mensuel, mais au total nous d\u00e9boursons moins.<\/li>\n<\/ol>\n<table width=\"665\">\n<tbody>\n<tr>\n<td style=\"text-align: center;\" width=\"133\"><strong>Internet<\/strong><\/td>\n<td style=\"text-align: center;\" width=\"133\"><strong>T\u00e9l\u00e9phone<\/strong><\/td>\n<td style=\"text-align: center;\" width=\"133\"><strong>T\u00e9l\u00e9vision<\/strong><\/td>\n<td style=\"text-align: center;\" width=\"133\"><strong>Alarme<\/strong><\/td>\n<td style=\"text-align: center;\" width=\"133\"><strong>Total<\/strong><\/td>\n<\/tr>\n<tr>\n<td style=\"text-align: center;\" width=\"133\">101,13 $<\/td>\n<td style=\"text-align: center;\" width=\"133\">&#8212;<\/td>\n<td style=\"text-align: center;\" width=\"133\">71,80 $<\/td>\n<td style=\"text-align: center;\" width=\"133\">28,95 $<\/td>\n<td style=\"text-align: center;\" width=\"133\"><strong>201,88<\/strong> $<\/td>\n<\/tr>\n<\/tbody>\n<\/table>\n<p style=\"text-align: justify;\">Par rapport \u00e0 la p\u00e9riode de r\u00e9f\u00e9rence, il y a une \u00e9conomie de <strong>24,40 $<\/strong> par mois.<\/p>\n<hr \/>\n<h4>3) Retrait du forfait t\u00e9l\u00e9 : d\u00e9cembre 2021<\/h4>\n<p style=\"text-align: justify;\">En d\u00e9cembre 2021, nous \u00e9tions pr\u00eats \u00e0 abandonner notre forfait t\u00e9l\u00e9 pour ne conserver que l\u2019Internet.<\/p>\n<table width=\"665\">\n<tbody>\n<tr>\n<td style=\"text-align: center;\" width=\"133\"><strong>Internet<\/strong><\/td>\n<td style=\"text-align: center;\" width=\"133\"><strong>T\u00e9l\u00e9phone<\/strong><\/td>\n<td style=\"text-align: center;\" width=\"133\"><strong>T\u00e9l\u00e9vision<\/strong><\/td>\n<td style=\"text-align: center;\" width=\"133\"><strong>Alarme<\/strong><\/td>\n<td style=\"text-align: center;\" width=\"133\"><strong>Total<\/strong><\/td>\n<\/tr>\n<tr>\n<td style=\"text-align: center;\" width=\"133\">101,13 $<\/td>\n<td style=\"text-align: center;\" width=\"133\">&#8212;<\/td>\n<td style=\"text-align: center;\" width=\"133\">&#8212;<\/td>\n<td style=\"text-align: center;\" width=\"133\">28,95 $<\/td>\n<td style=\"text-align: center;\" width=\"133\"><strong>130,08 <\/strong>$<\/td>\n<\/tr>\n<\/tbody>\n<\/table>\n<p style=\"text-align: justify;\">C\u2019est rendu \u00e0 ce stade que la facture totale baisse substantiellement. Par rapport au seul retrait de la t\u00e9l\u00e9phonie \u00e0 ligne fixe, il y a une \u00e9conomie de <strong>71,80 $<\/strong> par mois ou <strong>861,60 $<\/strong> sur une ann\u00e9e.<\/p>\n<hr \/>\n<h4>4) Nouveau fournisseur pour Internet : juin 2023<\/h4>\n<p style=\"text-align: justify;\">En juin 2023, un autre fournisseur de services Internet m\u2019a fait une offre que je ne pouvais pas refuser \u00e0 <strong>40,24 $<\/strong> par mois. Ceci comprend un service par fibre optique, avec des donn\u00e9es illimit\u00e9es ainsi qu&rsquo;une vitesse de 300 Mb\/s en t\u00e9l\u00e9versement et 100 Mb\/s en t\u00e9l\u00e9chargement.<\/p>\n<p>Si on refait les calculs, \u00e7a donne ceci.<\/p>\n<table>\n<tbody>\n<tr>\n<td style=\"text-align: center;\" width=\"133\"><strong>Internet<\/strong><\/td>\n<td style=\"text-align: center;\" width=\"133\"><strong>T\u00e9l\u00e9phone<\/strong><\/td>\n<td style=\"text-align: center;\" width=\"133\"><strong>T\u00e9l\u00e9vision<\/strong><\/td>\n<td style=\"text-align: center;\" width=\"133\"><strong>Alarme<\/strong><\/td>\n<td style=\"text-align: center;\" width=\"133\"><strong>Total<\/strong><\/td>\n<\/tr>\n<tr>\n<td style=\"text-align: center;\" width=\"133\">40,24 $<\/td>\n<td style=\"text-align: center;\" width=\"133\">&#8212;<\/td>\n<td style=\"text-align: center;\" width=\"133\">&#8212;<\/td>\n<td style=\"text-align: center;\" width=\"133\">28,95 $<\/td>\n<td style=\"text-align: center;\" width=\"133\"><strong>69,19 $<\/strong><\/td>\n<\/tr>\n<\/tbody>\n<\/table>\n<p style=\"text-align: justify;\">Du mois d\u2019ao\u00fbt 2019 \u00e0 juin 2023, nos d\u00e9penses de communication sont pass\u00e9es de <strong>226,28 $<\/strong> \u00e0 <strong>69,19 $<\/strong>, pour des \u00e9conomies de <strong>157,09 $ par mois<\/strong> ou de <strong>1885,08 $ par ann\u00e9e.<\/strong><\/p>\n<hr \/>\n<h4>Antenne pour la t\u00e9l\u00e9vision<\/h4>\n<p style=\"text-align: justify;\">Ah! J\u2019oubliais les d\u00e9penses pour l\u2019antenne t\u00e9l\u00e9. J\u2019ai \u00e9t\u00e9 chanceux, m\u00eame tr\u00e8s chanceux. Je n\u2019ai eu besoin que d\u2019une petite antenne int\u00e9rieure et quelques m\u00e8tres de c\u00e2ble coaxial pour connecter l\u2019antenne au t\u00e9l\u00e9viseur. Montant d\u00e9bours\u00e9 : 35 $.<\/p>\n<p>Jean Allard<\/p>\n","protected":false},"excerpt":{"rendered":"<p>Dans mes deux chroniques pr\u00e9c\u00e9dentes, je vous ai racont\u00e9 comment nous avions abandonn\u00e9 deux services : la ligne fixe et le service de t\u00e9l\u00e9vision de notre fournisseur. Notre seul abonnement restant est pour Internet. Couper la ligne fixe et abandonner le service t\u00e9l\u00e9 n\u2019est peut-\u00eatre pas pour toutes et tous, selon vos habitudes et vos &hellip; <a href=\"https:\/\/cimbcc.org\/test2\/bilan-apres-avoir-abandonne-le-telephone-fixe-et-le-service-tele\/\" class=\"more-link\">Continuer la lecture de <span class=\"screen-reader-text\">Bilan apr\u00e8s avoir abandonn\u00e9 le t\u00e9l\u00e9phone fixe et le service t\u00e9l\u00e9<\/span>  <span class=\"meta-nav\">&rarr;<\/span><\/a><\/p>\n","protected":false},"author":43,"featured_media":0,"comment_status":"open","ping_status":"closed","sticky":false,"template":"","format":"standard","meta":{"footnotes":""},"categories":[24],"tags":[2025,1724,1725,154,508,104,581,314],"class_list":["post-48133","post","type-post","status-publish","format-standard","hentry","category-conseils-pratiques","tag-antenne-tv","tag-argent","tag-finances-personnelles","tag-internet","tag-telephone-cellulaire","tag-telephone-intelligent","tag-television","tag-wi-fi"],"_links":{"self":[{"href":"https:\/\/cimbcc.org\/test2\/wp-json\/wp\/v2\/posts\/48133","targetHints":{"allow":["GET"]}}],"collection":[{"href":"https:\/\/cimbcc.org\/test2\/wp-json\/wp\/v2\/posts"}],"about":[{"href":"https:\/\/cimbcc.org\/test2\/wp-json\/wp\/v2\/types\/post"}],"author":[{"embeddable":true,"href":"https:\/\/cimbcc.org\/test2\/wp-json\/wp\/v2\/users\/43"}],"replies":[{"embeddable":true,"href":"https:\/\/cimbcc.org\/test2\/wp-json\/wp\/v2\/comments?post=48133"}],"version-history":[{"count":10,"href":"https:\/\/cimbcc.org\/test2\/wp-json\/wp\/v2\/posts\/48133\/revisions"}],"predecessor-version":[{"id":48287,"href":"https:\/\/cimbcc.org\/test2\/wp-json\/wp\/v2\/posts\/48133\/revisions\/48287"}],"wp:attachment":[{"href":"https:\/\/cimbcc.org\/test2\/wp-json\/wp\/v2\/media?parent=48133"}],"wp:term":[{"taxonomy":"category","embeddable":true,"href":"https:\/\/cimbcc.org\/test2\/wp-json\/wp\/v2\/categories?post=48133"},{"taxonomy":"post_tag","embeddable":true,"href":"https:\/\/cimbcc.org\/test2\/wp-json\/wp\/v2\/tags?post=48133"}],"curies":[{"name":"wp","href":"https:\/\/api.w.org\/{rel}","templated":true}]}}