{"id":48299,"date":"2024-02-25T13:00:23","date_gmt":"2024-02-25T18:00:23","guid":{"rendered":"https:\/\/cimbcc.org\/test2\/?p=48299"},"modified":"2024-02-25T13:59:28","modified_gmt":"2024-02-25T18:59:28","slug":"magasiner-son-fournisseur-cellulaire-et-mise-a-jour-24h2-de-windows-11-nouvelles-de-windows-12","status":"publish","type":"post","link":"https:\/\/cimbcc.org\/test2\/magasiner-son-fournisseur-cellulaire-et-mise-a-jour-24h2-de-windows-11-nouvelles-de-windows-12\/","title":{"rendered":"Magasiner son fournisseur cellulaire, mise \u00e0 jour 24H2 de Windows 11 et nouvelles de Windows 12"},"content":{"rendered":"<figure id=\"attachment_24081\" aria-describedby=\"caption-attachment-24081\" style=\"width: 125px\" class=\"wp-caption aligncenter\"><img loading=\"lazy\" decoding=\"async\" class=\"size-full wp-image-24081\" src=\"https:\/\/cimbcc.org\/test2\/wp-content\/uploads\/photo_charron_denis.jpg\" alt=\"\" width=\"125\" height=\"125\" \/><figcaption id=\"caption-attachment-24081\" class=\"wp-caption-text\"><span style=\"color: #ffffff;\">mmm<\/span>Denis Charron<\/figcaption><\/figure>\n<p>Les sujets suivants seront abord\u00e9s cette semaine :<\/p>\n<ul>\n<li>magasiner son fournisseur cellulaire ;<\/li>\n<li>mise \u00e0 jour 24H2 de Windows 11 ;<\/li>\n<li>nouvelles de Windows 12.<\/li>\n<\/ul>\n<p><!--more--><\/p>\n<hr \/>\n<h4>Magasiner son fournisseur cellulaire<\/h4>\n<p style=\"text-align: justify;\">Tout comme plusieurs autres services, \u00e7a vaut la peine de v\u00e9rifier votre forfait cellulaire et de le changer si vous trouvez mieux.<\/p>\n<p style=\"text-align: justify;\">Depuis 2010, le <a href=\"https:\/\/fr.wikipedia.org\/wiki\/Conseil_de_la_radiodiffusion_et_des_t%C3%A9l%C3%A9communications_canadiennes\" target=\"_blank\" rel=\"noopener\">CRTC<\/a> a mis en place des r\u00e8glements qui ont rendu beaucoup plus facile le changement de fournisseurs de t\u00e9l\u00e9phonie cellulaire. <a href=\"https:\/\/www.lapresse.ca\/affaires\/techno\/2024-02-07\/services-sans-fil\/changer-de-fournisseur-un-sport-de-plus-en-plus-prise.php\" target=\"_blank\" rel=\"noopener\">Cet article<\/a> de <em>La Presse<\/em> vous informe \u00e0 ce sujet.<\/p>\n<hr \/>\n<h4>Mise \u00e0 jour 24H2 de Windows 11<\/h4>\n<p style=\"text-align: justify;\">Des informations circulent quant \u00e0 la mise \u00e0 jour 24H2 de <a href=\"https:\/\/fr.wikipedia.org\/wiki\/Windows_11\" target=\"_blank\" rel=\"noopener\">Windows\u00a011<\/a> pr\u00e9vue pour l&rsquo;automne 2024. Il semblerait qu&rsquo;elle puisse \u00eatre dommageable pour certains ordinateurs. Microsoft aurait ajout\u00e9 un nouveau pr\u00e9requis incompatible avec les ordinateurs plus anciens, l&#8217;emp\u00eachant d&rsquo;installer 24H2 et, pire, de red\u00e9marrer apr\u00e8s une tentative de mise \u00e0 jour.<\/p>\n<p style=\"text-align: justify;\">Ceci n&rsquo;a d&rsquo;impact r\u00e9el que pour les personnes qui ont install\u00e9 Windows 11 sur un ordinateur qui ne rencontre pas la <a href=\"https:\/\/support.microsoft.com\/fr-fr\/windows\/configuration-requise-pour-windows-11-86c11283-ea52-4782-9efd-7674389a7ba3\" target=\"_blank\" rel=\"noopener\">configuration minimale demand\u00e9e par Microsoft<\/a> en utilisant des techniques pour contourner les sp\u00e9cifications minimales.<\/p>\n<p style=\"text-align: justify;\"><a href=\"https:\/\/francoischarron.com\/sur-le-web\/informations\/la-mise-a-jour-24h2-de-windows-11-pourrait-elle-tuer-notre-ordinateur\/e27LRmz9wa\/\" target=\"_blank\" rel=\"noopener\">Cet article<\/a> du site Web de <em>Fran\u00e7ois Charron<\/em> donne plus d&rsquo;informations sur cette rumeur.<\/p>\n<hr \/>\n<h4>Nouvelles de Windows 12<\/h4>\n<p style=\"text-align: justify;\">Cela fait d\u00e9j\u00e0 deux ans que Windows 11 est arriv\u00e9. Microsoft commence \u00e0 parler de l&rsquo;arriv\u00e9e de Windows 12. Une sortie officielle serait possible \u00e0 l&rsquo;\u00e9t\u00e9 2024 avec une forte utilisation de l&rsquo;intelligence artificielle.<\/p>\n<p style=\"text-align: justify;\">On ne sait cependant pas encore quels seront les pr\u00e9requis mat\u00e9riels pour qu&rsquo;on puisse l&rsquo;installer sur son ordinateur. <a href=\"https:\/\/actu.pcastuces.com\/afficheactu.asp?Id=41018\" target=\"_blank\" rel=\"noopener\">Cet article<\/a> du site Web de <em>PC Astuces<\/em> donne plus de d\u00e9tails.<\/p>\n<p>Denis Charron<\/p>\n","protected":false},"excerpt":{"rendered":"<p>Les sujets suivants seront abord\u00e9s cette semaine : magasiner son fournisseur cellulaire ; mise \u00e0 jour 24H2 de Windows 11 ; nouvelles de Windows 12.<\/p>\n","protected":false},"author":43,"featured_media":0,"comment_status":"open","ping_status":"closed","sticky":false,"template":"","format":"standard","meta":{"footnotes":""},"categories":[403],"tags":[2034,1626,1983,1499,2035],"class_list":["post-48299","post","type-post","status-publish","format-standard","hentry","category-applications","tag-24h2","tag-configuration-minimale","tag-forfait-cellulaire","tag-windows-11","tag-windows-12"],"_links":{"self":[{"href":"https:\/\/cimbcc.org\/test2\/wp-json\/wp\/v2\/posts\/48299","targetHints":{"allow":["GET"]}}],"collection":[{"href":"https:\/\/cimbcc.org\/test2\/wp-json\/wp\/v2\/posts"}],"about":[{"href":"https:\/\/cimbcc.org\/test2\/wp-json\/wp\/v2\/types\/post"}],"author":[{"embeddable":true,"href":"https:\/\/cimbcc.org\/test2\/wp-json\/wp\/v2\/users\/43"}],"replies":[{"embeddable":true,"href":"https:\/\/cimbcc.org\/test2\/wp-json\/wp\/v2\/comments?post=48299"}],"version-history":[{"count":17,"href":"https:\/\/cimbcc.org\/test2\/wp-json\/wp\/v2\/posts\/48299\/revisions"}],"predecessor-version":[{"id":48400,"href":"https:\/\/cimbcc.org\/test2\/wp-json\/wp\/v2\/posts\/48299\/revisions\/48400"}],"wp:attachment":[{"href":"https:\/\/cimbcc.org\/test2\/wp-json\/wp\/v2\/media?parent=48299"}],"wp:term":[{"taxonomy":"category","embeddable":true,"href":"https:\/\/cimbcc.org\/test2\/wp-json\/wp\/v2\/categories?post=48299"},{"taxonomy":"post_tag","embeddable":true,"href":"https:\/\/cimbcc.org\/test2\/wp-json\/wp\/v2\/tags?post=48299"}],"curies":[{"name":"wp","href":"https:\/\/api.w.org\/{rel}","templated":true}]}}