{"id":48503,"date":"2024-03-13T16:00:16","date_gmt":"2024-03-13T20:00:16","guid":{"rendered":"https:\/\/cimbcc.org\/test2\/?p=48503"},"modified":"2024-03-13T16:38:43","modified_gmt":"2024-03-13T20:38:43","slug":"le-moment-cle-ou-linternet-devint-public","status":"publish","type":"post","link":"https:\/\/cimbcc.org\/test2\/le-moment-cle-ou-linternet-devint-public\/","title":{"rendered":"Le moment cl\u00e9 o\u00f9 l\u2019Internet devint public"},"content":{"rendered":"<figure id=\"attachment_38542\" aria-describedby=\"caption-attachment-38542\" style=\"width: 125px\" class=\"wp-caption aligncenter\"><img loading=\"lazy\" decoding=\"async\" class=\"size-full wp-image-38542\" src=\"https:\/\/cimbcc.org\/test2\/wp-content\/uploads\/photo_robert_lapointe.jpg\" alt=\"\" width=\"125\" height=\"111\" \/><figcaption id=\"caption-attachment-38542\" class=\"wp-caption-text\"><span style=\"color: #ffffff;\">mmm<\/span>Robert Lapointe<\/figcaption><\/figure>\n<p style=\"text-align: justify;\">J&rsquo;aimerais vous parler du moment cl\u00e9 o\u00f9 l\u2019Internet est sorti du monde de la recherche et de l\u2019\u00e9ducation, pour passer dans le domaine public et devenir accessible par tous.<\/p>\n<p style=\"text-align: justify;\"><img loading=\"lazy\" decoding=\"async\" class=\"alignleft size-full wp-image-48505\" src=\"https:\/\/cimbcc.org\/test2\/wp-content\/uploads\/chip_2024_03_internet_1.jpg\" alt=\"\" width=\"228\" height=\"172\" \/>Dans cet article, en plus d\u2019anecdotes surprenantes, je r\u00e9sume les points cl\u00e9s de ma participation proactive \u00e0 la conf\u00e9rence minist\u00e9rielle du G7 de f\u00e9vrier 1995 \u00e0 Bruxelles.<\/p>\n<p style=\"text-align: justify;\">C\u2019\u00e9tait une r\u00e9union des repr\u00e9sentants mondiaux, gouvernementaux et priv\u00e9s, sur l&rsquo;<a href=\"https:\/\/en.wikipedia.org\/wiki\/Information_superhighway\" target=\"_blank\" rel=\"noopener\"><strong><em>Information Highway<\/em><\/strong><\/a>\u00a0et la <strong><a href=\"https:\/\/fr.wikipedia.org\/wiki\/Soci%C3%A9t%C3%A9_de_l%27information\" target=\"_blank\" rel=\"noopener\">soci\u00e9t\u00e9 de l\u2019information du futur<\/a>. <\/strong>En somme, une conf\u00e9rence mondiale pour l\u2019avancement de l\u2019Internet et de ses applications ! C&rsquo;\u00e9tait aussi en pr\u00e9paration au <a href=\"https:\/\/fr.wikipedia.org\/wiki\/Groupe_des_sept_(%C3%A9conomie)\" target=\"_blank\" rel=\"noopener\">sommet du G7<\/a> pr\u00e9vu \u00e0 Halifax en juin 1995.<\/p>\n<p style=\"text-align: justify;\">Cette ann\u00e9e-l\u00e0, l\u2019Internet devient public et s\u2019ouvre aux commerces, aux entreprises et aux individus. C\u2019est aussi l\u2019introduction de l\u2019Internet haute vitesse chez les usagers, le d\u00e9but de la dominance de la <a href=\"https:\/\/fr.wikipedia.org\/wiki\/Suite_des_protocoles_Internet\" target=\"_blank\" rel=\"noopener\">technologie TCP\/IP<\/a> dans les r\u00e9seaux, le d\u00e9ploiement acc\u00e9l\u00e9r\u00e9 de la fibre optique, le d\u00e9but de l\u2019explosion de la toile mondiale du r\u00e9seau <em>World Wide Web<\/em> et le d\u00e9but de l\u2019explosion des <a href=\"https:\/\/fr.wikipedia.org\/wiki\/Site_web\" target=\"_blank\" rel=\"noopener\">sites Web<\/a>. En 1993, il y avait dix sites Web en ligne et 30 ans plus tard, en 2023, leur nombre \u00e9tait de 1,88 milliard. Apr\u00e8s ma retraite Bell en 1997, j\u2019ai mis en ligne en 1998 mon premier site Web corporatif <a href=\"https:\/\/web.archive.org\/web\/20000818140246\/http:\/www.oyat.com\/\" target=\"_blank\" rel=\"noopener\">OYAT<\/a>.<\/p>\n<p style=\"text-align: justify;\"><!--more--><\/p>\n<p style=\"text-align: justify;\">En 1995, j\u2019avais une expertise technique reconnue en r\u00e9seau de communications informatiques. Tout particuli\u00e8rement en r\u00e9seau de commutation de paquets X25 ainsi qu\u2019en technique de r\u00e9seau public IP qui \u00e9mergeait.<\/p>\n<p style=\"text-align: justify;\">Cette ann\u00e9e-l\u00e0, j\u2019obtiens la permission de mon patron \u00e0 Bell de prendre une semaine de vacances pour me joindre \u00e0 un entrepreneur en technologie de Hull comme soutien technique \u00e0 son kiosque de d\u00e9monstration \u00e0 la <a href=\"https:\/\/fr.wikipedia.org\/wiki\/Conf%C3%A9rence_du_G7_sur_la_Soci%C3%A9t%C3%A9_de_l%27Information\" target=\"_blank\" rel=\"noopener\">Conf\u00e9rence minist\u00e9rielle du G7<\/a> \u00e0 Bruxelles en f\u00e9vrier 1995.<\/p>\n<figure id=\"attachment_48506\" aria-describedby=\"caption-attachment-48506\" style=\"width: 191px\" class=\"wp-caption alignright\"><img loading=\"lazy\" decoding=\"async\" class=\" wp-image-48506\" src=\"https:\/\/cimbcc.org\/test2\/wp-content\/uploads\/chip_2024_03_internet_2-e1709428978216.jpg\" alt=\"\" width=\"191\" height=\"238\" \/><figcaption id=\"caption-attachment-48506\" class=\"wp-caption-text\">Manneken-Pis<\/figcaption><\/figure>\n<p style=\"text-align: justify;\">Le th\u00e8me de cette conf\u00e9rence portait sur l&rsquo;<em><strong>Information Highway<\/strong><\/em> du futur. On voit le drapeau de l\u2019Union europ\u00e9enne dans la photo \u00e0 droite que j\u2019ai prise en 1995 de la c\u00e9l\u00e8bre statue du <a href=\"https:\/\/fr.wikipedia.org\/wiki\/Manneken-Pis\" target=\"_blank\" rel=\"noopener\">Manneken-Pis<\/a>, du petit homme qui pisse !<\/p>\n<p>&nbsp;<\/p>\n<p>&nbsp;<\/p>\n<p style=\"text-align: justify;\">Quelle surprise de croiser mon vice-pr\u00e9sident Bell dans la porte-tournante du Centre L\u00e9opold ! Il m\u2019a dit en fron\u00e7ant les sourcils, qu\u2019est-ce que tu fais ici, Lapointe ? Je r\u00e9ponds un peu moqueur, en vacances, monsieur le vice-pr\u00e9sident, et vous-m\u00eame que faites-vous ici ? Et nous nous sommes revus plus tard dans le salon d\u2019exposition.<\/p>\n<p><img loading=\"lazy\" decoding=\"async\" class=\"size-full wp-image-48507 aligncenter\" src=\"https:\/\/cimbcc.org\/test2\/wp-content\/uploads\/chip_2024_03_internet_3-scaled-e1709429016510.jpg\" alt=\"\" width=\"512\" height=\"351\" \/><\/p>\n<p style=\"text-align: justify;\">En plus des rencontres minist\u00e9rielles des pays du G7, il y a eu une table ronde de leaders du secteur priv\u00e9 de ces pays, notamment pour le Canada, R. Wilson, pr\u00e9sident de BCE, Jacques Chagnon, pr\u00e9sident de Vid\u00e9otron, Charles Sirois, pr\u00e9sident de T\u00e9l\u00e9globe, et John Cleghorn, pr\u00e9sident de la Banque Royale.<\/p>\n<p style=\"text-align: justify;\">Vous pouvez t\u00e9l\u00e9charger <a href=\"https:\/\/op.europa.eu\/en\/publication-detail\/-\/publication\/a3426f7a-17fa-4327-80e1-8e1068f1fe52\/language-en\" target=\"_blank\" rel=\"noopener\">le rapport<\/a> de ce sommet du G7 et y lire les expos\u00e9s du pr\u00e9sident de BCE, M. L. R. Wilson, \u00e0 la page 44, ainsi que de <a href=\"https:\/\/fr.wikipedia.org\/wiki\/Charles_Sirois\" target=\"_blank\" rel=\"noopener\">Charles Sirois<\/a> de <a href=\"https:\/\/fr.wikipedia.org\/wiki\/VSNL_International_Canada\" target=\"_blank\" rel=\"noopener\">T\u00e9l\u00e9globe Canada<\/a>, \u00e0 la page 48.<\/p>\n<p style=\"text-align: justify;\">Les ministres, les fonctionnaires et les gens d\u2019affaires des pays du G7 participaient. J\u2019ai constat\u00e9 toute l\u2019importance accord\u00e9e au r\u00e9seautage futur. Les applications diverses \u00e9taient expos\u00e9es telles que la t\u00e9l\u00e9m\u00e9decine, la vid\u00e9oconf\u00e9rence dans le domaine de l\u2019\u00e9ducation, etc.<\/p>\n<p style=\"text-align: justify;\">Les principaux succ\u00e8s de la conf\u00e9rence ont \u00e9t\u00e9 dans la promotion de la coop\u00e9ration internationale et dans la sensibilisation du public \u00e0 la fa\u00e7on dont la soci\u00e9t\u00e9 mondiale de l\u2019information peut r\u00e9pondre aux besoins des citoyens.<\/p>\n<p><img loading=\"lazy\" decoding=\"async\" class=\"size-full wp-image-48508 aligncenter\" src=\"https:\/\/cimbcc.org\/test2\/wp-content\/uploads\/chip_2024_03_internet_4-e1709429045668.jpg\" alt=\"\" width=\"512\" height=\"352\" \/><\/p>\n<p style=\"text-align: justify;\">La table ronde a fourni une occasion unique au secteur priv\u00e9 de participer aux discussions du G7, en pleine reconnaissance du r\u00f4le important qu\u2019il doit jouer dans le d\u00e9veloppement d\u2019une soci\u00e9t\u00e9 mondiale de l\u2019information.<\/p>\n<figure id=\"attachment_48509\" aria-describedby=\"caption-attachment-48509\" style=\"width: 512px\" class=\"wp-caption aligncenter\"><img loading=\"lazy\" decoding=\"async\" class=\"size-full wp-image-48509\" src=\"https:\/\/cimbcc.org\/test2\/wp-content\/uploads\/chip_2024_03_internet_5-e1709429073296.jpg\" alt=\"\" width=\"512\" height=\"416\" \/><figcaption id=\"caption-attachment-48509\" class=\"wp-caption-text\">Installation du kiosque globeFlash au Centre L\u00e9opold, Bruxelles.<br \/>Robert Lapointe au centre du trio entre deux entrepreneurs qu\u00e9b\u00e9cois, dont Guy Latreille \u00e0 droite.<\/figcaption><\/figure>\n<figure id=\"attachment_48510\" aria-describedby=\"caption-attachment-48510\" style=\"width: 512px\" class=\"wp-caption aligncenter\"><img loading=\"lazy\" decoding=\"async\" class=\"size-full wp-image-48510\" src=\"https:\/\/cimbcc.org\/test2\/wp-content\/uploads\/chip_2024_03_internet_6-e1709429099836.jpg\" alt=\"\" width=\"512\" height=\"363\" \/><figcaption id=\"caption-attachment-48510\" class=\"wp-caption-text\">M. Guy Latreille, entrepreneur qu\u00e9b\u00e9cois, recevant la d\u00e9l\u00e9gation canadienne \u00e0 la Conf\u00e9rence minist\u00e9rielle des pays du G7 sur la Soci\u00e9t\u00e9 de l\u2019information.<br \/>De g. \u00e0 dr., le ministre de l\u2019Industrie et du commerce du Canada, M. John Manley, le ministre d\u2019\u00c9tat \u00e0 la Technologie, M. Jon Gerrard, le ministre du Patrimoine, M. Pierre Dupuy, et l\u2019ambassadeur du Canada aupr\u00e8s de la Commission europ\u00e9enne, M. Jacques Roy.<\/figcaption><\/figure>\n<figure id=\"attachment_48511\" aria-describedby=\"caption-attachment-48511\" style=\"width: 512px\" class=\"wp-caption aligncenter\"><img loading=\"lazy\" decoding=\"async\" class=\"size-full wp-image-48511\" src=\"https:\/\/cimbcc.org\/test2\/wp-content\/uploads\/chip_2024_03_internet_7-e1709429117305.jpg\" alt=\"\" width=\"512\" height=\"346\" \/><figcaption id=\"caption-attachment-48511\" class=\"wp-caption-text\">Pendant la Conf\u00e9rence minist\u00e9rielle des pays du G7 sur la Soci\u00e9t\u00e9 de l\u2019information.<br \/>De g. \u00e0 dr., le pr\u00e9sident de Vid\u00e9otron, M. Jean Chagnon, le pr\u00e9sident de la Banque Royale, M. John Cleghorn, le ministre de l\u2019Industrie et du Commerce du Canada, M. John Manley, le ministre du Patrimoine, M. Pierre Dupuy, et le pr\u00e9sident de BCE, M. Larry Red Wilson.<\/figcaption><\/figure>\n<p style=\"text-align: justify;\"><img loading=\"lazy\" decoding=\"async\" class=\"alignleft size-full wp-image-48512\" src=\"https:\/\/cimbcc.org\/test2\/wp-content\/uploads\/chip_2024_03_internet_8.jpg\" alt=\"\" width=\"240\" height=\"284\" \/>Vous pouvez lire <a href=\"https:\/\/www.robertlapointe.ca\/_media\/discours-al-gore-94-appendices-core3-385.pdf\" target=\"_blank\" rel=\"noopener\">le discours livr\u00e9 par Al Gore<\/a> \u00e0 cette conf\u00e9rence de f\u00e9vrier 1995 \u00e0 Bruxelles.<\/p>\n<p style=\"text-align: justify;\">Lors de la visite du vice-pr\u00e9sident des \u00c9tats-Unis <a href=\"https:\/\/fr.wikipedia.org\/wiki\/Al_Gore\" target=\"_blank\" rel=\"noopener\">Al Gore<\/a> dans l\u2019aire d\u2019exposition, un seul repr\u00e9sentant par kiosque de d\u00e9monstration devait \u00eatre pr\u00e9sent. J\u2019ai d\u00fb quitter temporairement le Centre L\u00e9opold !<\/p>\n<p style=\"text-align: justify;\">Nous faisions partie de la mission \u00e9conomique du Qu\u00e9bec, ce qui incluait une r\u00e9ception mondaine (cocktails) \u00e0 la r\u00e9sidence de l\u2019ambassadeur du Canada pour l\u2019Union europ\u00e9enne. De nombreux kiosques d\u2019exposants de plusieurs pays, dont le Canada, repr\u00e9sentaient des organisations priv\u00e9es de toutes les tailles, mais principalement des grandes entreprises (des \u00e9quipementiers, des exploitants en t\u00e9l\u00e9communication, des op\u00e9rateurs de r\u00e9seaux).<\/p>\n<p style=\"text-align: justify;\">J\u2019ai serr\u00e9 la patte de l\u2019ambassadeur <a href=\"https:\/\/en.wikipedia.org\/wiki\/Jacques_Roy_(diplomat)\" target=\"_blank\" rel=\"noopener\">Jacques Roy<\/a> et de son \u00e9pouse ainsi qu\u2019une courte conversation surprenante et inattendue avec l\u2019ambassadeur ! Il a manifest\u00e9 sa plaisante surprise de voir notre groupe \u00ab <em>dropper<\/em> \u00bb 2000 stylos promotionnels sur les grandes tables de la salle de s\u00e9jour du Centre L\u00e9opold, chose suppos\u00e9ment interdite ! Ces stylos ont tr\u00e8s rapidement trouv\u00e9 preneurs chez les participants. En plus d\u2019\u00eatre un expert, je devenais repr\u00e9sentant publicitaire et diplomate !<\/p>\n<p style=\"text-align: justify;\">Dans le salon de repos et de s\u00e9jour entre les conf\u00e9rences, il y avait une bonne dizaine de PC reli\u00e9s en haute vitesse sur l\u2019Internet. Je ne me souviens plus si le navigateur et moteur de recherche d\u2019alors \u00e9tait Netscape Navigator ou Mosaic sur Windows 3.0 ou autre ! Mais, on pouvait naviguer dans un environnement graphique et voir des images en couleur. Je ne peux m\u2019emp\u00eacher de mentionner que l\u2019application sur PC la plus examin\u00e9e \u00e9tait les jolies femmes de l\u2019Europe de l\u2019Est en petite tenue qui cherchaient \u00e0 rencontrer !!!<\/p>\n<p style=\"text-align: justify;\">En prime, notre trio a fait une belle visite de Bruxelles en compagnie d\u2019un repr\u00e9sentant permanent de la D\u00e9l\u00e9gation du Qu\u00e9bec \u00e0 Bruxelles. Ainsi qu&rsquo;une bonne bouffe de moules, de frites et de vin blanc <a href=\"https:\/\/chezleon.be\/\" target=\"_blank\" rel=\"noopener\">Chez L\u00e9on<\/a> !<\/p>\n<p style=\"text-align: justify;\">Note hors sujet : durant mon s\u00e9jour, lors d&rsquo;une courte promenade \u00e0 pied dans le quartier pr\u00e8s de l&rsquo;h\u00f4tel Europa du centre-ville de Bruxelles, j&rsquo;ai eu presque peur lorsqu&rsquo;au moins une centaine de musulmans bruyants se dirigeaient \u00e0 la course vers la mosqu\u00e9e tout pr\u00e8s ! J&rsquo;ai constat\u00e9 de facto d\u00e8s 1995, l&rsquo;importance de la communaut\u00e9 musulmane \u00e0 Bruxelles.<\/p>\n<p style=\"text-align: justify;\">L\u2019ann\u00e9e suivante, en 1996, je deviens un des 50 employ\u00e9s de Bell r\u00e9sidant \u00e0 Saint-Bruno-de-Montarville qui participent \u00e0 un projet pilote r\u00e9sidentiel de 6 mois de l\u2019Internet 1.0 haute vitesse Bell de premi\u00e8re g\u00e9n\u00e9ration avec modem Nortel \u00e0 1 MBPS. Par la suite, pendant plusieurs ann\u00e9es, j&rsquo;ai exp\u00e9riment\u00e9 Vid\u00e9otron et Bell en m\u00eame temps comme client r\u00e9sidentiel Internet.<\/p>\n<figure id=\"attachment_48513\" aria-describedby=\"caption-attachment-48513\" style=\"width: 226px\" class=\"wp-caption alignleft\"><img loading=\"lazy\" decoding=\"async\" class=\"size-full wp-image-48513\" src=\"https:\/\/cimbcc.org\/test2\/wp-content\/uploads\/chip_2024_03_internet_9-e1709429148794.jpg\" alt=\"\" width=\"226\" height=\"154\" \/><figcaption id=\"caption-attachment-48513\" class=\"wp-caption-text\">The Compact 1-Meg Modem CPE Connects to Any Existing Telephone Jack<\/figcaption><\/figure>\n<p style=\"text-align: justify;\">En r\u00e9trospective, les applications futuristes qui fonctionnaient d\u00e9j\u00e0 en 1995 devinrent tr\u00e8s populaires et plus pratiques gr\u00e2ce \u00e0 la miniaturisation des composants mat\u00e9riels, \u00e0 la r\u00e9duction de la taille des appareils, au d\u00e9ploiement de r\u00e9seaux de fibres optiques \u00e0 l\u2019\u00e9chelle de la plan\u00e8te, la disponibilit\u00e9 abordable de la tr\u00e8s haute vitesse, la haute d\u00e9finition devenue possible, de l\u2019am\u00e9lioration des logiciels, de l\u2019introduction de plusieurs normes et protocoles et de l\u2019abaissement des co\u00fbts.<\/p>\n<p style=\"text-align: justify;\">En 1995, un appareil sp\u00e9cialis\u00e9 de vid\u00e9oconf\u00e9rence pour salle de r\u00e9union co\u00fbtait plus de 75 000 $.\u00a0 L\u00e0 o\u00f9 je travaillais en 1995, au S\u00e9minaire des Communications de Bell \u00e0 Montr\u00e9al, il y avait deux appareils de vid\u00e9oconf\u00e9rence pour fins de d\u00e9monstration. Il y avait aussi des installations semblables aux S\u00e9minaires des Communications Bell de Toronto et d\u2019Ottawa.<\/p>\n<p style=\"text-align: justify;\">Aujourd\u2019hui en 2024, faire des conf\u00e9rences multim\u00e9dias (Teams, Zoom, etc.) avec une vari\u00e9t\u00e9 d\u2019appareils est devenu banal et \u00e9conomiquement abordable !<\/p>\n<p>Robert Lapointe<\/p>\n<hr \/>\n<h4>Note de l&rsquo;\u00e9diteur<\/h4>\n<p style=\"text-align: justify;\">Cet article devrait normalement \u00eatre le dernier publi\u00e9 par M. Robert Lapointe.<\/p>\n<p style=\"text-align: justify;\">Je tiens \u00e0 le remercier pour avoir partag\u00e9 ses souvenirs en lien avec des p\u00e9riodes importantes de l&rsquo;\u00e9volution de l&rsquo;informatique au Qu\u00e9bec.<\/p>\n<p>R. Gervais<\/p>\n","protected":false},"excerpt":{"rendered":"<p>J&rsquo;aimerais vous parler du moment cl\u00e9 o\u00f9 l\u2019Internet est sorti du monde de la recherche et de l\u2019\u00e9ducation, pour passer dans le domaine public et devenir accessible par tous. Dans cet article, en plus d\u2019anecdotes surprenantes, je r\u00e9sume les points cl\u00e9s de ma participation proactive \u00e0 la conf\u00e9rence minist\u00e9rielle du G7 de f\u00e9vrier 1995 \u00e0 &hellip; <a href=\"https:\/\/cimbcc.org\/test2\/le-moment-cle-ou-linternet-devint-public\/\" class=\"more-link\">Continuer la lecture de <span class=\"screen-reader-text\">Le moment cl\u00e9 o\u00f9 l\u2019Internet devint public<\/span>  <span class=\"meta-nav\">&rarr;<\/span><\/a><\/p>\n","protected":false},"author":43,"featured_media":0,"comment_status":"open","ping_status":"closed","sticky":false,"template":"","format":"standard","meta":{"footnotes":""},"categories":[1897],"tags":[144,2051,154,2050,1547],"class_list":["post-48503","post","type-post","status-publish","format-standard","hentry","category-chronique-historique","tag-histoire","tag-information-highway","tag-internet","tag-societe-de-linformation","tag-www"],"_links":{"self":[{"href":"https:\/\/cimbcc.org\/test2\/wp-json\/wp\/v2\/posts\/48503","targetHints":{"allow":["GET"]}}],"collection":[{"href":"https:\/\/cimbcc.org\/test2\/wp-json\/wp\/v2\/posts"}],"about":[{"href":"https:\/\/cimbcc.org\/test2\/wp-json\/wp\/v2\/types\/post"}],"author":[{"embeddable":true,"href":"https:\/\/cimbcc.org\/test2\/wp-json\/wp\/v2\/users\/43"}],"replies":[{"embeddable":true,"href":"https:\/\/cimbcc.org\/test2\/wp-json\/wp\/v2\/comments?post=48503"}],"version-history":[{"count":13,"href":"https:\/\/cimbcc.org\/test2\/wp-json\/wp\/v2\/posts\/48503\/revisions"}],"predecessor-version":[{"id":48590,"href":"https:\/\/cimbcc.org\/test2\/wp-json\/wp\/v2\/posts\/48503\/revisions\/48590"}],"wp:attachment":[{"href":"https:\/\/cimbcc.org\/test2\/wp-json\/wp\/v2\/media?parent=48503"}],"wp:term":[{"taxonomy":"category","embeddable":true,"href":"https:\/\/cimbcc.org\/test2\/wp-json\/wp\/v2\/categories?post=48503"},{"taxonomy":"post_tag","embeddable":true,"href":"https:\/\/cimbcc.org\/test2\/wp-json\/wp\/v2\/tags?post=48503"}],"curies":[{"name":"wp","href":"https:\/\/api.w.org\/{rel}","templated":true}]}}