{"id":48883,"date":"2024-04-10T22:00:17","date_gmt":"2024-04-11T02:00:17","guid":{"rendered":"https:\/\/cimbcc.org\/test2\/?p=48883"},"modified":"2024-04-07T15:36:13","modified_gmt":"2024-04-07T19:36:13","slug":"deux-iphone-et-un-ipad-obsoletes-ainsi-que-perte-de-popularite-des-appels-telephoniques","status":"publish","type":"post","link":"https:\/\/cimbcc.org\/test2\/deux-iphone-et-un-ipad-obsoletes-ainsi-que-perte-de-popularite-des-appels-telephoniques\/","title":{"rendered":"Deux iPhone et un iPad obsol\u00e8tes ainsi que perte de popularit\u00e9 des appels t\u00e9l\u00e9phoniques"},"content":{"rendered":"<figure id=\"attachment_24081\" aria-describedby=\"caption-attachment-24081\" style=\"width: 125px\" class=\"wp-caption aligncenter\"><img loading=\"lazy\" decoding=\"async\" class=\"size-full wp-image-24081\" src=\"https:\/\/cimbcc.org\/test2\/wp-content\/uploads\/photo_charron_denis.jpg\" alt=\"\" width=\"125\" height=\"125\" \/><figcaption id=\"caption-attachment-24081\" class=\"wp-caption-text\"><span style=\"color: #ffffff;\">mmm<\/span>Denis Charron<\/figcaption><\/figure>\n<p style=\"text-align: justify;\">Cet article vous dira quels iPhone et iPad ont \u00e9t\u00e9 r\u00e9cemment d\u00e9clar\u00e9s obsol\u00e8tes par Apple. Il sera aussi question de la perte de popularit\u00e9 des appels t\u00e9l\u00e9phoniques au profit des textos.<\/p>\n<p><!--more--><\/p>\n<hr \/>\n<h4 style=\"text-align: justify;\">Deux iPhone et un iPad d\u00e9clar\u00e9s obsol\u00e8tes<\/h4>\n<p style=\"text-align: justify;\">Apple vient de d\u00e9clarer deux iPhone et un iPad obsol\u00e8tes. Il s&rsquo;agit de\u00a0:<\/p>\n<ul style=\"text-align: justify;\">\n<li><a href=\"https:\/\/fr.wikipedia.org\/wiki\/IPhone_6\" target=\"_blank\" rel=\"noopener\">iPhone 6<\/a> (2014);<\/li>\n<li><a href=\"https:\/\/fr.wikipedia.org\/wiki\/IPhone_6\" target=\"_blank\" rel=\"noopener\">iPhone 6 Plus<\/a> (2014) ;<\/li>\n<li><a href=\"https:\/\/fr.wikipedia.org\/wiki\/IPad_mini_4\" target=\"_blank\" rel=\"noopener\">iPad mini 4<\/a> (2015).<\/li>\n<\/ul>\n<p style=\"text-align: justify;\">Ils ne recevront plus de mises \u00e0 jour du syst\u00e8me d&rsquo;exploitation et Apple ne fournira plus de pi\u00e8ces de remplacement.<\/p>\n<p style=\"text-align: justify;\">Devez-vous cesser de les utiliser si vous poss\u00e9dez un de ces appareils ? <a href=\"https:\/\/francoischarron.com\/sur-le-web\/infos\/apple-place-2-iphone-et-un-1-ipad-dans-la-categorie-des-appareils-obsoletes\/Bdn6pQ6Ih1\/\" target=\"_blank\" rel=\"noopener\">Cet article<\/a> du site Web de <em>Fran\u00e7ois Charron<\/em> vous donnera plus de d\u00e9tails.<\/p>\n<hr \/>\n<h4 style=\"text-align: justify;\">On fait tout avec &#8230; sauf appeler<\/h4>\n<p style=\"text-align: justify;\">La r\u00e9ponse est &#8230; le t\u00e9l\u00e9phone intelligent. Je me souviens d&rsquo;un monologue d&rsquo;un humoriste qui parlait de la fantastique \u00e9volution des communications interpersonnelles : du face-\u00e0-face \u00e0 l&rsquo;\u00e9criture, du t\u00e9l\u00e9graphe au t\u00e9l\u00e9phone et &#8230; du t\u00e9l\u00e9phone aux textos.<\/p>\n<p style=\"text-align: justify;\">On se sent d\u00e9sormais presque g\u00ean\u00e9 d&rsquo;appeler quelqu&rsquo;un. <a href=\"https:\/\/www.lapresse.ca\/societe\/2024-04-07\/telephone-intelligent\/utile-pour-tout-sauf-appeler.php\" target=\"_blank\" rel=\"noopener\">Cet article<\/a> de <em>La Presse<\/em> parle de ce nouveau ph\u00e9nom\u00e8ne.<\/p>\n<p>Quelqu&rsquo;un aimerait-il entendre votre voix aujourd&rsquo;hui ?<\/p>\n<p>Denis Charron<\/p>\n","protected":false},"excerpt":{"rendered":"<p>Cet article vous dira quels iPhone et iPad ont \u00e9t\u00e9 r\u00e9cemment d\u00e9clar\u00e9s obsol\u00e8tes par Apple. Il sera aussi question de la perte de popularit\u00e9 des appels t\u00e9l\u00e9phoniques au profit des textos.<\/p>\n","protected":false},"author":43,"featured_media":0,"comment_status":"open","ping_status":"closed","sticky":false,"template":"","format":"standard","meta":{"footnotes":""},"categories":[403],"tags":[427,341,390,55,1397,216,97,837],"class_list":["post-48883","post","type-post","status-publish","format-standard","hentry","category-applications","tag-apple","tag-communications","tag-ios","tag-ipad","tag-ipados","tag-iphone","tag-telephone","tag-texto"],"_links":{"self":[{"href":"https:\/\/cimbcc.org\/test2\/wp-json\/wp\/v2\/posts\/48883","targetHints":{"allow":["GET"]}}],"collection":[{"href":"https:\/\/cimbcc.org\/test2\/wp-json\/wp\/v2\/posts"}],"about":[{"href":"https:\/\/cimbcc.org\/test2\/wp-json\/wp\/v2\/types\/post"}],"author":[{"embeddable":true,"href":"https:\/\/cimbcc.org\/test2\/wp-json\/wp\/v2\/users\/43"}],"replies":[{"embeddable":true,"href":"https:\/\/cimbcc.org\/test2\/wp-json\/wp\/v2\/comments?post=48883"}],"version-history":[{"count":3,"href":"https:\/\/cimbcc.org\/test2\/wp-json\/wp\/v2\/posts\/48883\/revisions"}],"predecessor-version":[{"id":48887,"href":"https:\/\/cimbcc.org\/test2\/wp-json\/wp\/v2\/posts\/48883\/revisions\/48887"}],"wp:attachment":[{"href":"https:\/\/cimbcc.org\/test2\/wp-json\/wp\/v2\/media?parent=48883"}],"wp:term":[{"taxonomy":"category","embeddable":true,"href":"https:\/\/cimbcc.org\/test2\/wp-json\/wp\/v2\/categories?post=48883"},{"taxonomy":"post_tag","embeddable":true,"href":"https:\/\/cimbcc.org\/test2\/wp-json\/wp\/v2\/tags?post=48883"}],"curies":[{"name":"wp","href":"https:\/\/api.w.org\/{rel}","templated":true}]}}