{"id":48955,"date":"2024-04-22T08:00:28","date_gmt":"2024-04-22T12:00:28","guid":{"rendered":"https:\/\/cimbcc.org\/test2\/?p=48955"},"modified":"2024-04-19T23:12:57","modified_gmt":"2024-04-20T03:12:57","slug":"eteindre-votre-telephone-ou-votre-tablette","status":"publish","type":"post","link":"https:\/\/cimbcc.org\/test2\/eteindre-votre-telephone-ou-votre-tablette\/","title":{"rendered":"\u00c9teindre votre t\u00e9l\u00e9phone ou votre tablette"},"content":{"rendered":"<figure id=\"attachment_47676\" aria-describedby=\"caption-attachment-47676\" style=\"width: 125px\" class=\"wp-caption aligncenter\"><img loading=\"lazy\" decoding=\"async\" class=\"size-full wp-image-47676\" src=\"https:\/\/cimbcc.org\/test2\/wp-content\/uploads\/photo_jean_allard.jpg\" alt=\"\" width=\"125\" height=\"125\" \/><figcaption id=\"caption-attachment-47676\" class=\"wp-caption-text\"><span style=\"color: #ffffff;\">mmmn<\/span>Jean Allard<\/figcaption><\/figure>\n<p style=\"text-align: justify;\">Est-ce que vous \u00e9teignez parfois votre t\u00e9l\u00e9phone ou votre tablette ? Allez, soyez francs ! Vous ne l&rsquo;\u00e9teignez jamais ou tr\u00e8s rarement !<\/p>\n<p style=\"text-align: justify;\">Pourtant, vous devriez l&rsquo;\u00e9teindre sur une base r\u00e9guli\u00e8re, id\u00e9alement, une fois par semaine ou, au minimum, une fois par mois.<\/p>\n<p style=\"text-align: justify;\"><!--more--><\/p>\n<p style=\"text-align: justify;\">Les recommandations varient d&rsquo;un site \u00e0 l&rsquo;autre, mais tous sugg\u00e8rent d&rsquo;\u00e9teindre vos appareils sur une base r\u00e9guli\u00e8re. Il y a des moments propices o\u00f9 vous pourriez mettre votre appareil hors tension :<\/p>\n<ul style=\"text-align: justify;\">\n<li>au cin\u00e9ma, plut\u00f4t que de couper la sonnerie de votre t\u00e9l\u00e9phone, \u00e9teignez-le ;<\/li>\n<li>en avion, plut\u00f4t que d&rsquo;activer le <strong><em>mode avion<\/em><\/strong>, \u00e9teignez-le.<\/li>\n<\/ul>\n<p style=\"text-align: justify;\">\u00cates-vous sceptique quant \u00e0 l&rsquo;utilit\u00e9 d&rsquo;\u00e9teindre votre appareil ? <a href=\"https:\/\/assistance.orange.fr\/mobile-tablette\/tous-les-mobiles-et-tablettes\/installer-et-utiliser\/debuter-et-prendre-en-main\/les-fonctions-de-base\/les-bienfaits-d-un-arret-marche-pour-votre-telephone-mobile_226491-768938\" target=\"_blank\" rel=\"noopener\">Cet article<\/a> du fournisseur fran\u00e7ais de t\u00e9l\u00e9phonie mobile <em>Orange<\/em> vous explique pourquoi vous devriez le faire.<\/p>\n<p style=\"text-align: justify;\">Voici un autre truc dans le m\u00eame genre. Vous voulez imprimer un document et l&rsquo;imprimante ne veut pas le faire. C&rsquo;est le genre de probl\u00e8me que je rencontre une ou deux fois par ann\u00e9e.<\/p>\n<p style=\"text-align: justify;\">La solution que j&rsquo;ai trouv\u00e9e est de red\u00e9marrer l&rsquo;imprimante <span style=\"text-decoration: underline;\"><strong>et<\/strong><\/span> l&rsquo;ordinateur, le t\u00e9l\u00e9phone ou la tablette. Tout peut alors revenir \u00e0 la normale.<\/p>\n<p>Jean Allard<\/p>\n","protected":false},"excerpt":{"rendered":"<p>Est-ce que vous \u00e9teignez parfois votre t\u00e9l\u00e9phone ou votre tablette ? Allez, soyez francs ! Vous ne l&rsquo;\u00e9teignez jamais ou tr\u00e8s rarement ! Pourtant, vous devriez l&rsquo;\u00e9teindre sur une base r\u00e9guli\u00e8re, id\u00e9alement, une fois par semaine ou, au minimum, une fois par mois.<\/p>\n","protected":false},"author":43,"featured_media":0,"comment_status":"open","ping_status":"closed","sticky":false,"template":"","format":"standard","meta":{"footnotes":""},"categories":[403],"tags":[1606,105,104],"class_list":["post-48955","post","type-post","status-publish","format-standard","hentry","category-applications","tag-reinitialisation","tag-tablette","tag-telephone-intelligent"],"_links":{"self":[{"href":"https:\/\/cimbcc.org\/test2\/wp-json\/wp\/v2\/posts\/48955","targetHints":{"allow":["GET"]}}],"collection":[{"href":"https:\/\/cimbcc.org\/test2\/wp-json\/wp\/v2\/posts"}],"about":[{"href":"https:\/\/cimbcc.org\/test2\/wp-json\/wp\/v2\/types\/post"}],"author":[{"embeddable":true,"href":"https:\/\/cimbcc.org\/test2\/wp-json\/wp\/v2\/users\/43"}],"replies":[{"embeddable":true,"href":"https:\/\/cimbcc.org\/test2\/wp-json\/wp\/v2\/comments?post=48955"}],"version-history":[{"count":5,"href":"https:\/\/cimbcc.org\/test2\/wp-json\/wp\/v2\/posts\/48955\/revisions"}],"predecessor-version":[{"id":49020,"href":"https:\/\/cimbcc.org\/test2\/wp-json\/wp\/v2\/posts\/48955\/revisions\/49020"}],"wp:attachment":[{"href":"https:\/\/cimbcc.org\/test2\/wp-json\/wp\/v2\/media?parent=48955"}],"wp:term":[{"taxonomy":"category","embeddable":true,"href":"https:\/\/cimbcc.org\/test2\/wp-json\/wp\/v2\/categories?post=48955"},{"taxonomy":"post_tag","embeddable":true,"href":"https:\/\/cimbcc.org\/test2\/wp-json\/wp\/v2\/tags?post=48955"}],"curies":[{"name":"wp","href":"https:\/\/api.w.org\/{rel}","templated":true}]}}