{"id":4908,"date":"2013-02-18T10:00:25","date_gmt":"2013-02-18T15:00:25","guid":{"rendered":"https:\/\/cimbcc.org\/test2\/?p=4908"},"modified":"2023-10-16T22:16:52","modified_gmt":"2023-10-17T02:16:52","slug":"echos-du-conseil-dadministration-fevrier-2013","status":"publish","type":"post","link":"https:\/\/cimbcc.org\/test2\/echos-du-conseil-dadministration-fevrier-2013\/","title":{"rendered":"\u00c9chos du conseil d&rsquo;administration &#8211; 5 f\u00e9vrier 2013"},"content":{"rendered":"<figure id=\"attachment_5549\" aria-describedby=\"caption-attachment-5549\" style=\"width: 450px\" class=\"wp-caption aligncenter\"><img loading=\"lazy\" decoding=\"async\" class=\"size-full wp-image-5549\" src=\"https:\/\/cimbcc.org\/test2\/wp-content\/uploads\/Photo-Du-CA-2012-2013.jpg\" alt=\"\" width=\"450\" height=\"134\" srcset=\"https:\/\/cimbcc.org\/test2\/wp-content\/uploads\/Photo-Du-CA-2012-2013.jpg 450w, https:\/\/cimbcc.org\/test2\/wp-content\/uploads\/Photo-Du-CA-2012-2013-300x89.jpg 300w\" sizes=\"auto, (max-width: 450px) 100vw, 450px\" \/><figcaption id=\"caption-attachment-5549\" class=\"wp-caption-text\">De gauche \u00e0 droite\u00a0: Walter\u00a0Pearce, Francine\u00a0Fortier, R\u00e9jean\u00a0C\u00f4t\u00e9, Danielle\u00a0Bourque, Michel\u00a0Gagn\u00e9, Yvon\u00a0Gaudreau, Raymonde\u00a0Lemay, R\u00e9jean\u00a0Daigle, Sylvie\u00a0Mazur et Andr\u00e9\u00a0Charest. Denis\u00a0Dulude \u00e9tait absent au moment de la prise de la photo.<\/figcaption><\/figure>\n<p style=\"text-align: justify;\">Le 5 f\u00e9vrier dernier, le conseil d\u2019administration du club a examin\u00e9, comme chaque mois, la liste des nouveaux membres inscrits. Le club comptait d\u00e9sormais 510 membres. Par ailleurs, Danielle Bourque s\u2019est dite tr\u00e8s satisfaite d\u2019avoir recrut\u00e9 une \u00e9quipe de b\u00e9n\u00e9voles avec qui elle pourra partager ses responsabilit\u00e9s \u00e0 l\u2019\u00e9gard de l\u2019accueil, le vendredi apr\u00e8s-midi, et \u00e0 l\u2019\u00e9gard de la gestion du registre des membres.<\/p>\n<p style=\"text-align: justify;\"><!--more--><\/p>\n<p style=\"text-align: justify;\">La prochaine assembl\u00e9e g\u00e9n\u00e9rale annuelle aura lieu le 17 avril prochain. R\u00e9jean C\u00f4t\u00e9 et Sylvie Mazur ont \u00e9t\u00e9 charg\u00e9s de la pr\u00e9parer et de proposer \u00e0 la prochaine r\u00e9union du conseil un projet d\u2019ordre du jour et tout autre document n\u00e9cessaire.<\/p>\n<p style=\"text-align: justify;\">La s\u00e9curit\u00e9 des membres du club a \u00e9t\u00e9 pass\u00e9e en revue. En g\u00e9n\u00e9ral, celle-ci est bien assur\u00e9e. Toutefois, il reste \u00e0 se doter d\u2019un plan d\u2019\u00e9vacuation d\u2019urgence et d\u2019un plan d\u2019intervention dans le cas d\u2019une urgence m\u00e9dicale. Une formation pourra \u00eatre offerte aux responsables des activit\u00e9s du club pour les pr\u00e9parer \u00e0 faire face \u00e0 ces situations. Comme il est important de coordonner nos actions, des d\u00e9marches seront faites pour v\u00e9rifier ce qui est pr\u00e9vu dans de telles circonstances par la Ville de Saint-Bruno.<\/p>\n<p style=\"text-align: justify;\">Le conseil a discut\u00e9 de l\u2019\u00e9ventualit\u00e9 d\u2019acheter une tablette \u00e9lectronique, mais il a \u00e9t\u00e9 d\u00e9cid\u00e9 d\u2019attendre la sortie de la nouvelle version de la tablette de Microsoft. Comme plusieurs demandes d\u2019aide ont d\u00e9j\u00e0 \u00e9t\u00e9 formul\u00e9es par des membres, il serait int\u00e9ressant d\u2019identifier deux personnes qui poss\u00e8dent une tablette \u00e9lectronique et qui pourraient donner un atelier, d\u2019une part, sur la tablette de Microsoft et, d\u2019autre part, sur la tablette d\u2019Apple.<\/p>\n<p style=\"text-align: justify;\">Le conseil a pris connaissance du rapport pr\u00e9sent\u00e9 par Walter Pearce sur la situation financi\u00e8re du club au 31 janvier. Il en est ressorti que le club est en bonne sant\u00e9 financi\u00e8re et qu\u2019il est tr\u00e8s probable qu\u2019un exc\u00e9dent budg\u00e9taire sera d\u00e9gag\u00e9 \u00e0 la fin de l\u2019ann\u00e9e financi\u00e8re. Compte tenu de ces bonnes nouvelles, Walter Pearce a \u00e9t\u00e9 mandat\u00e9 pour organiser le souper de fin d\u2019ann\u00e9e des b\u00e9n\u00e9voles. D\u00e8s que le lieu et la date auront \u00e9t\u00e9 confirm\u00e9s, le pr\u00e9sident fera parvenir une invitation \u00e0 tous les b\u00e9n\u00e9voles.<\/p>\n<p style=\"text-align: justify;\">Comme pour les ordinateurs, un inventaire des logiciels payants a \u00e9t\u00e9 produit. Cet inventaire est accompagn\u00e9 de consignes \u00e0 respecter pour assurer l\u2019utilisation l\u00e9gale de ces logiciels. L\u2019inventaire et les consignes ont \u00e9t\u00e9 approuv\u00e9s par le conseil d\u2019administration.<\/p>\n<p style=\"text-align: justify;\">Andr\u00e9 Charest a fait le point sur les ateliers pour lesquels on observe une assiduit\u00e9 tout \u00e0 fait satisfaisante. Comme certains ateliers sont tr\u00e8s populaires, il a rappel\u00e9 qu\u2019en g\u00e9n\u00e9ral les inscriptions ont lieu en septembre et qu\u2019aucune inscription n\u2019est possible en cours d\u2019ann\u00e9e. Seuls les ateliers de soutien aux d\u00e9butants acceptent de nouveaux inscrits en tout temps. Les membres qui d\u00e9sirent s\u2019y inscrire peuvent le faire en s\u2019adressant aux personnes \u00e0 l\u2019accueil lors des s\u00e9ances de pr\u00e9sentations du mercredi et du vendredi. Enfin, pour les trois nouveaux ateliers (sur Hotmail\/Outlook, sur la d\u00e9claration de revenus et sur Windows\u00a08) qui commenceront bient\u00f4t, les inscriptions seront enregistr\u00e9es \u00e0 partir de leur annonce \u00e0 une s\u00e9ance de pr\u00e9sentations.<\/p>\n<p style=\"text-align: justify;\">Finalement, R\u00e9jean Daigle a d\u00e9pos\u00e9 un tableau pr\u00e9par\u00e9 par Jacques Lalibert\u00e9 sur les demandes d\u2019assistance par courriel. Les 281 demandes d\u2019aide re\u00e7ues en 2012 repr\u00e9sentent 79\u00a0% des demandes re\u00e7ues l\u2019ann\u00e9e derni\u00e8re. L\u2019impression d\u2019une diminution du nombre des demandes a donc \u00e9t\u00e9 confirm\u00e9e. Par contre, les membres du conseil n\u2019avaient aucune explication \u00e0 fournir pour justifier un recours moins important \u00e0 cet excellent service.<\/p>\n<p>Sylvie Mazur<br \/>\nSecr\u00e9taire du CIMBCC<\/p>\n","protected":false},"excerpt":{"rendered":"<p>Le 5 f\u00e9vrier dernier, le conseil d\u2019administration du club a examin\u00e9, comme chaque mois, la liste des nouveaux membres inscrits. Le club comptait d\u00e9sormais 510 membres. Par ailleurs, Danielle Bourque s\u2019est dite tr\u00e8s satisfaite d\u2019avoir recrut\u00e9 une \u00e9quipe de b\u00e9n\u00e9voles avec qui elle pourra partager ses responsabilit\u00e9s \u00e0 l\u2019\u00e9gard de l\u2019accueil, le vendredi apr\u00e8s-midi, et &hellip; <a href=\"https:\/\/cimbcc.org\/test2\/echos-du-conseil-dadministration-fevrier-2013\/\" class=\"more-link\">Continuer la lecture de <span class=\"screen-reader-text\">\u00c9chos du conseil d&rsquo;administration &#8211; 5 f\u00e9vrier 2013<\/span>  <span class=\"meta-nav\">&rarr;<\/span><\/a><\/p>\n","protected":false},"author":43,"featured_media":0,"comment_status":"open","ping_status":"closed","sticky":false,"template":"","format":"standard","meta":{"footnotes":""},"categories":[386],"tags":[569,232,269,472,973,594,570,105],"class_list":["post-4908","post","type-post","status-publish","format-standard","hentry","category-echos-du-conseil-dadministration","tag-assemblee-generale-annuelle","tag-assistance-par-courriel","tag-ateliers","tag-budget","tag-inventaire-des-logiciels","tag-membres","tag-securite-physique","tag-tablette"],"_links":{"self":[{"href":"https:\/\/cimbcc.org\/test2\/wp-json\/wp\/v2\/posts\/4908","targetHints":{"allow":["GET"]}}],"collection":[{"href":"https:\/\/cimbcc.org\/test2\/wp-json\/wp\/v2\/posts"}],"about":[{"href":"https:\/\/cimbcc.org\/test2\/wp-json\/wp\/v2\/types\/post"}],"author":[{"embeddable":true,"href":"https:\/\/cimbcc.org\/test2\/wp-json\/wp\/v2\/users\/43"}],"replies":[{"embeddable":true,"href":"https:\/\/cimbcc.org\/test2\/wp-json\/wp\/v2\/comments?post=4908"}],"version-history":[{"count":38,"href":"https:\/\/cimbcc.org\/test2\/wp-json\/wp\/v2\/posts\/4908\/revisions"}],"predecessor-version":[{"id":26171,"href":"https:\/\/cimbcc.org\/test2\/wp-json\/wp\/v2\/posts\/4908\/revisions\/26171"}],"wp:attachment":[{"href":"https:\/\/cimbcc.org\/test2\/wp-json\/wp\/v2\/media?parent=4908"}],"wp:term":[{"taxonomy":"category","embeddable":true,"href":"https:\/\/cimbcc.org\/test2\/wp-json\/wp\/v2\/categories?post=4908"},{"taxonomy":"post_tag","embeddable":true,"href":"https:\/\/cimbcc.org\/test2\/wp-json\/wp\/v2\/tags?post=4908"}],"curies":[{"name":"wp","href":"https:\/\/api.w.org\/{rel}","templated":true}]}}