{"id":49268,"date":"2024-05-26T18:23:01","date_gmt":"2024-05-26T22:23:01","guid":{"rendered":"https:\/\/cimbcc.org\/test2\/?p=49268"},"modified":"2024-05-26T18:23:45","modified_gmt":"2024-05-26T22:23:45","slug":"microsoft-annonce-de-nouveaux-portables-et-fait-le-meme-pari-quapple","status":"publish","type":"post","link":"https:\/\/cimbcc.org\/test2\/microsoft-annonce-de-nouveaux-portables-et-fait-le-meme-pari-quapple\/","title":{"rendered":"Microsoft annonce de nouveaux portables et fait le m\u00eame pari qu\u2019Apple"},"content":{"rendered":"<figure id=\"attachment_42194\" aria-describedby=\"caption-attachment-42194\" style=\"width: 125px\" class=\"wp-caption aligncenter\"><img loading=\"lazy\" decoding=\"async\" class=\"size-full wp-image-42194\" src=\"https:\/\/cimbcc.org\/test2\/wp-content\/uploads\/photo_vinet_daniel-e1667486419612.jpg\" alt=\"Daniel Vinet\" width=\"125\" height=\"132\" \/><figcaption id=\"caption-attachment-42194\" class=\"wp-caption-text\"><span style=\"color: #ffffff;\">mmmn<\/span>Daniel Vinet<\/figcaption><\/figure>\n<p style=\"text-align: justify;\">\u00c0 sa conf\u00e9rence annuelle pour d\u00e9veloppeurs, <a href=\"https:\/\/register.build.microsoft.com\/\" target=\"_blank\" rel=\"noopener\"><em>Microsoft Build<\/em><\/a>, du 21 au 23 mai dernier, l\u2019entreprise a pr\u00e9sent\u00e9 sa nouvelle lign\u00e9e de <a href=\"https:\/\/www.microsoft.com\/en-us\/surface\/devices\/surface-pro-11th-edition\" target=\"_blank\" rel=\"noopener\"><em>Surface Pro<\/em><\/a> et <a href=\"https:\/\/www.microsoft.com\/en-us\/surface\/devices\/surface-laptop-7th-edition\" target=\"_blank\" rel=\"noopener\"><em>Surface Laptop<\/em><\/a> annon\u00e7ant un changement de cap majeur.<\/p>\n<p><!--more--><\/p>\n<figure id=\"attachment_49270\" aria-describedby=\"caption-attachment-49270\" style=\"width: 432px\" class=\"wp-caption aligncenter\"><img loading=\"lazy\" decoding=\"async\" class=\"size-full wp-image-49270\" src=\"https:\/\/cimbcc.org\/test2\/wp-content\/uploads\/chip_2024_05_copilot_1.jpg\" alt=\"\" width=\"432\" height=\"220\" srcset=\"https:\/\/cimbcc.org\/test2\/wp-content\/uploads\/chip_2024_05_copilot_1.jpg 432w, https:\/\/cimbcc.org\/test2\/wp-content\/uploads\/chip_2024_05_copilot_1-300x153.jpg 300w\" sizes=\"auto, (max-width: 432px) 100vw, 432px\" \/><figcaption id=\"caption-attachment-49270\" class=\"wp-caption-text\">Image : Microsoft<\/figcaption><\/figure>\n<h4>Une transition du monde Intel &#8211; AMD<\/h4>\n<p style=\"text-align: justify;\"><a href=\"https:\/\/fr.wikipedia.org\/wiki\/Microsoft\" target=\"_blank\" rel=\"noopener\"><em>Microsoft<\/em><\/a> tente le pari qu\u2019<a href=\"https:\/\/fr.wikipedia.org\/wiki\/Apple\" target=\"_blank\" rel=\"noopener\"><em>Apple<\/em><\/a> a fait en 2020 en changeant l\u2019architecture utilis\u00e9e dans ses portables grand public, passant d\u2019<a href=\"https:\/\/fr.wikipedia.org\/wiki\/Intel\" target=\"_blank\" rel=\"noopener\"><em>Intel<\/em><\/a> avec ses processeurs <a href=\"https:\/\/fr.wikipedia.org\/wiki\/X86\" target=\"_blank\" rel=\"noopener\"><em>x86<\/em><\/a> (<a href=\"https:\/\/fr.wikipedia.org\/wiki\/Microprocesseur_\u00e0_jeu_d%27instructions_\u00e9tendu\" target=\"_blank\" rel=\"noopener\">CISC<\/a>), aux processeurs <a href=\"https:\/\/fr.wikipedia.org\/wiki\/Qualcomm_Snapdragon\" target=\"_blank\" rel=\"noopener\"><em>SnapDragon<\/em><\/a> de la compagnie <a href=\"https:\/\/fr.wikipedia.org\/wiki\/Qualcomm\" target=\"_blank\" rel=\"noopener\"><em>Qualcomm<\/em><\/a> qui sont de type <a href=\"https:\/\/fr.wikipedia.org\/wiki\/ARM_(entreprise)\" target=\"_blank\" rel=\"noopener\"><em>ARM<\/em><\/a> (<a href=\"https:\/\/fr.wikipedia.org\/wiki\/Processeur_\u00e0_jeu_d%27instructions_r\u00e9duit\" target=\"_blank\" rel=\"noopener\">RISC<\/a>). J\u2019abordais sommairement la diff\u00e9rence entre les deux technologies dans <a href=\"https:\/\/cimbcc.org\/test2\/windows-macos-ou-linux-quel-est-le-meilleur-systeme-dexploitation-pour-nous-simples-utilisateurs\" target=\"_blank\" rel=\"noopener\">cet article<\/a>.<\/p>\n<p style=\"text-align: justify;\">Ainsi, <em>Microsoft<\/em> reconna\u00eet les avantages de la technologie ARM, soit une plus grande efficacit\u00e9 et une consommation \u00e9nerg\u00e9tique moindre ayant un impact direct sur l\u2019autonomie de la pile des ordinateurs portables.<\/p>\n<p style=\"text-align: justify;\">Par ailleurs, <em>Microsoft<\/em> n\u2019\u00e9tait pas la seule \u00e0 pr\u00e9senter de nouveaux portables de ce type. <a href=\"https:\/\/fr.wikipedia.org\/wiki\/Lenovo\" target=\"_blank\" rel=\"noopener\"><em>Lenovo<\/em><\/a> a pr\u00e9sent\u00e9 le <a href=\"https:\/\/canada.lenovo.com\/fr\/ca\/en\/p\/laptops\/yoga\/yoga-slim-series\/yoga-slim-7x-gen-9-(14-inch-snapdragon)\/len101y0049?orgRef=https%253A%252F%252Fduckduckgo.com%252F\" target=\"_blank\" rel=\"noopener\"><em>Yoga Slim 7x<\/em><\/a> et <a href=\"https:\/\/fr.wikipedia.org\/wiki\/Asus\" target=\"_blank\" rel=\"noopener\"><em>Asus<\/em><\/a> a d\u00e9montr\u00e9 le <a href=\"https:\/\/www.asus.com\/ca-en\/laptops\/for-home\/vivobook\/asus-vivobook-s-15-s5507\/\" target=\"_blank\" rel=\"noopener\"><em>Vivobook S 15<\/em><\/a>. Tous deux sont \u00e9quip\u00e9s du processeur <em>SnapDragon<\/em>.<\/p>\n<h4>Une int\u00e9gration totale de l\u2019Intelligence artificielle<\/h4>\n<p style=\"text-align: justify;\">L\u2019Intelligence artificielle (I.A.) devient tellement partie int\u00e9grante de la combinaison ordinateur \u2013 <a href=\"https:\/\/fr.wikipedia.org\/wiki\/Microsoft_Windows\" target=\"_blank\" rel=\"noopener\"><em>Windows<\/em><\/a>, que ses appareils portent un nouveau nom, <strong><em>Copilot+PC<\/em><\/strong> , et ils sont affubl\u00e9s d\u2019une nouvelle touche d\u00e9di\u00e9e \u00e0 <a href=\"https:\/\/fr.wikipedia.org\/wiki\/Microsoft_Copilot\" target=\"_blank\" rel=\"noopener\"><em>CoPilot<\/em><\/a>.<\/p>\n<figure id=\"attachment_49271\" aria-describedby=\"caption-attachment-49271\" style=\"width: 432px\" class=\"wp-caption aligncenter\"><img loading=\"lazy\" decoding=\"async\" class=\"size-full wp-image-49271\" src=\"https:\/\/cimbcc.org\/test2\/wp-content\/uploads\/chip_2024_05_copilot_2.jpg\" alt=\"\" width=\"432\" height=\"96\" srcset=\"https:\/\/cimbcc.org\/test2\/wp-content\/uploads\/chip_2024_05_copilot_2.jpg 432w, https:\/\/cimbcc.org\/test2\/wp-content\/uploads\/chip_2024_05_copilot_2-300x67.jpg 300w\" sizes=\"auto, (max-width: 432px) 100vw, 432px\" \/><figcaption id=\"caption-attachment-49271\" class=\"wp-caption-text\">La nouvelle touche CoPilot sur le clavier<\/figcaption><\/figure>\n<p style=\"text-align: justify;\">La traditionnelle touche <em>Windows<\/em> du c\u00f4t\u00e9 droit du clavier est remplac\u00e9e par la touche <em>CoPilot<\/em>.<\/p>\n<p style=\"text-align: justify;\">Ces nouveaux portables contiennent une puce suppl\u00e9mentaire d\u2019<a href=\"https:\/\/fr.wikipedia.org\/wiki\/Puce_d%27acc\u00e9l\u00e9ration_de_r\u00e9seaux_de_neurones\" target=\"_blank\" rel=\"noopener\">acc\u00e9l\u00e9ration de r\u00e9seaux de neurones<\/a>, nomm\u00e9e NPU (<em>Neural Processing Unit<\/em>). Concernant cette derni\u00e8re, je vous r\u00e9f\u00e8re \u00e0 <a href=\"https:\/\/cimbcc.org\/test2\/cpu-gpu-npu-que-sont-ces-acronymes\" target=\"_blank\" rel=\"noopener\">cet autre article<\/a> o\u00f9 j\u2019abordais le sujet.<\/p>\n<p style=\"text-align: justify;\">Les NPU sont en grande demande depuis l\u2019arriv\u00e9e de l\u2019I.A., mais surtout avec la mont\u00e9e des <a href=\"https:\/\/fr.wikipedia.org\/wiki\/Grand_mod\u00e8le_de_langage\" target=\"_blank\" rel=\"noopener\">grands mod\u00e8les de langage<\/a> (LLM \u2013 <em>Large Language Model<\/em>) permettant une interaction similaire \u00e0 une exp\u00e9rience humaine avec l\u2019ordinateur.<\/p>\n<p style=\"text-align: justify;\">Cette puce peut effectuer plus de 40 <a href=\"https:\/\/fr.wikipedia.org\/wiki\/Billion_(nombre)\" target=\"_blank\" rel=\"noopener\">billions<\/a> d\u2019op\u00e9rations \u00e0 la seconde, oui, oui, vous avez bien lu, 40 billions ! Cette puissance, qui semble d\u00e9mesur\u00e9e, permet de r\u00e9pondre aux exigences requises par les LLM qui n\u00e9cessitent une importante puissance de calculs. Ainsi, il devient possible pour <em>Microsoft<\/em> de d\u00e9centraliser le traitement de la fonction <em>CoPilot<\/em> vers cette puce de l\u2019ordinateur.<\/p>\n<p style=\"text-align: justify;\">Notez qu\u2019\u00e0 ce titre, <em>Microsoft<\/em> fait du rattrapage par rapport \u00e0 <em>Apple<\/em> et <a href=\"https:\/\/fr.wikipedia.org\/wiki\/Google\" target=\"_blank\" rel=\"noopener\"><em>Google<\/em><\/a> qui int\u00e8grent une puce de type NPU \u00e0 leurs appareils depuis des ann\u00e9es.<\/p>\n<h4 style=\"text-align: justify;\">Windows sur processeur ARM n\u2019est pas une premi\u00e8re<\/h4>\n<p style=\"text-align: justify;\"><em>Microsoft<\/em> n\u2019en est pas \u00e0 ses d\u00e9buts avec la technologie ARM-RISC. \u00c0 l\u2019\u00e9poque de <a href=\"https:\/\/fr.wikipedia.org\/wiki\/Windows_CE\" target=\"_blank\" rel=\"noopener\"><em>Windows CE<\/em><\/a>, en 1996, celui-ci fonctionnait sur ce type d\u2019architecture. D\u2019autres versions ont vu le jour au fil des ann\u00e9es. Toutefois, il s\u2019agissait bien souvent d\u2019<a href=\"https:\/\/fr.wikipedia.org\/wiki\/Assistant_personnel\" target=\"_blank\" rel=\"noopener\">assistant num\u00e9rique personnel<\/a> (PDA) ou de <a href=\"https:\/\/fr.wikipedia.org\/wiki\/Smartphone\" target=\"_blank\" rel=\"noopener\">t\u00e9l\u00e9phones intelligents<\/a>. En ce qui a trait aux ordinateurs, <em>Microsoft<\/em> demeurait en terrain connu en offrant <em>Windows<\/em> pour les familles de processeurs x86 d\u2019<em>Intel<\/em> et d\u2019<em>AMD<\/em>.<\/p>\n<figure id=\"attachment_49272\" aria-describedby=\"caption-attachment-49272\" style=\"width: 369px\" class=\"wp-caption aligncenter\"><img loading=\"lazy\" decoding=\"async\" class=\"size-full wp-image-49272\" src=\"https:\/\/cimbcc.org\/test2\/wp-content\/uploads\/chip_2024_05_copilot_3.jpg\" alt=\"\" width=\"369\" height=\"369\" srcset=\"https:\/\/cimbcc.org\/test2\/wp-content\/uploads\/chip_2024_05_copilot_3.jpg 369w, https:\/\/cimbcc.org\/test2\/wp-content\/uploads\/chip_2024_05_copilot_3-300x300.jpg 300w, https:\/\/cimbcc.org\/test2\/wp-content\/uploads\/chip_2024_05_copilot_3-150x150.jpg 150w, https:\/\/cimbcc.org\/test2\/wp-content\/uploads\/chip_2024_05_copilot_3-125x125.jpg 125w\" sizes=\"auto, (max-width: 369px) 100vw, 369px\" \/><figcaption id=\"caption-attachment-49272\" class=\"wp-caption-text\">Assistant personnel (Personal Digital Assistant &#8211; PDA) fonctionnant sous processeur ARM et une version de Windows, Microsoft Pocket PC (2002)<\/figcaption><\/figure>\n<p style=\"text-align: justify;\">Plus r\u00e9cemment, <em>Microsoft<\/em> a produit une version de <a href=\"https:\/\/support.microsoft.com\/en-gb\/windows\/options-for-using-windows-11-with-mac-computers-with-apple-m1-m2-and-m3-chips-cd15fd62-9b34-4b78-b0bc-121baa3c568c?ranMID=24542&amp;ranEAID=kXQk6*ivFEQ&amp;ranSiteID=kXQk6.ivFEQ-RnOVSGJrg1Z8dWIvYyNAtA&amp;epi=kXQk6.ivFEQ-RnOVSGJrg1Z8dWIvYyNAtA&amp;irgwc=1&amp;OCID=AIDcmm549zy227_aff_7593_1243925&amp;tduid=%28ir__gr963gkbgwkfaihsiq2s0vr0ye2xdvmx9lox6xxn00%29%287593%29%281243925%29%28kXQk6.ivFEQ-RnOVSGJrg1Z8dWIvYyNAtA%29%28%29&amp;irclickid=_gr963gkbgwkfaihsiq2s0vr0ye2xdvmx9lox6xxn00\" target=\"_blank\" rel=\"noopener\"><em>Windows 11<\/em> pour processeurs <em>ARM-Mx<\/em> d\u2019<em>Apple<\/em><\/a>, ex\u00e9cutable en <a href=\"https:\/\/fr.wikipedia.org\/wiki\/Virtualisation\" target=\"_blank\" rel=\"noopener\">virtualisation<\/a> sous <a href=\"https:\/\/fr.wikipedia.org\/wiki\/MacOS\" target=\"_blank\" rel=\"noopener\"><em>macOS<\/em><\/a> en partenariat avec <a href=\"https:\/\/fr.wikipedia.org\/wiki\/Parallels_Desktop\" target=\"_blank\" rel=\"noopener\"><em>Parallels<\/em><\/a>. Bien que virtualis\u00e9e sous <em>macOS<\/em>, celle-ci offre des performances \u00e9tonnantes. Pour en savoir plus au sujet la virtualisation, je vous renvoie \u00e0 <a href=\"https:\/\/cimbcc.org\/test2\/emulation-virtualisation-et-conteneurisation-quest-ce-que-cest\" target=\"_blank\" rel=\"noopener\">cet autre article<\/a> que j\u2019ai r\u00e9dig\u00e9.<\/p>\n<p style=\"text-align: justify;\">Cette fois-ci, on peut sentir un vent de changement de la part de <em>Microsoft<\/em>. Une s\u00e9rieuse voie de transition vient d\u2019\u00eatre amorc\u00e9e.<\/p>\n<h4 style=\"text-align: justify;\">Que faire des milliers de logiciels con\u00e7us pour la plateforme Intel\/AMD ?<\/h4>\n<p style=\"text-align: justify;\">Tout comme <em>Apple<\/em> avait pr\u00e9vu le coup avec sa technologie <a href=\"https:\/\/en.wikipedia.org\/wiki\/Rosetta_(software)\" target=\"_blank\" rel=\"noopener\"><em>Rosetta 2<\/em><\/a> sur <em>macOS<\/em> lors de son changement d\u2019architecture de x86 \u00e0 <a href=\"https:\/\/fr.wikipedia.org\/wiki\/Apple_silicon\" target=\"_blank\" rel=\"noopener\">M1<\/a>, <em>Microsoft<\/em> promet un logiciel permettant l\u2019ex\u00e9cution de programmes con\u00e7us pour les architectures x86 en effectuant la traduction en temps r\u00e9el de ses applications afin d\u2019assurer le succ\u00e8s de la lente transition technologique qui semble s\u2019annoncer.<\/p>\n<p style=\"text-align: justify;\">Tout comme <em>Apple<\/em>, il s\u2019agit d\u2019un risque bien calcul\u00e9 permettant une transition tout en douceur tant pour les utilisateurs que les d\u00e9veloppeurs d\u2019applications qui doivent modifier et <a href=\"https:\/\/fr.wikipedia.org\/wiki\/Compilateur\" target=\"_blank\" rel=\"noopener\">recompiler<\/a> celles-ci pour les rendre <a href=\"https:\/\/fr.wikipedia.org\/wiki\/Code_natif\" target=\"_blank\" rel=\"noopener\">natives<\/a> \u00e0 la nouvelle architecture.<\/p>\n<h4>Quel avenir pour l\u2019architecture x86 ?<\/h4>\n<p style=\"text-align: justify;\"><em>Intel<\/em> avec son architecture x86 n\u2019est pas en reste. <em>Microsoft<\/em> pr\u00e9sentait en avril dernier la <a href=\"https:\/\/www.microsoft.com\/fr-fr\/surface\/business\/surface-pro-10#areaheading-second\" target=\"_blank\" rel=\"noopener\"><em>Surface Pro 10<\/em><\/a>. Toutefois, celle-ci est pratiquement pass\u00e9e inaper\u00e7ue, car elle est destin\u00e9e au march\u00e9 de l\u2019entreprise.<\/p>\n<p style=\"text-align: justify;\">\u00c9quip\u00e9e du nouveau processeur <a href=\"https:\/\/www.intel.fr\/content\/www\/fr\/fr\/products\/details\/processors\/core-ultra.html\" target=\"_blank\" rel=\"noopener\"><em>Intel Core Ultra<\/em><\/a>, comprenant \u00e9galement un NPU d\u00e9di\u00e9 \u00e0 l\u2019I.A., la <em>Surface Pro 10<\/em> embarque une nouvelle puce graphique d\u2019<em>Intel<\/em> nomm\u00e9e <a href=\"https:\/\/www.intel.fr\/content\/www\/fr\/fr\/products\/docs\/discrete-gpus\/arc\/mobile\/a-series\/overview.html\" target=\"_blank\" rel=\"noopener\"><em>Arc<\/em><\/a> venant remplacer la traditionnelle puce <a href=\"https:\/\/fr.wikipedia.org\/wiki\/Intel_HD_Graphics\" target=\"_blank\" rel=\"noopener\"><em>Intel Iris<\/em><\/a>.<\/p>\n<p style=\"text-align: justify;\">Toutefois, au sortir de ses lancements, nous pouvons entrevoir ce qui semble se dessiner \u00e0 l\u2019horizon, soit un changement d\u2019orientation de la part de <em>Microsoft <\/em>pour le march\u00e9 grand public.<\/p>\n<p style=\"text-align: justify;\">D\u2019un c\u00f4t\u00e9, le march\u00e9 de l\u2019entreprise qui demeure, pour le moment, sur une architecture x86 pour une raison \u00e9vidente de <a href=\"https:\/\/fr.wikipedia.org\/wiki\/Compatibilit\u00e9_ascendante_et_descendante\" target=\"_blank\" rel=\"noopener\">r\u00e9trocompatibilit\u00e9<\/a> aux infrastructures d\u00e9j\u00e0 en place. De l\u2019autre c\u00f4t\u00e9, le march\u00e9 grand public qui est orient\u00e9 vers une nouvelle architecture <em>ARM<\/em>.<\/p>\n<p style=\"text-align: justify;\">Il est clair que ceci aura un effet certain sur les demandes en processeurs <em>Intel<\/em> et <em>AMD<\/em> destin\u00e9s au grand public.<\/p>\n<p style=\"text-align: justify;\">D\u2019un autre c\u00f4t\u00e9, je crois qu\u2019il s\u2019agit d\u2019une r\u00e9ponse d\u2019affaires de la part de <em>Microsoft<\/em> aux ventes d\u2019ordinateurs qui ont connu une baisse significative au cours des derni\u00e8res ann\u00e9es, sauf pour la p\u00e9riode COVID, et une <a href=\"https:\/\/www.tomsguide.fr\/les-ventes-de-pc-secroulent-en-2023-aucune-marque-nest-epargnee\/\" target=\"_blank\" rel=\"noopener\">chute drastique en 2023<\/a>.<\/p>\n<p style=\"text-align: justify;\">L\u00e0 o\u00f9 <em>Apple<\/em> produit deux appareils, ordinateur et tablette avec leur syst\u00e8me d\u2019exploitation respectif, soit <a href=\"https:\/\/fr.wikipedia.org\/wiki\/MacOS\" target=\"_blank\" rel=\"noopener\"><em>macOS<\/em><\/a> et <a href=\"https:\/\/fr.wikipedia.org\/wiki\/IPadOS\" target=\"_blank\" rel=\"noopener\"><em>iPadOS<\/em><\/a>, <em>Microsoft<\/em> persiste \u00e0 ne fabriquer qu\u2019un seul appareil avec un seul syst\u00e8me d\u2019exploitation tentant, tant bien que mal, de r\u00e9pondre aux deux environnements. Toutefois, nous constatons tous que <em>Windows<\/em> est plut\u00f4t m\u00e9sadapt\u00e9 \u00e0 une utilisation en mode tablette. Bref, \u00e0 tout vouloir faire, on ne r\u00e9ussit pas toujours tr\u00e8s bien.<\/p>\n<h4 style=\"text-align: justify;\">Et nous, les utilisateurs qui avons d\u00e9j\u00e0 des ordinateurs ?<\/h4>\n<p style=\"text-align: justify;\">D\u2019entr\u00e9e de jeu, permettez-moi de vous rassurer. Votre ordinateur ne sera pas obsol\u00e8te demain matin. Il a de nombreuses et brillantes ann\u00e9es devant lui. Le march\u00e9 mondial est vaste, vari\u00e9 et tr\u00e8s bien \u00e9tabli.<\/p>\n<p style=\"text-align: justify;\">Par ailleurs, la preuve du pari fait par <em>Microsoft<\/em> reste \u00e0 faire. Nous sommes \u00e0 une p\u00e9riode o\u00f9 nos appareils sont surpuissants par rapport \u00e0 nos besoins. \u00c0 cela, il faut compter un contexte \u00e9conomique plus difficile o\u00f9 tout est en hausse de co\u00fbt, les consommateurs sont donc moins enclins \u00e0 changer d\u2019appareil. De ce fait, les fabricants de logiciels devront continuer \u00e0 r\u00e9pondre au segment de march\u00e9 le plus populeux afin d\u2019assurer leur succ\u00e8s de ventes.<\/p>\n<p style=\"text-align: justify;\">Il faut \u00e9galement tenir compte des nombreux fabricants d\u2019ordinateurs, de p\u00e9riph\u00e9riques, de logiciels. Bref, tout ce beau monde devra amorcer un changement, ce qui n\u2019est pas gagn\u00e9 d\u2019avance. L\u00e0 o\u00f9 <em>Apple<\/em> r\u00e8gne en roi et ma\u00eetre dans son univers, ce qui lui facilite les choses, <em>Microsoft<\/em> doit composer avec de nombreux valets.<\/p>\n<p style=\"text-align: justify;\">D\u2019un autre c\u00f4t\u00e9, la puissance des tablettes d\u2019aujourd\u2019hui est plut\u00f4t impressionnante. Sachant que ce type d\u2019appareil est moins co\u00fbteux qu\u2019un ordinateur et qu\u2019il r\u00e9pond aux principales activit\u00e9s des consommateurs, je crois qu\u2019une partie significative du march\u00e9 actuel des ordinateurs transitera vers la tablette. D\u2019ailleurs, cette tendance semble d\u00e9j\u00e0 amorc\u00e9e avec la baisse marqu\u00e9e des ventes d\u2019ordinateurs. Au club, 80% des membres sont propri\u00e9taires d\u2019une tablette.<\/p>\n<p style=\"text-align: justify;\">C\u2019est en partie le pari que semble faire <em>Microsoft<\/em> en voulant attirer ce segment du march\u00e9 vers sa <em>Surface Pro<\/em>, servant \u00e0 la fois de tablette et d\u2019ordinateur.<\/p>\n<p style=\"text-align: justify;\">Par ailleurs, un fait int\u00e9ressant \u00e0 noter au passage, les tablettes actuellement sur le march\u00e9 sont toutes sur architecture ARM.<\/p>\n<p style=\"text-align: justify;\">Bon \u00e9t\u00e9 \u00e0 tous.<\/p>\n<p>Daniel Vinet<\/p>\n","protected":false},"excerpt":{"rendered":"<p>\u00c0 sa conf\u00e9rence annuelle pour d\u00e9veloppeurs, Microsoft Build, du 21 au 23 mai dernier, l\u2019entreprise a pr\u00e9sent\u00e9 sa nouvelle lign\u00e9e de Surface Pro et Surface Laptop annon\u00e7ant un changement de cap majeur.<\/p>\n","protected":false},"author":43,"featured_media":0,"comment_status":"open","ping_status":"closed","sticky":false,"template":"","format":"standard","meta":{"footnotes":""},"categories":[1594],"tags":[1271,2095,1723,1270,2096,731,135,210,2094,2093,2092,105],"class_list":["post-49268","post","type-post","status-publish","format-standard","hentry","category-chronique-technique","tag-amd","tag-arm","tag-ia","tag-intel","tag-intel-core-ultra","tag-intelligence-artificielle","tag-microsoft","tag-ms-surface","tag-qualcomm","tag-risc","tag-snapdragon","tag-tablette"],"_links":{"self":[{"href":"https:\/\/cimbcc.org\/test2\/wp-json\/wp\/v2\/posts\/49268","targetHints":{"allow":["GET"]}}],"collection":[{"href":"https:\/\/cimbcc.org\/test2\/wp-json\/wp\/v2\/posts"}],"about":[{"href":"https:\/\/cimbcc.org\/test2\/wp-json\/wp\/v2\/types\/post"}],"author":[{"embeddable":true,"href":"https:\/\/cimbcc.org\/test2\/wp-json\/wp\/v2\/users\/43"}],"replies":[{"embeddable":true,"href":"https:\/\/cimbcc.org\/test2\/wp-json\/wp\/v2\/comments?post=49268"}],"version-history":[{"count":5,"href":"https:\/\/cimbcc.org\/test2\/wp-json\/wp\/v2\/posts\/49268\/revisions"}],"predecessor-version":[{"id":49276,"href":"https:\/\/cimbcc.org\/test2\/wp-json\/wp\/v2\/posts\/49268\/revisions\/49276"}],"wp:attachment":[{"href":"https:\/\/cimbcc.org\/test2\/wp-json\/wp\/v2\/media?parent=49268"}],"wp:term":[{"taxonomy":"category","embeddable":true,"href":"https:\/\/cimbcc.org\/test2\/wp-json\/wp\/v2\/categories?post=49268"},{"taxonomy":"post_tag","embeddable":true,"href":"https:\/\/cimbcc.org\/test2\/wp-json\/wp\/v2\/tags?post=49268"}],"curies":[{"name":"wp","href":"https:\/\/api.w.org\/{rel}","templated":true}]}}