{"id":4941,"date":"2013-02-25T10:00:59","date_gmt":"2013-02-25T15:00:59","guid":{"rendered":"https:\/\/cimbcc.org\/test2\/?p=4941"},"modified":"2023-10-16T22:16:52","modified_gmt":"2023-10-17T02:16:52","slug":"recuperation-de-materiel-informatique-et-electronique-fevrier-2013","status":"publish","type":"post","link":"https:\/\/cimbcc.org\/test2\/recuperation-de-materiel-informatique-et-electronique-fevrier-2013\/","title":{"rendered":"Projet de r\u00e9cup\u00e9ration de mat\u00e9riel informatique et \u00e9lectronique"},"content":{"rendered":"<figure id=\"attachment_24134\" aria-describedby=\"caption-attachment-24134\" style=\"width: 125px\" class=\"wp-caption aligncenter\"><img loading=\"lazy\" decoding=\"async\" class=\"size-full wp-image-24134\" src=\"https:\/\/cimbcc.org\/test2\/wp-content\/uploads\/photo_pearce_walter.jpg\" alt=\"\" width=\"125\" height=\"125\" \/><figcaption id=\"caption-attachment-24134\" class=\"wp-caption-text\"><span style=\"color: #ffffff;\">mmm<\/span>Walter Pearce<\/figcaption><\/figure>\n<p style=\"text-align: justify;\">J\u2019aimerais vous entretenir d\u2019un projet initi\u00e9 par un membre de notre Club, Pierre St-Aubin. En 2003, Pierre \u00e9tait tr\u00e8s pr\u00e9occup\u00e9 lorsque venait le jour du ramassage des vidanges et qu\u2019il voyait tout ce que les gens mettaient au rebut. Ainsi naquit l\u2019id\u00e9e d\u2019un projet de r\u00e9cup\u00e9ration du mat\u00e9riel informatique. Pierre en discuta avec les membres du conseil d\u2019administration de l\u2019\u00e9poque qui approuv\u00e8rent le projet. Il trouva ensuite une entreprise de recyclage et discuta des modalit\u00e9s, puis entama des n\u00e9gociations avec les autorit\u00e9s de la Ville de Saint-Bruno.<\/p>\n<p style=\"text-align: justify;\"><!--more--><\/p>\n<p style=\"text-align: justify;\">Le projet vit le jour en septembre\u00a02005 pour tous les citoyens de Saint-Bruno qui \u00e9taient invit\u00e9s \u00e0 apporter le mat\u00e9riel informatique et \u00e9lectronique en vue de leur r\u00e9cup\u00e9ration aux locaux du Service des travaux publics. \u00c0 la fin de d\u00e9cembre, 6000\u00a0kilos, soit six (6)\u00a0tonnes de mat\u00e9riel avaient \u00e9t\u00e9 r\u00e9cup\u00e9r\u00e9es et un ordinateur remont\u00e9 remis \u00e0 une famille d\u00e9favoris\u00e9e. Depuis ce temps, Pierre passe de quarante \u00e0 cinquante\u00a0heures par semaine \u00e0 traiter le mat\u00e9riel r\u00e9cup\u00e9r\u00e9 par la Ville.<\/p>\n<p style=\"text-align: justify;\">En 2009, Octave\u00a0Allard s\u2019est joint \u00e0 Pierre. Puis en 2010, ce fut au tour de Jacques\u00a0Lalibert\u00e9. Tous les mercredis, ils se rencontrent \u00e0 l\u2019\u00e9cocentre de Saint-Bruno dans un local gracieusement mis \u00e0 leur disposition par la Ville de Saint-Bruno pour y reconstruire des ordinateurs avec le mat\u00e9riel r\u00e9cup\u00e9r\u00e9 et pr\u00e9parer le mat\u00e9riel inutilisable pour cueillette tous les quinze\u00a0jours par une compagnie de recyclage.<\/p>\n<p style=\"text-align: justify;\">Les ordinateurs reconstruits sont donn\u00e9s \u00e0 des familles dans le besoin ou vendus \u00e0 des prix tr\u00e8s avantageux et les sommes ainsi recueillies sont remises \u00e0 des organismes de bienfaisance tels que le Centre d\u2019action b\u00e9n\u00e9vole (CAB), mieux connu sous le nom Les\u00a0P&rsquo;tits Bonheurs et la\u00a0Maison des Jeunes de Saint-Bruno (MDJ).<\/p>\n<p style=\"text-align: justify;\">Depuis septembre 2011, les stations locales de t\u00e9l\u00e9vision ont arr\u00eat\u00e9 la diffusion analogique et ont commenc\u00e9 \u00e0 diffuser en num\u00e9rique. Plusieurs usagers devant alors acqu\u00e9rir un bo\u00eetier d\u00e9codeur dot\u00e9 d&rsquo;un convertisseur\u00a0num\u00e9rique ou faire appel \u00e0 un c\u00e2blodistributeur ou \u00e0 un fournisseur de services par satellite en ont profit\u00e9 pour moderniser leur syst\u00e8me et acheter un t\u00e9l\u00e9viseur \u00e0 \u00e9cran plat. De plus, le grand Longueuil peut apporter, depuis septembre\u00a02012, ses d\u00e9chets \u00e9lectroniques \u00e0 l\u2019\u00e9cocentre de Saint-Bruno. Ceci a eu pour effet de presque doubler le nombre de t\u00e9l\u00e9viseurs re\u00e7us entre 2010 et 2011, passant de 500 \u00e0 909 et, en 2012, \u00e0 1180.<\/p>\n<p style=\"text-align: justify;\">Voici les statistiques du mat\u00e9riel envoy\u00e9 au recyclage, des sommes remises, des ordinateurs donn\u00e9s et des PC et des t\u00e9l\u00e9viseurs re\u00e7us \u00e0 l\u2019\u00e9cocentre depuis le d\u00e9but du projet\u00a0:<\/p>\n<p style=\"text-align: justify;\"><a href=\"https:\/\/cimbcc.org\/test2\/recuperation-de-materiel-informatique-et-electronique-fevrier-2013\/tableau_wpearce_2013-02-25-image\" rel=\"attachment wp-att-4984\"><img loading=\"lazy\" decoding=\"async\" class=\"aligncenter size-full wp-image-4984\" src=\"https:\/\/cimbcc.org\/test2\/wp-content\/uploads\/Tableau_WPearce_2013-02-25-image.jpg\" alt=\"Tableau_WPearce_2013-02-25 image\" width=\"792\" height=\"371\" srcset=\"https:\/\/cimbcc.org\/test2\/wp-content\/uploads\/Tableau_WPearce_2013-02-25-image.jpg 792w, https:\/\/cimbcc.org\/test2\/wp-content\/uploads\/Tableau_WPearce_2013-02-25-image-300x140.jpg 300w\" sizes=\"auto, (max-width: 792px) 100vw, 792px\" \/><\/a><i style=\"font-size: small;\">*Pas de d\u00e9tail.<br \/>\n<i style=\"font-size: small;\"><i>Note\u00a0: Les \u00e9crans ont \u00e9t\u00e9 envoy\u00e9s au recyclage.<\/i><\/i><\/i><\/p>\n<p style=\"text-align: justify;\">Nous encourageons les membres du grand Longueuil \u00e0 apporter tout mat\u00e9riel \u00e9lectronique et \u00e9lectrique ainsi que les fils et les fiches de raccordement \u00e0 l\u2019\u00e9cocentre de Saint-Bruno,\u00a0<em id=\"__mceDel\">situ\u00e9 au 600, rue Sagard (t\u00e9l.\u00a0: 450\u00a0645-2960 &#8211; pour obtenir les heures d\u2019ouverture).<\/em><\/p>\n<p style=\"text-align: justify;\">\u00a0Nous tenons \u00e0 f\u00e9liciter et \u00e0 remercier Jacques, Octave et Pierre pour leur excellent travail ainsi que la Ville de Saint-Bruno qui contribue financi\u00e8rement au service de r\u00e9cup\u00e9ration, dont le co\u00fbt augmente avec le volume.<\/p>\n<p>Walter Pearce, tr\u00e9sorier CIMBCC<br \/>\nParrain du projet r\u00e9cup\u00e9ration<\/p>\n","protected":false},"excerpt":{"rendered":"<p>J\u2019aimerais vous entretenir d\u2019un projet initi\u00e9 par un membre de notre Club, Pierre St-Aubin. En 2003, Pierre \u00e9tait tr\u00e8s pr\u00e9occup\u00e9 lorsque venait le jour du ramassage des vidanges et qu\u2019il voyait tout ce que les gens mettaient au rebut. Ainsi naquit l\u2019id\u00e9e d\u2019un projet de r\u00e9cup\u00e9ration du mat\u00e9riel informatique. Pierre en discuta avec les membres &hellip; <a href=\"https:\/\/cimbcc.org\/test2\/recuperation-de-materiel-informatique-et-electronique-fevrier-2013\/\" class=\"more-link\">Continuer la lecture de <span class=\"screen-reader-text\">Projet de r\u00e9cup\u00e9ration de mat\u00e9riel informatique et \u00e9lectronique<\/span>  <span class=\"meta-nav\">&rarr;<\/span><\/a><\/p>\n","protected":false},"author":43,"featured_media":0,"comment_status":"open","ping_status":"closed","sticky":false,"template":"","format":"standard","meta":{"footnotes":""},"categories":[402],"tags":[112,111,110],"class_list":["post-4941","post","type-post","status-publish","format-standard","hentry","category-activites-du-club","tag-achat","tag-dons","tag-recuperation"],"_links":{"self":[{"href":"https:\/\/cimbcc.org\/test2\/wp-json\/wp\/v2\/posts\/4941","targetHints":{"allow":["GET"]}}],"collection":[{"href":"https:\/\/cimbcc.org\/test2\/wp-json\/wp\/v2\/posts"}],"about":[{"href":"https:\/\/cimbcc.org\/test2\/wp-json\/wp\/v2\/types\/post"}],"author":[{"embeddable":true,"href":"https:\/\/cimbcc.org\/test2\/wp-json\/wp\/v2\/users\/43"}],"replies":[{"embeddable":true,"href":"https:\/\/cimbcc.org\/test2\/wp-json\/wp\/v2\/comments?post=4941"}],"version-history":[{"count":55,"href":"https:\/\/cimbcc.org\/test2\/wp-json\/wp\/v2\/posts\/4941\/revisions"}],"predecessor-version":[{"id":26170,"href":"https:\/\/cimbcc.org\/test2\/wp-json\/wp\/v2\/posts\/4941\/revisions\/26170"}],"wp:attachment":[{"href":"https:\/\/cimbcc.org\/test2\/wp-json\/wp\/v2\/media?parent=4941"}],"wp:term":[{"taxonomy":"category","embeddable":true,"href":"https:\/\/cimbcc.org\/test2\/wp-json\/wp\/v2\/categories?post=4941"},{"taxonomy":"post_tag","embeddable":true,"href":"https:\/\/cimbcc.org\/test2\/wp-json\/wp\/v2\/tags?post=4941"}],"curies":[{"name":"wp","href":"https:\/\/api.w.org\/{rel}","templated":true}]}}