{"id":49681,"date":"2024-07-31T08:00:28","date_gmt":"2024-07-31T12:00:28","guid":{"rendered":"https:\/\/cimbcc.org\/test2\/?p=49681"},"modified":"2024-07-31T08:20:34","modified_gmt":"2024-07-31T12:20:34","slug":"la-colline-delancourt-et-les-jeux-olympiques-2024","status":"publish","type":"post","link":"https:\/\/cimbcc.org\/test2\/la-colline-delancourt-et-les-jeux-olympiques-2024\/","title":{"rendered":"La Colline d\u2019\u00c9lancourt et les Jeux olympiques 2024"},"content":{"rendered":"<figure id=\"attachment_38542\" aria-describedby=\"caption-attachment-38542\" style=\"width: 125px\" class=\"wp-caption aligncenter\"><img loading=\"lazy\" decoding=\"async\" class=\"size-full wp-image-38542\" src=\"https:\/\/cimbcc.org\/test2\/wp-content\/uploads\/photo_robert_lapointe.jpg\" alt=\"\" width=\"125\" height=\"111\" \/><figcaption id=\"caption-attachment-38542\" class=\"wp-caption-text\"><span style=\"color: #ffffff;\">mnm<\/span>Robert Lapointe<\/figcaption><\/figure>\n<p style=\"text-align: justify;\">Connaissez-vous la Colline d\u2019\u00c9lancourt ? C&rsquo;est l&rsquo;endroit o\u00f9 se tiennent les \u00e9preuves de v\u00e9los de montagne des Jeux olympiques 2024.<\/p>\n<p>Vous trouverez quelques informations int\u00e9ressantes en lien avec ce site dans les prochains paragraphes.<\/p>\n<p><!--more--><\/p>\n<figure id=\"attachment_49683\" aria-describedby=\"caption-attachment-49683\" style=\"width: 1178px\" class=\"wp-caption aligncenter\"><img loading=\"lazy\" decoding=\"async\" class=\"size-full wp-image-49683\" src=\"https:\/\/cimbcc.org\/test2\/wp-content\/uploads\/chip_2024_08_elancourt_1.jpg\" alt=\"\" width=\"1178\" height=\"764\" srcset=\"https:\/\/cimbcc.org\/test2\/wp-content\/uploads\/chip_2024_08_elancourt_1.jpg 1178w, https:\/\/cimbcc.org\/test2\/wp-content\/uploads\/chip_2024_08_elancourt_1-300x195.jpg 300w, https:\/\/cimbcc.org\/test2\/wp-content\/uploads\/chip_2024_08_elancourt_1-1024x664.jpg 1024w, https:\/\/cimbcc.org\/test2\/wp-content\/uploads\/chip_2024_08_elancourt_1-768x498.jpg 768w\" sizes=\"auto, (max-width: 1178px) 100vw, 1178px\" \/><figcaption id=\"caption-attachment-49683\" class=\"wp-caption-text\">\u00a9 2024 Google Earth<\/figcaption><\/figure>\n<p style=\"text-align: justify;\">Cette colline est localis\u00e9e dans la commune d\u2019\u00c9lancourt du d\u00e9partement des Yvelines, en r\u00e9gion de l\u2019\u00cele-de-France. Elle fait partie de la Communaut\u00e9 d&rsquo;agglom\u00e9ration de Saint-Quentin-en-Yvelines. \u00c0 vol d&rsquo;oiseau, la commune est situ\u00e9e \u00e0 29,5 km \u00e0 l&rsquo;ouest de Paris et \u00e0 environ 16 km \u00e0 l&rsquo;ouest de Versailles.<\/p>\n<p style=\"text-align: justify;\">Vous trouverez beaucoup de donn\u00e9es historiques et d&rsquo;anecdotes int\u00e9ressantes \u00e0 propos de la Colline d\u2019\u00c9lancourt dans <a href=\"https:\/\/fr.wikipedia.org\/wiki\/Colline_d%27%C3%89lancourt\" target=\"_blank\" rel=\"noopener\">cet article<\/a> de Wikip\u00e9dia. Les points les plus pertinents de ce texte sont repris dans les paragraphes suivants.<\/p>\n<p style=\"text-align: justify; padding-left: 40px;\"><em>En 1881, il s&rsquo;y trouve une maison isol\u00e9e, un entrepreneur de travaux publics et sa famille, un contrema\u00eetre et un casseur de pierre. Ils exploitent une carri\u00e8re de pierres meuli\u00e8res. En 1906, la maison abrite deux casseurs de pierre, un cimentier, un charretier et sa femme.<\/em><\/p>\n<p style=\"text-align: justify; padding-left: 40px;\"><em>Apr\u00e8s la Seconde Guerre mondiale, l&rsquo;exploitation de la carri\u00e8re cesse peu \u00e0 peu, elle devient une d\u00e9charge d&rsquo;ordures m\u00e9nag\u00e8res pour Versailles, Saint-Cyr, Trappes et Bois-d&rsquo;Arcy. En 1972, cette d\u00e9charge s&rsquo;\u00e9tend sur 59 hectares. Elle est ferm\u00e9e en 1974 avec l&rsquo;ouverture de l&rsquo;usine de traitement et d&rsquo;incin\u00e9ration des d\u00e9chets de Thiverval-Grignon.<\/em><\/p>\n<p style=\"text-align: justify; padding-left: 40px;\"><em>Cette colline artificielle a \u00e9t\u00e9 aliment\u00e9e par-dessus la d\u00e9charge par les d\u00e9blais des excavations et les d\u00e9chets, la terre, les gravats des travaux d&rsquo;am\u00e9nagement de la ville nouvelle de Saint-Quentin-en-Yvelines et \u00e9galement des activit\u00e9s de casse automobile qui ont eu lieu de 1967 \u00e0 1994.<\/em><\/p>\n<p style=\"text-align: justify; padding-left: 40px;\"><em>La colline atteint son point culminant en 1992 et devient, apr\u00e8s am\u00e9nagement et verdissement, un point de rep\u00e8re \u00e9cologique et le support d&rsquo;activit\u00e9s sportives.<\/em><\/p>\n<p>Le <a href=\"https:\/\/elancourt.fr\/les-grands-projets\/2#\" target=\"_blank\" rel=\"noopener\">site Web<\/a>\u00a0d&rsquo;\u00c9lancourt mentionne ce qui suit.<\/p>\n<p style=\"padding-left: 40px; text-align: justify;\"><em>\u00ab La Colline d&rsquo;\u00c9lancourt, point culminant d&rsquo;\u00cele-de-France, \u00e0 230 m\u00e8tres d&rsquo;altitude, a \u00e9t\u00e9 officiellement s\u00e9lectionn\u00e9e le 20 d\u00e9cembre 2020 par Paris 2024, en tant que site h\u00f4te des Jeux Olympiques 2024 (&#8230;). Pour pouvoir accueillir les \u00e9preuves de VTT, la colline d&rsquo;\u00c9lancourt b\u00e9n\u00e9ficie en 2023 et 2024 d&rsquo;un am\u00e9nagement avec la cr\u00e9ation d&rsquo;un parc sportif et paysager. \u00bb<\/em><\/p>\n<figure id=\"attachment_49684\" aria-describedby=\"caption-attachment-49684\" style=\"width: 1024px\" class=\"wp-caption aligncenter\"><a href=\"https:\/\/cimbcc.org\/test2\/wp-content\/uploads\/chip_2024_08_elancourt_2.jpg\" target=\"_blank\" rel=\"noopener\"><img loading=\"lazy\" decoding=\"async\" class=\"size-full wp-image-49684\" src=\"https:\/\/cimbcc.org\/test2\/wp-content\/uploads\/chip_2024_08_elancourt_2.jpg\" alt=\"\" width=\"1024\" height=\"707\" srcset=\"https:\/\/cimbcc.org\/test2\/wp-content\/uploads\/chip_2024_08_elancourt_2.jpg 1024w, https:\/\/cimbcc.org\/test2\/wp-content\/uploads\/chip_2024_08_elancourt_2-300x207.jpg 300w, https:\/\/cimbcc.org\/test2\/wp-content\/uploads\/chip_2024_08_elancourt_2-768x530.jpg 768w\" sizes=\"auto, (max-width: 1024px) 100vw, 1024px\" \/><\/a><figcaption id=\"caption-attachment-49684\" class=\"wp-caption-text\">Cliquez sur l&rsquo;image pour l&rsquo;agrandir<\/figcaption><\/figure>\n<p style=\"text-align: justify;\">En 2023, la colline a \u00e9t\u00e9 mod\u00e9lis\u00e9e en 3D gr\u00e2ce \u00e0 la technologie <a href=\"https:\/\/geoservices.ign.fr\/lidarhd\" target=\"_blank\" rel=\"noopener\">LiDAR HD<\/a> dans le cadre d&rsquo;un\u00a0<a href=\"https:\/\/www.ign.fr\/institut\/lidar-hd-vers-une-nouvelle-cartographie-3d-du-territoire\" target=\"_blank\" rel=\"noopener\"><strong>programme<\/strong><\/a> visant \u00e0 cartographier toute la France en trois dimensions.<\/p>\n<p style=\"text-align: justify;\">Il s&rsquo;agit maintenant d&rsquo;un lieu magnifique am\u00e9nag\u00e9 en site d\u2019\u00e9preuves pour les Jeux olympiques 2024. <a href=\"https:\/\/ici.radio-canada.ca\/jeux-olympiques\/nouvelle\/2092366\/velo-montagne-tom-pidcock-or#:~:text=Tom%20Pidcock%20remporte%20une%202e%20m%C3%A9daille%20d'or%20en%20v%C3%A9lo,devant%20le%20Fran%C3%A7ais%20Victor%20Koretzky.\">Tom Pidcock y a remport\u00e9 le 29 juillet 2024 une double m\u00e9daille d\u2019or olympique<\/a> en v\u00e9lo de montagne.<\/p>\n<figure id=\"attachment_49696\" aria-describedby=\"caption-attachment-49696\" style=\"width: 570px\" class=\"wp-caption aligncenter\"><img loading=\"lazy\" decoding=\"async\" class=\"size-full wp-image-49696\" src=\"https:\/\/cimbcc.org\/test2\/wp-content\/uploads\/chip_2024_08_elancourt_3.jpg\" alt=\"\" width=\"570\" height=\"391\" srcset=\"https:\/\/cimbcc.org\/test2\/wp-content\/uploads\/chip_2024_08_elancourt_3.jpg 570w, https:\/\/cimbcc.org\/test2\/wp-content\/uploads\/chip_2024_08_elancourt_3-300x206.jpg 300w\" sizes=\"auto, (max-width: 570px) 100vw, 570px\" \/><figcaption id=\"caption-attachment-49696\" class=\"wp-caption-text\">Le Canadien Gunnar Holmgren participait \u00e0 ses premiers Jeux olympiques \u00e0 la Colline d&rsquo;\u00c9lancourt, en banlieue de Paris, lundi 29 juillet 2024.<br \/><a href=\"https:\/\/ici.radio-canada.ca\/jeux-olympiques\/nouvelle\/2092366\/velo-montagne-tom-pidcock-or#:~:text=Tom%20Pidcock%20remporte%20une%202e%20m%C3%A9daille%20d'or%20en%20v%C3%A9lo,devant%20le%20Fran%C3%A7ais%20Victor%20Koretzky.\" target=\"_blank\" rel=\"noopener\">Photo<\/a> : Getty Images \/ Jared C. Tilton<\/figcaption><\/figure>\n<p>Robert Lapointe<\/p>\n","protected":false},"excerpt":{"rendered":"<p>Connaissez-vous la Colline d\u2019\u00c9lancourt ? C&rsquo;est l&rsquo;endroit o\u00f9 se tiennent les \u00e9preuves de v\u00e9los de montagne des Jeux olympiques 2024. Vous trouverez quelques informations int\u00e9ressantes en lien avec ce site dans les prochains paragraphes.<\/p>\n","protected":false},"author":43,"featured_media":0,"comment_status":"open","ping_status":"closed","sticky":false,"template":"","format":"standard","meta":{"footnotes":""},"categories":[1897],"tags":[2112,2111,2113,156,2114,2115],"class_list":["post-49681","post","type-post","status-publish","format-standard","hentry","category-chronique-historique","tag-colline-delancourt","tag-jeux-olympiques","tag-paris-2024","tag-velo","tag-velo-de-montagne","tag-vtt"],"_links":{"self":[{"href":"https:\/\/cimbcc.org\/test2\/wp-json\/wp\/v2\/posts\/49681","targetHints":{"allow":["GET"]}}],"collection":[{"href":"https:\/\/cimbcc.org\/test2\/wp-json\/wp\/v2\/posts"}],"about":[{"href":"https:\/\/cimbcc.org\/test2\/wp-json\/wp\/v2\/types\/post"}],"author":[{"embeddable":true,"href":"https:\/\/cimbcc.org\/test2\/wp-json\/wp\/v2\/users\/43"}],"replies":[{"embeddable":true,"href":"https:\/\/cimbcc.org\/test2\/wp-json\/wp\/v2\/comments?post=49681"}],"version-history":[{"count":13,"href":"https:\/\/cimbcc.org\/test2\/wp-json\/wp\/v2\/posts\/49681\/revisions"}],"predecessor-version":[{"id":49702,"href":"https:\/\/cimbcc.org\/test2\/wp-json\/wp\/v2\/posts\/49681\/revisions\/49702"}],"wp:attachment":[{"href":"https:\/\/cimbcc.org\/test2\/wp-json\/wp\/v2\/media?parent=49681"}],"wp:term":[{"taxonomy":"category","embeddable":true,"href":"https:\/\/cimbcc.org\/test2\/wp-json\/wp\/v2\/categories?post=49681"},{"taxonomy":"post_tag","embeddable":true,"href":"https:\/\/cimbcc.org\/test2\/wp-json\/wp\/v2\/tags?post=49681"}],"curies":[{"name":"wp","href":"https:\/\/api.w.org\/{rel}","templated":true}]}}