{"id":49887,"date":"2024-08-05T17:00:37","date_gmt":"2024-08-05T21:00:37","guid":{"rendered":"https:\/\/cimbcc.org\/test2\/?p=49887"},"modified":"2024-08-05T19:43:56","modified_gmt":"2024-08-05T23:43:56","slug":"avoir-le-plein-controle-de-son-compte-facebook-partie-1-de-2","status":"publish","type":"post","link":"https:\/\/cimbcc.org\/test2\/avoir-le-plein-controle-de-son-compte-facebook-partie-1-de-2\/","title":{"rendered":"Avoir le plein contr\u00f4le de son compte Facebook &#8211; partie 1 de 2"},"content":{"rendered":"<figure id=\"attachment_49394\" aria-describedby=\"caption-attachment-49394\" style=\"width: 125px\" class=\"wp-caption aligncenter\"><img loading=\"lazy\" decoding=\"async\" class=\"size-full wp-image-49394\" src=\"https:\/\/cimbcc.org\/test2\/wp-content\/uploads\/photo_dion_celine.jpg\" alt=\"\" width=\"125\" height=\"138\" \/><figcaption id=\"caption-attachment-49394\" class=\"wp-caption-text\"><span style=\"color: #ffffff;\">mmmm<\/span>C\u00e9line Dion<\/figcaption><\/figure>\n<p style=\"text-align: justify;\">Mon premier r\u00e9seau social a \u00e9t\u00e9 le d\u00e9funt <a href=\"https:\/\/fr.wikipedia.org\/wiki\/Google%2B\" target=\"_blank\" rel=\"noopener\">Google+<\/a> (G+). \u00c0 l\u2019\u00e9poque, j&rsquo;aimais mieux le fonctionnement de G+ \u00e0 celui de <a href=\"https:\/\/fr.wikipedia.org\/wiki\/Facebook\" target=\"_blank\" rel=\"noopener\">Facebook<\/a>, dont j\u2019entendais dire toutes sortes de niaiseries qui s\u2019y publiaient, en plus d\u2019apprendre qu\u2019il n\u2019y avait pas d\u2019option pour modifier nos commentaires (offerte depuis 2012).<\/p>\n<p style=\"text-align: justify;\">Mais vint un jour o\u00f9 il fut avantageux pour moi, pour des raisons &#8230; sociales, de m\u2019y joindre.<\/p>\n<p style=\"text-align: justify;\">J\u2019ai commenc\u00e9 par m\u2019acheter un magazine informatique qui avait d\u00e9di\u00e9 son \u00e9dition sur une formation pour une \u00ab\u00a0saine\u00a0\u00bb utilisation de Facebook. Ceci m\u2019a donn\u00e9 de l\u2019assurance pour plonger dans cette grande famille.<\/p>\n<p style=\"text-align: justify;\">Mon but en \u00e9crivant deux chroniques est de mieux vous faire conna\u00eetre certaines fonctions du r\u00e9seau social Facebook, ainsi que quelques suggestions pour avoir le plein contr\u00f4le de votre compte Facebook. Parce que sur les r\u00e9seaux sociaux, soit on est organis\u00e9, soit on se fait organiser.<\/p>\n<p><!--more--><\/p>\n<hr \/>\n<h4 style=\"text-align: justify;\">Diff\u00e9rence entre une page et un compte personnel Facebook<\/h4>\n<p style=\"text-align: justify;\">On s\u2019<strong><u>abonne<\/u><\/strong> \u00e0 une page, tandis qu\u2019on devient \u00ab\u00a0<strong><u>ami<\/u><\/strong>\u00a0\u00bb avec le compte d\u2019une personne. Sur Facebook, \u00eatre \u00ab\u00a0ami\u00a0\u00bb implique la r\u00e9ciprocit\u00e9 du demandeur et du demand\u00e9.<\/p>\n<p style=\"text-align: justify;\">Par contre, tout comme le r\u00e9seau social X et sur Instagram (ce dernier appartient \u00e0 Meta, le m\u00eame propri\u00e9taire que Facebook d\u2019ailleurs), vous pouvez <strong>\u00ab suivre \u00bb<\/strong> (s\u2019abonner) ou <strong>\u00ab \u00eatre suivi\u00a0 par \u00bb<\/strong> un membre du r\u00e9seau, sans qu\u2019il y ait demande d\u2019ajout d\u2019amis, \u00e0 condition que cette fonction ait \u00e9t\u00e9 param\u00e9tr\u00e9e dans le profil Facebook :<\/p>\n<p><img loading=\"lazy\" decoding=\"async\" class=\"size-full wp-image-49927 aligncenter\" src=\"https:\/\/cimbcc.org\/test2\/wp-content\/uploads\/chip_2024_08_facebook_1_1m.jpg\" alt=\"\" width=\"1818\" height=\"825\" srcset=\"https:\/\/cimbcc.org\/test2\/wp-content\/uploads\/chip_2024_08_facebook_1_1m.jpg 1818w, https:\/\/cimbcc.org\/test2\/wp-content\/uploads\/chip_2024_08_facebook_1_1m-300x136.jpg 300w, https:\/\/cimbcc.org\/test2\/wp-content\/uploads\/chip_2024_08_facebook_1_1m-1024x465.jpg 1024w, https:\/\/cimbcc.org\/test2\/wp-content\/uploads\/chip_2024_08_facebook_1_1m-768x349.jpg 768w, https:\/\/cimbcc.org\/test2\/wp-content\/uploads\/chip_2024_08_facebook_1_1m-1536x697.jpg 1536w\" sizes=\"auto, (max-width: 1818px) 100vw, 1818px\" \/><\/p>\n<p style=\"text-align: justify;\">Pour suivre (s\u2019abonner) au fil de nouvelles de quelqu\u2019un sans \u00eatre amis : aller sur sa page, cliquer sur les trois petits points, puis sur <strong>\u00ab\u00a0s\u2019abonner \u00bb<\/strong>. Si cette personne a activ\u00e9 la fonction d\u2019abonnement en mode \u00ab public \u00bb, vous verrez l\u2019option \u00ab s\u2019abonner \u00bb dans le menu qui appara\u00eetra :<\/p>\n<p><img loading=\"lazy\" decoding=\"async\" class=\"size-full wp-image-49928 aligncenter\" src=\"https:\/\/cimbcc.org\/test2\/wp-content\/uploads\/chip_2024_08_facebook_1_2m.jpg\" alt=\"\" width=\"652\" height=\"473\" srcset=\"https:\/\/cimbcc.org\/test2\/wp-content\/uploads\/chip_2024_08_facebook_1_2m.jpg 652w, https:\/\/cimbcc.org\/test2\/wp-content\/uploads\/chip_2024_08_facebook_1_2m-300x218.jpg 300w\" sizes=\"auto, (max-width: 652px) 100vw, 652px\" \/><\/p>\n<p style=\"text-align: justify;\">En \u00ab aimant \u00bb une page Facebook, on s\u2019y abonne, mais la page Facebook, elle, n\u2019\u00ab aime \u00bb personne.<\/p>\n<hr \/>\n<h4>Listes et groupes<\/h4>\n<h5><em>Listes<\/em><\/h5>\n<p style=\"text-align: justify;\">Il arrive que notre publication ne concerne pas tous vos contacts Facebook. C\u2019est pour cette raison que je trouve tr\u00e8s pratique de cr\u00e9er des listes pour classer nos contacts. Ainsi, nous pouvons cibler nos publications en les diffusant \u00e0 une ou des listes concern\u00e9es par notre publication, au lieu de la publier \u00e0 tout notre r\u00e9seau, c\u2019est-\u00e0-dire en mode \u00ab Public \u00bb, soit celui par d\u00e9faut.<\/p>\n<p style=\"text-align: justify;\">Par exemple, vous voulez annoncer un \u00e9v\u00e9nement du c\u00f4t\u00e9 de votre famille maternelle, comme un d\u00e9c\u00e8s. Inutile que votre annonce soit publi\u00e9e en mode \u00ab public \u00bb, puisque \u00e7a ne concerne \u2013 et n\u2019int\u00e9resse &#8211; que vos parents communs avec le d\u00e9c\u00e9d\u00e9.<\/p>\n<p style=\"text-align: justify;\">Voici des exemples de listes :<\/p>\n<ul>\n<li>Parent\u00e9 maternelle<\/li>\n<li>Parent\u00e9 paternelle<\/li>\n<li>CIMBCC<\/li>\n<li>Voisinage<\/li>\n<li>Amis \u00e0 l\u2019\u00e9tranger\u00a0(je ne leur publierai pas des nouvelles qui ne concernent que le Qu\u00e9bec)<\/li>\n<\/ul>\n<p>Pour publier \u00e0 une ou des listes\u00a0:<\/p>\n<p>1) Ici, l&rsquo;option \u00ab Public \u00bb est choisie sous \u00ab Cr\u00e9er une publication \u00bb.<img loading=\"lazy\" decoding=\"async\" class=\"size-full wp-image-49929 aligncenter\" src=\"https:\/\/cimbcc.org\/test2\/wp-content\/uploads\/chip_2024_08_facebook_1_3m.jpg\" alt=\"\" width=\"520\" height=\"358\" srcset=\"https:\/\/cimbcc.org\/test2\/wp-content\/uploads\/chip_2024_08_facebook_1_3m.jpg 520w, https:\/\/cimbcc.org\/test2\/wp-content\/uploads\/chip_2024_08_facebook_1_3m-300x207.jpg 300w\" sizes=\"auto, (max-width: 520px) 100vw, 520px\" \/><\/p>\n<p style=\"text-align: justify;\">2) Comme vous le remarquerez dans le menu ci-dessous, vous pouvez \u00e9galement publier en ciblant des personnes en particulier, sans vous servir de listes, mais simplement en choisissant l\u2019option \u00ab certains amis \u00bb.<\/p>\n<p style=\"text-align: justify;\"><img loading=\"lazy\" decoding=\"async\" class=\"size-full wp-image-49930 aligncenter\" src=\"https:\/\/cimbcc.org\/test2\/wp-content\/uploads\/chip_2024_08_facebook_1_4m.jpg\" alt=\"\" width=\"526\" height=\"922\" srcset=\"https:\/\/cimbcc.org\/test2\/wp-content\/uploads\/chip_2024_08_facebook_1_4m.jpg 526w, https:\/\/cimbcc.org\/test2\/wp-content\/uploads\/chip_2024_08_facebook_1_4m-171x300.jpg 171w\" sizes=\"auto, (max-width: 526px) 100vw, 526px\" \/>3) L\u2019option \u00ab Confidentialit\u00e9 personnalis\u00e9e \u00bb vous permet d\u2019exclure des contacts ou des listes :<img loading=\"lazy\" decoding=\"async\" class=\"size-full wp-image-49931 aligncenter\" src=\"https:\/\/cimbcc.org\/test2\/wp-content\/uploads\/chip_2024_08_facebook_1_5m.jpg\" alt=\"\" width=\"726\" height=\"801\" srcset=\"https:\/\/cimbcc.org\/test2\/wp-content\/uploads\/chip_2024_08_facebook_1_5m.jpg 726w, https:\/\/cimbcc.org\/test2\/wp-content\/uploads\/chip_2024_08_facebook_1_5m-272x300.jpg 272w\" sizes=\"auto, (max-width: 726px) 100vw, 726px\" \/><\/p>\n<h5><em>Groupe<\/em><\/h5>\n<p style=\"text-align: justify;\">Alors que les listes sont comparables \u00e0 des classeurs de nos contacts, les groupes peuvent se comparer \u00e0 une cellule d\u2019utilisateurs Facebook, qui choisissent de joindre un groupe. Un mini-r\u00e9seau dans le grand r\u00e9seau Facebook.<\/p>\n<p style=\"text-align: justify;\">On peut joindre un groupe Facebook soit en acceptant l\u2019invitation d\u2019un membre de ce groupe, soit en faisant la demande pour \u00ab\u00a0joindre ce groupe\u00a0\u00bb.<\/p>\n<p style=\"text-align: justify;\">Ce groupe peut \u00eatre priv\u00e9 ou public. Si le groupe est priv\u00e9, seuls les membres de ce groupe peuvent voir les publications et interagir. Il s\u2019agit habituellement de groupes qui veulent \u00e9changer sur un int\u00e9r\u00eat commun.<\/p>\n<p style=\"text-align: justify;\">Lorsqu\u2019on cr\u00e9e un groupe, beaucoup de possibilit\u00e9s sont disponibles dans le menu. On peut, entre autres, y publier des documents, cr\u00e9er des \u00e9v\u00e9nements, etc. Le cr\u00e9ateur du groupe devient l\u2019administrateur et le mod\u00e9rateur du groupe, mais il peut en nommer d\u2019autres. C\u2019est lui qui cr\u00e9e les r\u00e8gles du groupe et qui accepte ou refuse les demandes d\u2019ajouts au groupe.<\/p>\n<hr \/>\n<h4>La suite dans le prochain article<\/h4>\n<p style=\"text-align: justify;\">La seconde partie de cette chronique abordera le contr\u00f4le des commentaires sur notre fil d\u2019actualit\u00e9 ainsi que les publications de nos amis, les faux profils et les comptes pirat\u00e9s, de m\u00eame que comment supprimer son compte Facebook.<\/p>\n<p>C\u00e9line Dion<\/p>\n","protected":false},"excerpt":{"rendered":"<p>Mon premier r\u00e9seau social a \u00e9t\u00e9 le d\u00e9funt Google+ (G+). \u00c0 l\u2019\u00e9poque, j&rsquo;aimais mieux le fonctionnement de G+ \u00e0 celui de Facebook, dont j\u2019entendais dire toutes sortes de niaiseries qui s\u2019y publiaient, en plus d\u2019apprendre qu\u2019il n\u2019y avait pas d\u2019option pour modifier nos commentaires (offerte depuis 2012). Mais vint un jour o\u00f9 il fut avantageux &hellip; <a href=\"https:\/\/cimbcc.org\/test2\/avoir-le-plein-controle-de-son-compte-facebook-partie-1-de-2\/\" class=\"more-link\">Continuer la lecture de <span class=\"screen-reader-text\">Avoir le plein contr\u00f4le de son compte Facebook &#8211; partie 1 de 2<\/span>  <span class=\"meta-nav\">&rarr;<\/span><\/a><\/p>\n","protected":false},"author":43,"featured_media":0,"comment_status":"open","ping_status":"closed","sticky":false,"template":"","format":"standard","meta":{"footnotes":""},"categories":[403],"tags":[2120,20,740,741,2121],"class_list":["post-49887","post","type-post","status-publish","format-standard","hentry","category-applications","tag-compte-facebook","tag-facebook","tag-groupe","tag-liste","tag-page-facebook"],"_links":{"self":[{"href":"https:\/\/cimbcc.org\/test2\/wp-json\/wp\/v2\/posts\/49887","targetHints":{"allow":["GET"]}}],"collection":[{"href":"https:\/\/cimbcc.org\/test2\/wp-json\/wp\/v2\/posts"}],"about":[{"href":"https:\/\/cimbcc.org\/test2\/wp-json\/wp\/v2\/types\/post"}],"author":[{"embeddable":true,"href":"https:\/\/cimbcc.org\/test2\/wp-json\/wp\/v2\/users\/43"}],"replies":[{"embeddable":true,"href":"https:\/\/cimbcc.org\/test2\/wp-json\/wp\/v2\/comments?post=49887"}],"version-history":[{"count":17,"href":"https:\/\/cimbcc.org\/test2\/wp-json\/wp\/v2\/posts\/49887\/revisions"}],"predecessor-version":[{"id":49935,"href":"https:\/\/cimbcc.org\/test2\/wp-json\/wp\/v2\/posts\/49887\/revisions\/49935"}],"wp:attachment":[{"href":"https:\/\/cimbcc.org\/test2\/wp-json\/wp\/v2\/media?parent=49887"}],"wp:term":[{"taxonomy":"category","embeddable":true,"href":"https:\/\/cimbcc.org\/test2\/wp-json\/wp\/v2\/categories?post=49887"},{"taxonomy":"post_tag","embeddable":true,"href":"https:\/\/cimbcc.org\/test2\/wp-json\/wp\/v2\/tags?post=49887"}],"curies":[{"name":"wp","href":"https:\/\/api.w.org\/{rel}","templated":true}]}}