{"id":49959,"date":"2024-08-11T19:00:46","date_gmt":"2024-08-11T23:00:46","guid":{"rendered":"https:\/\/cimbcc.org\/test2\/?p=49959"},"modified":"2024-08-11T19:35:12","modified_gmt":"2024-08-11T23:35:12","slug":"mot-du-president-aout-2024","status":"publish","type":"post","link":"https:\/\/cimbcc.org\/test2\/mot-du-president-aout-2024\/","title":{"rendered":"Mot du pr\u00e9sident &#8211; ao\u00fbt 2024"},"content":{"rendered":"<figure id=\"attachment_35278\" aria-describedby=\"caption-attachment-35278\" style=\"width: 125px\" class=\"wp-caption aligncenter\"><img loading=\"lazy\" decoding=\"async\" class=\"size-full wp-image-35278\" src=\"https:\/\/cimbcc.org\/test2\/wp-content\/uploads\/photo_cote_rejean.jpg\" alt=\"\" width=\"125\" height=\"125\" \/><figcaption id=\"caption-attachment-35278\" class=\"wp-caption-text\"><span style=\"color: #ffffff;\">mmm<\/span>R\u00e9jean C\u00f4t\u00e9<\/figcaption><\/figure>\n<p style=\"text-align: justify;\">Les activit\u00e9s du CIMBCC d\u00e9buteront sous peu. Nous sommes toujours aussi motiv\u00e9s \u00e0 offrir une session d\u2019automne int\u00e9ressante aux membres du Club.<\/p>\n<p style=\"text-align: justify;\">Dans cet article, il sera question de la pr\u00e9sence du CIMBCC au march\u00e9 public de Saint-Bruno le 31 ao\u00fbt, de la journ\u00e9e d&rsquo;information du 3 septembre, des s\u00e9ances du mercredi et du vendredi ainsi que des ateliers de l&rsquo;automne 2024.<\/p>\n<p><!--more--><\/p>\n<hr \/>\n<h4><strong>Pour commencer\u00a0<\/strong><\/h4>\n<p style=\"text-align: justify;\">Le Club tiendra un <strong>kiosque<\/strong> au <a href=\"https:\/\/stbruno.ca\/loisirs-et-culture\/evenements\/marche-public-de-saint-bruno\/\" target=\"_blank\" rel=\"noopener\">march\u00e9 public de Saint-Bruno<\/a> le <span style=\"color: #ff0000;\"><strong>samedi\u00a031\u00a0ao\u00fbt<\/strong><\/span>. L\u2019objectif est de faire la promotion du Club aupr\u00e8s de la population et d\u2019inviter les concitoyens \u00e0 assister \u00e0 la <em>Journ\u00e9e d\u2019information<\/em> du 3\u00a0septembre.<\/p>\n<p style=\"text-align: justify;\">Un article sera propos\u00e9 aux <strong>journaux locaux<\/strong> pour faire conna\u00eetre le Club et inviter la population \u00e0 la <em>Journ\u00e9e d\u2019information<\/em> du mardi\u00a03\u00a0septembre. Cet article invitera aussi les lecteurs \u00e0 d\u00e9couvrir le Club en assistant gratuitement aux s\u00e9ances de pr\u00e9sentations du mois de septembre. Pour plus d\u2019information consulter la page suivante\u00a0: <a href=\"https:\/\/cimbcc.org\/test2\/invitation\" target=\"_blank\" rel=\"noopener\">cimbcc.org\/invitation<\/a>.<\/p>\n<hr \/>\n<h4 style=\"text-align: justify;\"><strong>La <em>Journ\u00e9e d\u2019information<\/em> \u2013 mardi\u00a03\u00a0septembre 2024\u00a0<\/strong><\/h4>\n<p style=\"text-align: justify;\">La <em>Journ\u00e9e d\u2019information <\/em>annuelle se tiendra encore cette ann\u00e9e au <a href=\"https:\/\/cimbcc.org\/test2\/partage-de-connaissances\/les-presentations-du-mercredi-et-du-vendredi\/chalet-marie-victorin-saint-bruno\" target=\"_blank\" rel=\"noopener\"><strong>Chalet Marie-Victorin<\/strong><\/a> (1150, rue Marie-Victorin, Saint-Bruno)<strong>, <\/strong>le <span style=\"color: #ff0000;\"><strong>mardi\u00a03\u00a0septembre<\/strong> <strong>de 13\u00a0h\u00a030 \u00e0 16\u00a0h<\/strong><\/span>. La coordonnatrice de cette journ\u00e9e, M<sup>me<\/sup>\u00a0Nicole Comtois, et une \u00e9quipe de b\u00e9n\u00e9voles y accueilleront les membres et les visiteurs.<\/p>\n<p style=\"text-align: justify;\">Comme chaque ann\u00e9e, il y aura une courte pr\u00e9sentation sur les services offerts par le Club. Cette pr\u00e9sentation d\u2019environ une heure et quart sera anim\u00e9e par Michel\u00a0Gagn\u00e9 et d\u00e9butera \u00e0 14\u00a0h. Elle sera r\u00e9p\u00e9t\u00e9e en ligne le soir m\u00eame, \u00e0 compter de 19\u00a0h\u00a030. Les membres recevront dans le courriel hebdomadaire pr\u00e9c\u00e9dent un lien pour se connecter \u00e0 Zoom afin d\u2019assister \u00e0 cette vid\u00e9oconf\u00e9rence.<\/p>\n<p style=\"text-align: justify;\">Je propose aux membres qui viendront \u00e0 la <em>Journ\u00e9e d\u2019information <\/em>d\u2019y amener parents et amis, afin qu\u2019ils d\u00e9couvrent l\u2019impressionnante offre de services du Club et qu\u2019ils puissent en devenir membres.<\/p>\n<hr \/>\n<h4 style=\"text-align: justify;\"><strong>Les s\u00e9ances du mercredi et du vendredi<\/strong><\/h4>\n<p style=\"text-align: justify;\">Sous la coordination de Guy B\u00e9langer, de C\u00e9line Dufresne et de Pierre Jutras, le Club vous proposera cette ann\u00e9e plus de 50 <a href=\"https:\/\/cimbcc.org\/test2\/partage-de-connaissances\/les-presentations-du-mercredi-et-du-vendredi\" target=\"_blank\" rel=\"noopener\">pr\u00e9sentations<\/a> sur divers sujets reli\u00e9s \u00e0 l\u2019informatique.<\/p>\n<h5 style=\"text-align: justify;\"><em><strong>Cet automne<\/strong><\/em><\/h5>\n<ul>\n<li style=\"text-align: justify;\">Les membres pourront assister aux s\u00e9ances de la <a href=\"https:\/\/cimbcc.org\/test2\/wp-content\/uploads\/calendrier_serie_facile.pdf\" target=\"_blank\" rel=\"noopener\"><strong>s\u00e9rie <em>Facile<\/em><\/strong><\/a> le <strong>vendredi apr\u00e8s-midi<\/strong>, au <a href=\"https:\/\/cimbcc.org\/test2\/partage-de-connaissances\/les-presentations-du-mercredi-et-du-vendredi\/chalet-marie-victorin-saint-bruno\" target=\"_blank\" rel=\"noopener\">Chalet Marie-Victorin<\/a> et en ligne avec Zoom, car ces s\u00e9ances se d\u00e9rouleront <strong>simultan\u00e9ment en salle et par vid\u00e9oconf\u00e9rence<\/strong> d\u00e8s 13\u00a0h\u00a015.<\/li>\n<li style=\"text-align: justify;\">Les s\u00e9ances de la <a href=\"https:\/\/cimbcc.org\/test2\/wp-content\/uploads\/calendrier_serie_decouverte.pdf\" target=\"_blank\" rel=\"noopener\"><strong>s\u00e9rie <em>D\u00e9couverte <\/em><\/strong><\/a>se d\u00e9rouleront le <strong>mercredi soir<\/strong> d\u00e8s 19\u00a0h\u00a030, exclusivement <strong>en ligne<\/strong> avec Zoom.<\/li>\n<\/ul>\n<h5 style=\"text-align: justify;\"><em><strong>L\u2019hiver prochain<\/strong>\u00a0<\/em><\/h5>\n<ul style=\"text-align: justify;\">\n<li>La <strong>s\u00e9rie <em>Facile<\/em><\/strong> sera pr\u00e9sent\u00e9e le mercredi soir par vid\u00e9oconf\u00e9rence. Chaque s\u00e9ance d\u00e9butera \u00e0 19\u00a0h\u00a030 en utilisant Zoom.<\/li>\n<li>Les membres pourront assister le vendredi aux s\u00e9ances de la<em> <strong>s\u00e9rie<\/strong> <\/em><strong><em>D\u00e9couverte. <\/em><\/strong>Chaque s\u00e9ance d\u00e9butera \u00e0 13\u00a0h\u00a015 et se d\u00e9roulera simultan\u00e9ment au Chalet Marie-Victorin et en ligne avec Zoom.<\/li>\n<\/ul>\n<p style=\"text-align: justify;\">Lorsqu\u2019une s\u00e9ance sera propos\u00e9e en vid\u00e9oconf\u00e9rence avec Zoom, le lien pour s\u2019y connecter sera inclus dans le <strong>message hebdomadaire<\/strong> qui sera envoy\u00e9 aux membres la fin de semaine pr\u00e9c\u00e9dente. Chaque s\u00e9ance durera environ 2\u00a0h\u00a010.<\/p>\n<p style=\"text-align: justify;\">Certains sujets populaires seront de retour cette ann\u00e9e, mais plusieurs nouveaut\u00e9s sont \u00e9galement pr\u00e9vues. Pour en apprendre davantage, je vous invite \u00e0 lire l\u2019article de Guy B\u00e9langer qui sera publi\u00e9 le 19\u00a0ao\u00fbt dans le CHIP.<\/p>\n<p style=\"text-align: justify;\">Vous pouvez d\u00e9j\u00e0 consulter les calendriers des s\u00e9ances pr\u00e9vues cette ann\u00e9e en cliquant sur un de ces boutons <img loading=\"lazy\" decoding=\"async\" class=\"size-full wp-image-49966 alignnone\" src=\"https:\/\/cimbcc.org\/test2\/wp-content\/uploads\/chip_2024_08_president_1a.jpg\" alt=\"\" width=\"71\" height=\"30\" \/>\u00a0\u00e0 la droite de la page d\u2019accueil du <a href=\"https:\/\/cimbcc.org\/test2\/\" target=\"_blank\" rel=\"noopener\">site Web du Club<\/a>.<\/p>\n<hr \/>\n<h4><strong>Les ateliers\u00a0de l\u2019automne\u00a02024<\/strong><\/h4>\n<p style=\"text-align: justify;\">Les douze ateliers offerts cet automne sont d\u00e9j\u00e0 d\u00e9crits sur le site Web du Club. Vous pouvez d\u00e8s maintenant en consulter le contenu et les coordonn\u00e9es en <a href=\"https:\/\/cimbcc.org\/test2\/partage-de-connaissances\/les-ateliers\" target=\"_blank\" rel=\"noopener\">cliquant <strong>ici<\/strong><\/a>.<\/p>\n<p style=\"text-align: justify;\">L\u2019inscription \u00e0 ces ateliers pourra se faire <strong>du <span style=\"color: #ff0000;\">jeudi\u00a05\u00a0septembre<\/span> \u00e0 midi au <span style=\"color: #ff0000;\">samedi\u00a07\u00a0septembre<\/span> \u00e0 minuit<\/strong>. Deux semaines avant le d\u00e9but des inscriptions, les membres recevront un courriel pour leur rappeler ces dates, ce qui leur laissera amplement le temps de choisir un ou deux ateliers.<\/p>\n<p style=\"text-align: justify;\">La mani\u00e8re de s\u2019inscrire demeure inchang\u00e9e\u00a0: elle se fera en ligne en remplissant le formulaire, qui se trouve au <strong>bas de la page<\/strong> de chacun des ateliers propos\u00e9s pour l\u2019automne\u00a02024.<\/p>\n<hr \/>\n<h4>Remerciements<\/h4>\n<p style=\"text-align: justify;\">Enfin, j\u2019aimerais terminer ce texte en remerciant les 83 merveilleux b\u00e9n\u00e9voles actuellement actifs au Club, car sans eux le Club n\u2019existerait simplement pas !<\/p>\n<p>R\u00e9jean\u00a0C\u00f4t\u00e9, pr\u00e9sident<\/p>\n","protected":false},"excerpt":{"rendered":"<p>Les activit\u00e9s du CIMBCC d\u00e9buteront sous peu. Nous sommes toujours aussi motiv\u00e9s \u00e0 offrir une session d\u2019automne int\u00e9ressante aux membres du Club. Dans cet article, il sera question de la pr\u00e9sence du CIMBCC au march\u00e9 public de Saint-Bruno le 31 ao\u00fbt, de la journ\u00e9e d&rsquo;information du 3 septembre, des s\u00e9ances du mercredi et du vendredi &hellip; <a href=\"https:\/\/cimbcc.org\/test2\/mot-du-president-aout-2024\/\" class=\"more-link\">Continuer la lecture de <span class=\"screen-reader-text\">Mot du pr\u00e9sident &#8211; ao\u00fbt 2024<\/span>  <span class=\"meta-nav\">&rarr;<\/span><\/a><\/p>\n","protected":false},"author":43,"featured_media":0,"comment_status":"open","ping_status":"closed","sticky":false,"template":"","format":"standard","meta":{"footnotes":""},"categories":[11],"tags":[269,371,370,143,1049,271],"class_list":["post-49959","post","type-post","status-publish","format-standard","hentry","category-mots-du-president","tag-ateliers","tag-decouverte","tag-facile","tag-journee-dinformation-et-dinscription","tag-marche-public","tag-presentations"],"_links":{"self":[{"href":"https:\/\/cimbcc.org\/test2\/wp-json\/wp\/v2\/posts\/49959","targetHints":{"allow":["GET"]}}],"collection":[{"href":"https:\/\/cimbcc.org\/test2\/wp-json\/wp\/v2\/posts"}],"about":[{"href":"https:\/\/cimbcc.org\/test2\/wp-json\/wp\/v2\/types\/post"}],"author":[{"embeddable":true,"href":"https:\/\/cimbcc.org\/test2\/wp-json\/wp\/v2\/users\/43"}],"replies":[{"embeddable":true,"href":"https:\/\/cimbcc.org\/test2\/wp-json\/wp\/v2\/comments?post=49959"}],"version-history":[{"count":7,"href":"https:\/\/cimbcc.org\/test2\/wp-json\/wp\/v2\/posts\/49959\/revisions"}],"predecessor-version":[{"id":49970,"href":"https:\/\/cimbcc.org\/test2\/wp-json\/wp\/v2\/posts\/49959\/revisions\/49970"}],"wp:attachment":[{"href":"https:\/\/cimbcc.org\/test2\/wp-json\/wp\/v2\/media?parent=49959"}],"wp:term":[{"taxonomy":"category","embeddable":true,"href":"https:\/\/cimbcc.org\/test2\/wp-json\/wp\/v2\/categories?post=49959"},{"taxonomy":"post_tag","embeddable":true,"href":"https:\/\/cimbcc.org\/test2\/wp-json\/wp\/v2\/tags?post=49959"}],"curies":[{"name":"wp","href":"https:\/\/api.w.org\/{rel}","templated":true}]}}