{"id":49993,"date":"2024-08-18T19:00:08","date_gmt":"2024-08-18T23:00:08","guid":{"rendered":"https:\/\/cimbcc.org\/test2\/?p=49993"},"modified":"2024-12-01T22:52:08","modified_gmt":"2024-12-02T03:52:08","slug":"presentations-des-mercredis-et-vendredis-de-lautomne-2024","status":"publish","type":"post","link":"https:\/\/cimbcc.org\/test2\/presentations-des-mercredis-et-vendredis-de-lautomne-2024\/","title":{"rendered":"Pr\u00e9sentations des mercredis et vendredis de l&rsquo;automne 2024"},"content":{"rendered":"<figure id=\"attachment_24078\" aria-describedby=\"caption-attachment-24078\" style=\"width: 125px\" class=\"wp-caption aligncenter\"><img loading=\"lazy\" decoding=\"async\" class=\"size-full wp-image-24078\" src=\"https:\/\/cimbcc.org\/test2\/wp-content\/uploads\/photo_belanger_guy.jpg\" alt=\"\" width=\"125\" height=\"125\" \/><figcaption id=\"caption-attachment-24078\" class=\"wp-caption-text\"><span style=\"color: #ffffff;\">mmm<\/span>Guy B\u00e9langer<\/figcaption><\/figure>\n<p style=\"text-align: justify;\">Septembre approche \u00e0 grands pas et nous d\u00e9sirons par cet article vous informer du programme des s\u00e9ries <em>Facile<\/em> et <em>D\u00e9couverte<\/em> du CIMBCC pour l\u2019automne 2024.<\/p>\n<p style=\"text-align: justify;\">Comme par le pass\u00e9, ces s\u00e9ances se divisent en deux groupes :<\/p>\n<ul>\n<li style=\"text-align: justify;\">les pr\u00e9sentations de la s\u00e9rie <em>Facile<\/em>\u00a0s\u2019adressent aux membres qui sont moins familiers avec les divers outils \u00e0 notre disposition sur nos ordinateurs, tablettes ou t\u00e9l\u00e9phones intelligents ;<\/li>\n<li style=\"text-align: justify;\">les sujets trait\u00e9s par la s\u00e9rie <em>D\u00e9couverte<\/em> permettent une exposition \u00e0 des outils plus sp\u00e9cialis\u00e9s.<\/li>\n<\/ul>\n<p style=\"text-align: justify;\">Veuillez noter que la premi\u00e8re pr\u00e9sentation de la saison aura lieu par Zoom <strong>mercredi <span style=\"color: #ff0000;\">4 septembre<\/span> \u00e0 19 h 30<\/strong> pour la s\u00e9rie <em>D\u00e9couverte<\/em>. Quant \u00e0 la s\u00e9rie <em>Facile<\/em>, la premi\u00e8re s\u00e9ance se donnera en mode hybride <strong>vendredi <span style=\"color: #ff0000;\">6\u00a0septembre<\/span> \u00e0 13 h 15<\/strong>.<\/p>\n<p><!--more--><\/p>\n<hr \/>\n<h4>S\u00e9rie <em>Facile<\/em><\/h4>\n<p style=\"text-align: justify;\">Pour l\u2019automne prochaine, la s\u00e9rie <em>Facile<\/em> sera pr\u00e9sent\u00e9e les <strong>vendredis en apr\u00e8s-midi<\/strong> en mode hybride, soit en pr\u00e9sentiel au <a href=\"https:\/\/cimbcc.org\/test2\/partage-de-connaissances\/les-presentations-du-mercredi-et-du-vendredi\/chalet-marie-victorin-saint-bruno\" target=\"_blank\" rel=\"noopener\">Chalet Marie-Victorin<\/a> de Saint-Bruno et en mode vid\u00e9oconf\u00e9rence avec l\u2019application Zoom.<\/p>\n<p style=\"text-align: justify;\">De plus, les sujets trait\u00e9s seront les m\u00eames que par le pass\u00e9 \u00e0 la fois pour les th\u00e8mes abord\u00e9s que par la pr\u00e9sence de la m\u00eame pr\u00e9sentatrice ou des m\u00eames pr\u00e9sentateurs.<\/p>\n<p style=\"text-align: justify;\">La premi\u00e8re de cette s\u00e9rie aura lieu <strong>vendredi <span style=\"color: #ff0000;\">6<\/span><\/strong><span style=\"color: #ff0000;\"><strong><span style=\"color: #ff0000;\">\u00a0<\/span>septembre<\/strong><\/span><strong> \u00e0 partir de 13 h 15<\/strong>.<\/p>\n<p style=\"text-align: justify;\">Voici la liste des sujets au programme et de leurs pr\u00e9sentateurs :<\/p>\n<ul>\n<li><strong><a href=\"https:\/\/fr.wikipedia.org\/wiki\/Zoom_Video_Communications\" target=\"_blank\" rel=\"noopener\">Zoom<\/a> version 6.0+ : <\/strong>Pierre Delisle ;<\/li>\n<li><strong><a href=\"https:\/\/fr.wikipedia.org\/wiki\/Virus_informatique\" target=\"_blank\" rel=\"noopener\">Virus<\/a> et <a href=\"https:\/\/fr.wikipedia.org\/wiki\/Logiciel_antivirus\" target=\"_blank\" rel=\"noopener\">antivirus<\/a><\/strong> : Michel Gagn\u00e9 ;<\/li>\n<li><strong><a href=\"https:\/\/fr.wikipedia.org\/wiki\/Hame%C3%A7onnage\" target=\"_blank\" rel=\"noopener\">Hame\u00e7onnage<\/a><\/strong> : Michel Gagn\u00e9 ;<\/li>\n<li><strong>Introduction au <a href=\"https:\/\/fr.wikipedia.org\/wiki\/Courrier_%C3%A9lectronique\" target=\"_blank\" rel=\"noopener\">courrier<\/a><\/strong> : Pierre Delisle ;<\/li>\n<li><strong><a href=\"https:\/\/fr.wikipedia.org\/wiki\/Gmail\" target=\"_blank\" rel=\"noopener\">Gmail<\/a><\/strong> : Daniel Vinet ;<\/li>\n<li><a href=\"https:\/\/fr.wikipedia.org\/wiki\/Commerce_en_ligne\" target=\"_blank\" rel=\"noopener\"><strong>Commerce \u00e9lectronique<\/strong><\/a> : Pierre Delisle ;<\/li>\n<li><strong><a href=\"https:\/\/fr.wikipedia.org\/wiki\/S%C3%A9curit%C3%A9_de_l%27information\" target=\"_blank\" rel=\"noopener\">S\u00e9curit\u00e9<\/a> dans les <a href=\"https:\/\/fr.wikipedia.org\/wiki\/Op%C3%A9ration_financi%C3%A8re\" target=\"_blank\" rel=\"noopener\">transactions \u00e9lectroniques<\/a><\/strong> : Michel Gagn\u00e9 ;<\/li>\n<li><strong><a href=\"https:\/\/fr.wikipedia.org\/wiki\/Fichier_informatique\" target=\"_blank\" rel=\"noopener\">Fichiers<\/a> et <a href=\"https:\/\/fr.wikipedia.org\/wiki\/R%C3%A9pertoire_(informatique)\" target=\"_blank\" rel=\"noopener\">dossiers<\/a> 1 et 2<\/strong> : Francine Couture ;<\/li>\n<li><strong><a href=\"https:\/\/fr.wikipedia.org\/wiki\/Google_Chrome\" target=\"_blank\" rel=\"noopener\">Chrome<\/a> 1, 2 et 3<\/strong> : Sylvain Garneau ;<\/li>\n<li><strong>Introduction \u00e0 <a href=\"https:\/\/fr.wikipedia.org\/wiki\/IPad\" target=\"_blank\" rel=\"noopener\">iPad<\/a><\/strong>\u00a0: Pierre Delisle.<\/li>\n<\/ul>\n<hr \/>\n<h4 style=\"text-align: justify;\">S\u00e9rie <em>D\u00e9couverte<\/em><\/h4>\n<p style=\"text-align: justify;\">La premi\u00e8re s\u00e9ance de la s\u00e9rie <em>D\u00e9couverte<\/em> aura lieu uniquement par Zoom <strong>mercredi<\/strong> <span style=\"color: #ff0000;\"><strong>4\u00a0septembre<\/strong><\/span><strong> \u00e0 partir de 19 h 30<\/strong>. Pour sa part, l&rsquo;assembl\u00e9e g\u00e9n\u00e9rale annuelle des membres se tiendra en ligne le 16 octobre avant une pr\u00e9sentation de la s\u00e9rie <em>D\u00e9couverte<\/em>.<\/p>\n<p style=\"text-align: justify;\"><em><strong>L<\/strong><\/em><em style=\"font-weight: bold;\">es pr\u00e9sentations de l\u2019automne ne seront pas reprises \u00e0 l\u2019hiver 2025<\/em>. Elles seront en mode vid\u00e9oconf\u00e9rence avec l\u2019application Zoom pour la saison de l&rsquo;automne 2024. De plus, plusieurs s\u00e9ances comprendront plus d\u2019un sujet.<\/p>\n<p style=\"text-align: justify;\">Voici la liste des sujets et des intervenants qui sont au programme :<\/p>\n<ul style=\"text-align: justify;\">\n<li><strong>Stockage dans les nuages et <a href=\"https:\/\/fr.wikipedia.org\/wiki\/Microsoft_OneDrive\" target=\"_blank\" rel=\"noopener\">OneDrive<\/a><\/strong> : Michel Gagn\u00e9 ;<\/li>\n<li><strong>Gestion des comptes avec <a href=\"https:\/\/fr.wikipedia.org\/wiki\/Microsoft_Windows\" target=\"_blank\" rel=\"noopener\">Windows<\/a><\/strong> : Michel C\u00f4t\u00e9 ;<\/li>\n<li><strong>Stockage avec <a href=\"https:\/\/fr.wikipedia.org\/wiki\/Google_Drive\" target=\"_blank\" rel=\"noopener\">Google Drive<\/a><\/strong> : Jean Allard ;<\/li>\n<li><a href=\"https:\/\/fr.wikipedia.org\/wiki\/Intelligence_artificielle\" target=\"_blank\" rel=\"noopener\"><strong>Intelligence artificielle<\/strong><\/a> : Alain Wagner ;<\/li>\n<li><strong>Introduction \u00e0 <a href=\"https:\/\/fr.wikipedia.org\/wiki\/Microsoft_OneNote\" target=\"_blank\" rel=\"noopener\">OneNote<\/a><\/strong> : Daniel Vinet ;<\/li>\n<li><strong><a href=\"https:\/\/fr.wikipedia.org\/wiki\/Jeu_vid%C3%A9o\" target=\"_blank\" rel=\"noopener\">Jeux<\/a> et activit\u00e9s cognitives<\/strong> : Denise Baillargeon ;<\/li>\n<li><strong>Actualit\u00e9s technologiques<\/strong> : Daniel Vinet ;<\/li>\n<li><a href=\"https:\/\/fr.wikipedia.org\/wiki\/Moteur_de_recherche\" target=\"_blank\" rel=\"noopener\"><strong>Moteurs de recherche<\/strong><\/a> : Daniel Vinet ;<\/li>\n<li><strong>Fournisseur et <a href=\"https:\/\/fr.wikipedia.org\/wiki\/Voix_sur_IP\" target=\"_blank\" rel=\"noopener\">t\u00e9l\u00e9phonie VoIP<\/a><\/strong> : George Aylwin ;<\/li>\n<li><a href=\"https:\/\/fr.wikipedia.org\/wiki\/Audacity\" target=\"_blank\" rel=\"noopener\"><strong>Audacity<\/strong><\/a> : C\u00e9line Dufresne ;<\/li>\n<li><strong>Voyages en train et <a href=\"https:\/\/fr.wikipedia.org\/wiki\/Airbnb\" target=\"_blank\" rel=\"noopener\">Airbnb<\/a><\/strong> : Pierre Robillard ;<\/li>\n<li><strong>L\u00e9galit\u00e9 sur l\u2019utilisation de la musique provenant d\u2019Internet<\/strong> : Pierre Delisle ;<\/li>\n<li><strong>Trouver sa route avec <a href=\"https:\/\/fr.wikipedia.org\/wiki\/Google_Maps\" target=\"_blank\" rel=\"noopener\">Google Maps<\/a><\/strong> : Guy B\u00e9langer ;<\/li>\n<li><strong>Comment cr\u00e9er ou modifier mes vid\u00e9os personnelles<\/strong> : Pierre Delisle ;<\/li>\n<li><strong>Pour de meilleures photos<\/strong> : Jean Allard ;<\/li>\n<li><a href=\"https:\/\/fr.wikipedia.org\/wiki\/Nomadisme_num%C3%A9rique\" target=\"_blank\" rel=\"noopener\"><strong>Mobilit\u00e9 num\u00e9rique<\/strong><\/a> : Charles Terreault ;<\/li>\n<li><strong>Gestion des <a href=\"https:\/\/fr.wikipedia.org\/wiki\/Mot_de_passe\" target=\"_blank\" rel=\"noopener\">mots de passe<\/a><\/strong> : Denis Charron ;<\/li>\n<li><a href=\"https:\/\/fr.wikipedia.org\/wiki\/Nik_Software#Snapseed\" target=\"_blank\" rel=\"noopener\"><strong>Snapseed<\/strong><\/a> : Jean Allard ;<\/li>\n<li><strong>Organiser une rencontre <a href=\"https:\/\/fr.wikipedia.org\/wiki\/Zoom_Video_Communications\" target=\"_blank\" rel=\"noopener\">Zoom<\/a><\/strong> : Pierre Delisle ;<\/li>\n<li><strong>Comment montrer mes photos ou vid\u00e9os via <a href=\"https:\/\/fr.wikipedia.org\/wiki\/Zoom_Video_Communications\" target=\"_blank\" rel=\"noopener\">Zoom<\/a><\/strong> : Pierre Delisle ;<\/li>\n<li><a href=\"https:\/\/fr.wikipedia.org\/wiki\/Google_Photos\" target=\"_blank\" rel=\"noopener\"><strong>Google Photos<\/strong><\/a> : Jean Allard ;<\/li>\n<li><strong>Nouvelle applications <a href=\"https:\/\/fr.wikipedia.org\/wiki\/Android\" target=\"_blank\" rel=\"noopener\">Android<\/a> et <a href=\"https:\/\/fr.wikipedia.org\/wiki\/IOS\" target=\"_blank\" rel=\"noopener\">Apple<\/a><\/strong> : Bruno Fournier ;<\/li>\n<li><strong><a href=\"https:\/\/fr.wikipedia.org\/wiki\/Antidote_(logiciel)\" target=\"_blank\" rel=\"noopener\">Antidote<\/a>, un correcteur et un logiciel d\u2019aide \u00e0 la r\u00e9daction<\/strong> : Michel Gagn\u00e9 ;<\/li>\n<li><strong><a href=\"https:\/\/fr.wikipedia.org\/wiki\/Domotique\" target=\"_blank\" rel=\"noopener\">Domotique<\/a> et solution <a href=\"https:\/\/www.hiloenergie.com\/fr-ca\/\" target=\"_blank\" rel=\"noopener\">Hilo<\/a><\/strong> : Germain B\u00e9langer.<\/li>\n<\/ul>\n<hr \/>\n<h4>Contenu des pr\u00e9sentations<\/h4>\n<p style=\"text-align: justify;\">Vous pouvez en tout temps revoir le contenu des s\u00e9ances en acc\u00e9dant au <a href=\"https:\/\/cimbcc.org\/test2\/\" target=\"_blank\" rel=\"noopener\">site Web du CIMBC<\/a>\u00a0et en explorant les rubriques <strong>Calendriers et notes des pr\u00e9sentation<\/strong> des s\u00e9ries <a href=\"https:\/\/cimbcc.org\/test2\/wp-content\/uploads\/calendrier_serie_facile.pdf\" target=\"_blank\" rel=\"noopener\"><em>Facile<\/em><\/a> ou <a href=\"https:\/\/cimbcc.org\/test2\/wp-content\/uploads\/calendrier_serie_decouverte.pdf\" target=\"_blank\" rel=\"noopener\"><em>D\u00e9couverte<\/em><\/a>. Vous pouvez aussi acc\u00e9der au contenu des dix ann\u00e9es ant\u00e9rieures sous la rubrique <a href=\"https:\/\/cimbcc.org\/test2\/wp-content\/uploads\/calendrier_archive.pdf\" target=\"_blank\" rel=\"noopener\"><strong>Archives<\/strong><\/a>.<\/p>\n<hr \/>\n<h4>Remerciements<\/h4>\n<p style=\"text-align: justify;\">Nous d\u00e9sirons souligner la grande g\u00e9n\u00e9rosit\u00e9 des pr\u00e9sentatrices et pr\u00e9sentateurs avec un merci sp\u00e9cial pour celle des membres du Club informatique de Brossard.<\/p>\n<p>Guy B\u00e9langer<br \/>\nCo-responsable des pr\u00e9sentations du mercredi et vendredi<\/p>\n","protected":false},"excerpt":{"rendered":"<p>Septembre approche \u00e0 grands pas et nous d\u00e9sirons par cet article vous informer du programme des s\u00e9ries Facile et D\u00e9couverte du CIMBCC pour l\u2019automne 2024. Comme par le pass\u00e9, ces s\u00e9ances se divisent en deux groupes : les pr\u00e9sentations de la s\u00e9rie Facile\u00a0s\u2019adressent aux membres qui sont moins familiers avec les divers outils \u00e0 notre &hellip; <a href=\"https:\/\/cimbcc.org\/test2\/presentations-des-mercredis-et-vendredis-de-lautomne-2024\/\" class=\"more-link\">Continuer la lecture de <span class=\"screen-reader-text\">Pr\u00e9sentations des mercredis et vendredis de l&rsquo;automne 2024<\/span>  <span class=\"meta-nav\">&rarr;<\/span><\/a><\/p>\n","protected":false},"author":43,"featured_media":0,"comment_status":"open","ping_status":"closed","sticky":false,"template":"","format":"standard","meta":{"footnotes":""},"categories":[402],"tags":[2089,2100,371,370,271,1675,1277],"class_list":["post-49993","post","type-post","status-publish","format-standard","hentry","category-activites-du-club","tag-2024-2025","tag-automne-2024","tag-decouverte","tag-facile","tag-presentations","tag-presentations-hybrides","tag-videoconference"],"_links":{"self":[{"href":"https:\/\/cimbcc.org\/test2\/wp-json\/wp\/v2\/posts\/49993","targetHints":{"allow":["GET"]}}],"collection":[{"href":"https:\/\/cimbcc.org\/test2\/wp-json\/wp\/v2\/posts"}],"about":[{"href":"https:\/\/cimbcc.org\/test2\/wp-json\/wp\/v2\/types\/post"}],"author":[{"embeddable":true,"href":"https:\/\/cimbcc.org\/test2\/wp-json\/wp\/v2\/users\/43"}],"replies":[{"embeddable":true,"href":"https:\/\/cimbcc.org\/test2\/wp-json\/wp\/v2\/comments?post=49993"}],"version-history":[{"count":15,"href":"https:\/\/cimbcc.org\/test2\/wp-json\/wp\/v2\/posts\/49993\/revisions"}],"predecessor-version":[{"id":51793,"href":"https:\/\/cimbcc.org\/test2\/wp-json\/wp\/v2\/posts\/49993\/revisions\/51793"}],"wp:attachment":[{"href":"https:\/\/cimbcc.org\/test2\/wp-json\/wp\/v2\/media?parent=49993"}],"wp:term":[{"taxonomy":"category","embeddable":true,"href":"https:\/\/cimbcc.org\/test2\/wp-json\/wp\/v2\/categories?post=49993"},{"taxonomy":"post_tag","embeddable":true,"href":"https:\/\/cimbcc.org\/test2\/wp-json\/wp\/v2\/tags?post=49993"}],"curies":[{"name":"wp","href":"https:\/\/api.w.org\/{rel}","templated":true}]}}