{"id":49996,"date":"2024-08-13T21:00:22","date_gmt":"2024-08-14T01:00:22","guid":{"rendered":"https:\/\/cimbcc.org\/test2\/?p=49996"},"modified":"2024-08-13T21:01:02","modified_gmt":"2024-08-14T01:01:02","slug":"echos-du-conseil-dadministration-30-juillet-2024","status":"publish","type":"post","link":"https:\/\/cimbcc.org\/test2\/echos-du-conseil-dadministration-30-juillet-2024\/","title":{"rendered":"\u00c9chos du conseil d&rsquo;administration &#8211; 30 juillet 2024"},"content":{"rendered":"<figure id=\"attachment_49252\" aria-describedby=\"caption-attachment-49252\" style=\"width: 515px\" class=\"wp-caption alignleft\"><img loading=\"lazy\" decoding=\"async\" class=\"size-full wp-image-49252\" src=\"https:\/\/cimbcc.org\/test2\/wp-content\/uploads\/photo_conseil_dadministration_2023_2024_mod-e1716072824505.jpg\" alt=\"\" width=\"515\" height=\"225\" \/><figcaption id=\"caption-attachment-49252\" class=\"wp-caption-text\">Dans l&rsquo;ordre habituel : Hassen Ammari, Danielle Barab\u00e9, Nicole Comtois, R\u00e9jean C\u00f4t\u00e9, Michel Gagn\u00e9, Sylvain Garneau, Pierre Jutras, Jean Malouin, Sylvie Mazur<\/figcaption><\/figure>\n<p style=\"text-align: justify;\">La r\u00e9union du 30\u00a0juillet marque le d\u00e9but des activit\u00e9s de l\u2019automne 2024. La pr\u00e9paration de la rentr\u00e9e a \u00e9t\u00e9 \u00e0 l\u2019ordre du jour avec des sujets comme la <em>Journ\u00e9e d\u2019information<\/em>, le d\u00e9but des s\u00e9ances du mercredi et du vendredi, les cours offerts dans les biblioth\u00e8ques et les ateliers pr\u00e9vus cet automne.<\/p>\n<p style=\"text-align: justify;\">Comme \u00e0 chaque rencontre, le conseil d\u2019administration a constat\u00e9 l\u2019\u00e9volution du nombre de ses membres et il a pris des nouvelles des b\u00e9n\u00e9voles actuels et recherch\u00e9s.<\/p>\n<p style=\"text-align: justify;\">Enfin, il a reconduit deux objectifs prioritaires dans sa planification strat\u00e9gique et il est revenu sur une activit\u00e9 o\u00f9 tous les responsables d\u2019activit\u00e9s \u00e9taient invit\u00e9s \u00e0 une rencontre avec les membres du conseil.<\/p>\n<p><!--more--><\/p>\n<hr \/>\n<h4><strong><em>Journ\u00e9e d\u2019information<\/em><\/strong><strong> \u2014 3\u00a0septembre 2024<\/strong><\/h4>\n<p style=\"text-align: justify;\">Le d\u00e9but des activit\u00e9s automnales du Club est marqu\u00e9 par la tenue de la <em>Journ\u00e9e d\u2019information <\/em>\u00e0 laquelle tous les membres et non membres sont invit\u00e9s. Cette ann\u00e9e, elle se tiendra le <span style=\"color: #ff0000;\"><strong>3\u00a0septembre<\/strong><\/span> au <a href=\"https:\/\/cimbcc.org\/test2\/partage-de-connaissances\/les-presentations-du-mercredi-et-du-vendredi\/chalet-marie-victorin-saint-bruno\" target=\"_blank\" rel=\"noopener\">Chalet Marie-Victorin<\/a>. Cette activit\u00e9 est destin\u00e9e \u00e0 informer les participants sur les activit\u00e9s pr\u00e9vues au Club en 2024-2025 et \u00e0 enregistrer les adh\u00e9sions des nouveaux membres<em>. <\/em><\/p>\n<p style=\"text-align: justify;\">Pour plus d\u2019information, on peut consulter une page du site Web en cliquant sur cette adresse\u00a0: <a href=\"https:\/\/cimbcc.org\/test2\/invitation\" target=\"_blank\" rel=\"noopener\">cimbcc.org\/invitation<\/a> ou en la tapant dans votre navigateur.<\/p>\n<hr \/>\n<h4 style=\"text-align: justify;\"><strong>Acc\u00e8s gratuit aux s\u00e9ances du mercredi et du vendredi de septembre<\/strong><\/h4>\n<p style=\"text-align: justify;\">Le conseil d\u2019administration a d\u00e9cid\u00e9 d\u2019<span style=\"color: #ff0000;\"><strong>ouvrir gratuitement les portes des s\u00e9ances de septembre \u00e0 toutes les personnes int\u00e9ress\u00e9es<\/strong><\/span>. Ce sera pour elles l\u2019occasion de prendre connaissance de nos activit\u00e9s et peut-\u00eatre d\u2019\u00eatre assez int\u00e9ress\u00e9es pour devenir membres du Club.<\/p>\n<p style=\"text-align: justify;\">Pour plus d\u2019information, il est possible de consulter la page suivante en <a href=\"https:\/\/cimbcc.org\/test2\/invitation2\" target=\"_blank\" rel=\"noopener\">cliquant ici<\/a> ou en tapant https:\/\/cimbcc.org\/test2\/invitation2 dans votre navigateur.<\/p>\n<hr \/>\n<h4><strong>Cours d\u2019initiation offerts dans les biblioth\u00e8ques<\/strong><\/h4>\n<p style=\"text-align: justify;\">Ces cours portent sur des notions de base d\u2019Internet et du courrier \u00e9lectronique. Ils reprendront bient\u00f4t dans les <strong>biblioth\u00e8ques de <a href=\"https:\/\/cimbcc.org\/test2\/partage-de-connaissances\/familiarisation-a-linternet\/bibliotheque-de-saint-basile\" target=\"_blank\" rel=\"noopener\">Saint-Basile-Le-Grand<\/a> et de <\/strong><a href=\"https:\/\/cimbcc.org\/test2\/partage-de-connaissances\/familiarisation-a-linternet\/bibliotheque-de-sainte-julie\" target=\"_blank\" rel=\"noopener\"><strong>Sainte-Julie<\/strong><\/a>. Ces cours sont ouverts \u00e0 tous ceux qui souhaitent acqu\u00e9rir une formation de base en informatique. Pour plus d\u2019information, on peut consulter la page qui y est consacr\u00e9e en <a href=\"https:\/\/cimbcc.org\/test2\/partage-de-connaissances\/familiarisation-a-linternet\" target=\"_blank\" rel=\"noopener\">cliquant ici<\/a>.<\/p>\n<p style=\"text-align: justify;\">L\u2019an dernier, 26\u00a0personnes ont suivi ces cours alors qu\u2019en 2014-2015 il y avait 77\u00a0inscrits. Le Club est conscient que la client\u00e8le vis\u00e9e est de plus en plus limit\u00e9e, mais ces cours rendent encore service \u00e0 certains d\u00e9butants en informatique. Ils seront donc encore donn\u00e9s gr\u00e2ce au concours d\u2019une \u00e9quipe stable et exp\u00e9riment\u00e9e.<\/p>\n<hr \/>\n<h4><strong>Ateliers de l\u2019automne<\/strong><\/h4>\n<p style=\"text-align: justify;\">Les ateliers propos\u00e9s cet automne aux membres du Club sont d\u00e9j\u00e0 <a href=\"https:\/\/cimbcc.org\/test2\/partage-de-connaissances\/les-ateliers\" target=\"_blank\" rel=\"noopener\">d\u00e9crits ici sur notre site Web<\/a>. <strong>Les membres pourront s\u2019y inscrire du <span style=\"color: #ff0000;\">5 au 7 septembre<\/span><\/strong>. L\u2019offre de cette ann\u00e9e s&rsquo;inscrit dans la suite de celle de 2023-2024 dont le bilan a \u00e9t\u00e9 publi\u00e9 dans le <a href=\"https:\/\/cimbcc.org\/test2\/bilan-des-ateliers-des-sessions-de-lautomne-2023-et-de-lhiver-2024\" target=\"_blank\" rel=\"noopener\">CHIP du 29\u00a0juin<\/a> dernier.<\/p>\n<p style=\"text-align: justify;\">Les 28\u00a0ateliers de l\u2019an dernier ont recueilli 389\u00a0inscriptions. Plus de la moiti\u00e9 des inscriptions (55\u00a0%) sont all\u00e9es aux ateliers portant sur les appareils mobiles Apple et Android. Quatre nouveaux ateliers ont \u00e9t\u00e9 offerts. Quelques ateliers se sont tenus en salle, mais 22\u00a0ateliers se sont d\u00e9roul\u00e9s par vid\u00e9oconf\u00e9rence. L\u2019int\u00e9r\u00eat des membres s\u2019est manifest\u00e9 par leur inscription et par l\u2019assiduit\u00e9 des participants.<\/p>\n<p style=\"text-align: justify;\">Le conseil d\u2019administration esp\u00e8re que l\u2019appel lanc\u00e9 pour trouver un ou deux b\u00e9n\u00e9voles pour succ\u00e9der \u00e0 Berthe Demers sera entendu, <strong>sinon c\u2019est un pan important des activit\u00e9s du Club qui risque de dispara\u00eetre.<\/strong><\/p>\n<hr \/>\n<h4><strong>Membres <\/strong><\/h4>\n<p style=\"text-align: justify;\">Fin juillet, les <strong>membres<\/strong> du Club \u00e9taient au nombre de 984 contre 863 \u00e0 la m\u00eame date l\u2019an dernier. Dix membres se sont ajout\u00e9s depuis mai m\u00eame si le Club ne tenait plus de s\u00e9ances de pr\u00e9sentations.<\/p>\n<p style=\"text-align: justify;\">Ce total inclut des <strong>membres honoraires<\/strong> dont on peut consulter la liste en <a href=\"https:\/\/cimbcc.org\/test2\/a-propos-du-club\/nos-membres-honoraires\" target=\"_blank\" rel=\"noopener\">cliquant ici<\/a>. Ces personnes se sont illustr\u00e9es par une contribution remarquable au Club.<\/p>\n<p style=\"text-align: justify;\">Ce total inclut \u00e9galement quatre <strong>membres associ\u00e9s<\/strong> de la saison pr\u00e9c\u00e9dente dont le statut a \u00e9t\u00e9 renouvel\u00e9 par le conseil d&rsquo;administration parce que ces personnes sont consid\u00e9r\u00e9es comme des amis du Club, qu\u2019elles y contribuent activement et qu\u2019elles en font la promotion. Ces membres associ\u00e9s sont :<\/p>\n<ul>\n<li style=\"text-align: justify;\">Alain Wagner, Michel Cloutier et Michel Mainville, des clubs informatiques de Brossard ou de Longueuil ;<\/li>\n<li style=\"text-align: justify;\">Gabriel Messier, de la biblioth\u00e8que de Beloeil ;<\/li>\n<li style=\"text-align: justify;\">et, finalement, une cinqui\u00e8me personne a \u00e9t\u00e9 ajout\u00e9e \u00e0 cette liste, Annie-Claude Duchesne, responsable de la biblioth\u00e8que de Saint-Marc-sur-Richelieu.<\/li>\n<\/ul>\n<hr \/>\n<h4><strong>Nouvelles des b\u00e9n\u00e9voles<\/strong><\/h4>\n<p style=\"text-align: justify;\">Le Club compte trois nouveaux b\u00e9n\u00e9voles\u00a0:<\/p>\n<ul style=\"text-align: justify;\">\n<li>Marc Tremblay et Alain Parent feront des pr\u00e9sentations de deux heures ;<\/li>\n<li>Jacques Major devient mod\u00e9rateur de s\u00e9ances en ligne.<\/li>\n<\/ul>\n<p style=\"text-align: justify;\">Denis Charron succ\u00e8dera \u00e0 Jacques Lalibert\u00e9 comme responsable de <a href=\"https:\/\/cimbcc.org\/test2\/entraide\/lassistance-par-courriel\" target=\"_blank\" rel=\"noopener\">l\u2019assistance par courriel<\/a>.<\/p>\n<h5><em>Recherche de b\u00e9n\u00e9voles pour les <a href=\"https:\/\/cimbcc.org\/test2\/partage-de-connaissances\/les-ateliers\" target=\"_blank\" rel=\"noopener\">ateliers<\/a><\/em><\/h5>\n<ul>\n<li style=\"text-align: justify;\">La coresponsable des ateliers, Berthe Demers, est encore \u00e0 la recherche d\u2019un ou deux b\u00e9n\u00e9voles qui pourront se <strong>charger des <u>communications avec les membres, les animateurs et les partenaires<\/u><\/strong> sur des sujets relatifs aux ateliers. <span style=\"color: #ff0000;\"><strong>Si personne ne se porte volontaire, <u>il n\u2019y aura plus d\u2019ateliers<\/u> \u00e0 compter de janvier prochain.<\/strong><\/span><\/li>\n<li style=\"text-align: justify;\">Atelier sur Facebook\u00a0: des membres qui utilisent d\u00e9j\u00e0 Facebook aimeraient participer \u00e0 un atelier interactif avec une personne-ressource qui pourrait r\u00e9pondre \u00e0 leurs questions et leur permettre de d\u00e9couvrir des fonctions inconnues. On est toujours \u00e0 la recherche de cette personne-ressource.<\/li>\n<\/ul>\n<h5 style=\"text-align: justify;\"><em>S\u00e9ances de pr\u00e9sentations du mercredi et du vendredi<\/em><\/h5>\n<ul style=\"text-align: justify;\">\n<li>Le Club recherche de nouveaux pr\u00e9sentateurs pour la s\u00e9rie <a href=\"https:\/\/cimbcc.org\/test2\/wp-content\/uploads\/calendrier_serie_decouverte.pdf\" target=\"_blank\" rel=\"noopener\"><em>D\u00e9couverte<\/em><\/a> et un mod\u00e9rateur suppl\u00e9mentaire pour les s\u00e9ances du vendredi apr\u00e8s-midi.<\/li>\n<li>Plusieurs b\u00e9n\u00e9voles ont accept\u00e9 de faire des pr\u00e9sentations de 30 \u00e0 45\u00a0minutes\u00a0: Jean-Marie Turcotte, Michel C\u00f4t\u00e9, Francine Couture, Sylvain Garneau, Pierre Delisle et Daniel Vinet.<\/li>\n<li>Louise Carrier devient mod\u00e9ratrice de s\u00e9ances en ligne.<\/li>\n<\/ul>\n<h5 style=\"text-align: justify;\"><em>Recherche de b\u00e9n\u00e9voles pour le conseil d&rsquo;administration<\/em><\/h5>\n<p style=\"text-align: justify;\">Le <a href=\"https:\/\/cimbcc.org\/test2\/a-propos-du-club\/nos-activites\/conseil-dadministration\" target=\"_blank\" rel=\"noopener\">conseil d\u2019administration<\/a> est \u00e0 la recherche de b\u00e9n\u00e9voles qui pourront se joindre au conseil d\u00e8s que possible.<\/p>\n<hr \/>\n<h4><strong>Planification strat\u00e9gique<\/strong><\/h4>\n<p style=\"text-align: justify;\">Le conseil d\u2019administration conserve deux objectifs prioritaires qui seront poursuivis cette ann\u00e9e\u00a0:<\/p>\n<ul>\n<li style=\"text-align: justify;\">Augmenter le nombre de b\u00e9n\u00e9voles gestionnaires, pr\u00e9sentateurs et animateurs pour <strong>lib\u00e9rer nos b\u00e9n\u00e9voles cl\u00e9s<\/strong> qui sont surcharg\u00e9s.<\/li>\n<li style=\"text-align: justify;\"><strong>Am\u00e9liorer nos communications<\/strong>\u00a0destin\u00e9es aux responsables et aux b\u00e9n\u00e9voles de nos activit\u00e9s ainsi que celles destin\u00e9es aux membres du Club.<\/li>\n<\/ul>\n<hr \/>\n<h4><strong>R\u00e9union des responsables d\u2019activit\u00e9 \u2014 29\u00a0juin 2024<\/strong><\/h4>\n<p style=\"text-align: justify;\">Par cette r\u00e9union du 29 juin dernier, le conseil d\u2019administration d\u00e9sirait offrir \u00e0 chaque responsable d\u2019activit\u00e9 l\u2019occasion de faire conna\u00eetre ses orientations pour 2024-2025 et d\u2019exprimer en quoi le conseil et les autres b\u00e9n\u00e9voles peuvent aider son \u00e9quipe \u00e0 r\u00e9aliser son activit\u00e9.<\/p>\n<p style=\"text-align: justify;\">Tous ont r\u00e9pondu positivement \u00e0 l\u2019invitation et la rencontre du 29\u00a0juin fut tr\u00e8s satisfaisante. Les commentaires recueillis aupr\u00e8s des responsables ont tous \u00e9t\u00e9 positifs. Pour plusieurs, cette r\u00e9union fut l\u2019occasion de faire la connaissance des autres responsables et d\u2019\u00e9tablir des liens avec eux. Cette r\u00e9union sera sans doute r\u00e9p\u00e9t\u00e9e selon une formule \u00e0 d\u00e9terminer.<\/p>\n<p>Sylvie Mazur<br \/>\nSecr\u00e9taire du conseil d\u2019administration<\/p>\n","protected":false},"excerpt":{"rendered":"<p>La r\u00e9union du 30\u00a0juillet marque le d\u00e9but des activit\u00e9s de l\u2019automne 2024. La pr\u00e9paration de la rentr\u00e9e a \u00e9t\u00e9 \u00e0 l\u2019ordre du jour avec des sujets comme la Journ\u00e9e d\u2019information, le d\u00e9but des s\u00e9ances du mercredi et du vendredi, les cours offerts dans les biblioth\u00e8ques et les ateliers pr\u00e9vus cet automne. Comme \u00e0 chaque rencontre, &hellip; <a href=\"https:\/\/cimbcc.org\/test2\/echos-du-conseil-dadministration-30-juillet-2024\/\" class=\"more-link\">Continuer la lecture de <span class=\"screen-reader-text\">\u00c9chos du conseil d&rsquo;administration &#8211; 30 juillet 2024<\/span>  <span class=\"meta-nav\">&rarr;<\/span><\/a><\/p>\n","protected":false},"author":43,"featured_media":0,"comment_status":"open","ping_status":"closed","sticky":false,"template":"","format":"standard","meta":{"footnotes":""},"categories":[386],"tags":[269,906,360,143,594,2132,552,1934,271,1565,1186],"class_list":["post-49996","post","type-post","status-publish","format-standard","hentry","category-echos-du-conseil-dadministration","tag-ateliers","tag-cours-dans-les-bibliotheques","tag-gratuite","tag-journee-dinformation-et-dinscription","tag-membres","tag-membres-associes","tag-membres-honoraires","tag-planification-strategique","tag-presentations","tag-responsables-dactivite","tag-seances-du-mercredi-et-du-vendredi"],"_links":{"self":[{"href":"https:\/\/cimbcc.org\/test2\/wp-json\/wp\/v2\/posts\/49996","targetHints":{"allow":["GET"]}}],"collection":[{"href":"https:\/\/cimbcc.org\/test2\/wp-json\/wp\/v2\/posts"}],"about":[{"href":"https:\/\/cimbcc.org\/test2\/wp-json\/wp\/v2\/types\/post"}],"author":[{"embeddable":true,"href":"https:\/\/cimbcc.org\/test2\/wp-json\/wp\/v2\/users\/43"}],"replies":[{"embeddable":true,"href":"https:\/\/cimbcc.org\/test2\/wp-json\/wp\/v2\/comments?post=49996"}],"version-history":[{"count":17,"href":"https:\/\/cimbcc.org\/test2\/wp-json\/wp\/v2\/posts\/49996\/revisions"}],"predecessor-version":[{"id":50053,"href":"https:\/\/cimbcc.org\/test2\/wp-json\/wp\/v2\/posts\/49996\/revisions\/50053"}],"wp:attachment":[{"href":"https:\/\/cimbcc.org\/test2\/wp-json\/wp\/v2\/media?parent=49996"}],"wp:term":[{"taxonomy":"category","embeddable":true,"href":"https:\/\/cimbcc.org\/test2\/wp-json\/wp\/v2\/categories?post=49996"},{"taxonomy":"post_tag","embeddable":true,"href":"https:\/\/cimbcc.org\/test2\/wp-json\/wp\/v2\/tags?post=49996"}],"curies":[{"name":"wp","href":"https:\/\/api.w.org\/{rel}","templated":true}]}}