{"id":50077,"date":"2024-08-12T23:25:03","date_gmt":"2024-08-13T03:25:03","guid":{"rendered":"https:\/\/cimbcc.org\/test2\/?p=50077"},"modified":"2024-08-13T09:00:46","modified_gmt":"2024-08-13T13:00:46","slug":"nouvelle-saison-pour-les-activites-pedagogiques","status":"publish","type":"post","link":"https:\/\/cimbcc.org\/test2\/nouvelle-saison-pour-les-activites-pedagogiques\/","title":{"rendered":"Nouvelle saison pour les activit\u00e9s p\u00e9dagogiques"},"content":{"rendered":"<figure id=\"attachment_24158\" aria-describedby=\"caption-attachment-24158\" style=\"width: 125px\" class=\"wp-caption aligncenter\"><img loading=\"lazy\" decoding=\"async\" class=\"size-full wp-image-24158\" src=\"https:\/\/cimbcc.org\/test2\/wp-content\/uploads\/photo_gervais_richard.jpg\" alt=\"\" width=\"125\" height=\"125\" \/><figcaption id=\"caption-attachment-24158\" class=\"wp-caption-text\"><span style=\"color: #ffffff;\">mmm<\/span>Richard Gervais<\/figcaption><\/figure>\n<p style=\"text-align: justify;\">L&rsquo;automne se caract\u00e9rise par le rentr\u00e9e scolaire pour les plus jeunes, mais il s&rsquo;agit aussi de la saison de la reprise des activit\u00e9s p\u00e9dagogiques pour les adultes. Votre club informatique n&rsquo;y \u00e9chappe pas avec les diff\u00e9rentes annonces que vous verrez passer au fil des prochains jours.<\/p>\n<p style=\"text-align: justify;\">Toutefois, il existe aussi des sph\u00e8res de connaissances fort pertinentes en dehors de l&rsquo;informatique. Cet article vous parlera bri\u00e8vement des <em>Belles Heures<\/em> de l&rsquo;Universit\u00e9 de Montr\u00e9al et de l&rsquo;<em>Universit\u00e9 du troisi\u00e8me \u00e2ge<\/em> (UTA) de l&rsquo;Universit\u00e9 de Sherbrooke.<\/p>\n<p><!--more--><\/p>\n<hr \/>\n<h4 style=\"text-align: justify;\">La n\u00e9cessit\u00e9 de la formation continue<\/h4>\n<p style=\"text-align: justify;\">La formation continue est un imp\u00e9ratif pour quiconque veut essayer de suivre l&rsquo;\u00e9volution du monde autour de nous. <a href=\"https:\/\/www.argalis.fr\/blog\/les-enjeux-de-la-formation-continue-pour-les-seniors-limportance-de-la-formation-tout-au-long-de-la-vie\/\" target=\"_blank\" rel=\"noopener\">Cet article<\/a> \u00e9num\u00e8re des justifications pour la poursuite d&rsquo;activit\u00e9s de formation visant les personnes plus \u00e2g\u00e9es :<\/p>\n<ul style=\"text-align: justify;\">\n<li>adaptation aux changements technologiques ;<\/li>\n<li>renouvellement et mise \u00e0 jour des comp\u00e9tences ;<\/li>\n<li>transition vers de nouveaux r\u00f4les ;<\/li>\n<li>valorisation de l\u2019exp\u00e9rience ;<\/li>\n<li>maintien de l\u2019autonomie et de l\u2019ind\u00e9pendance.<\/li>\n<\/ul>\n<p style=\"text-align: justify;\">Toujours selon la <a href=\"https:\/\/www.argalis.fr\/blog\/les-enjeux-de-la-formation-continue-pour-les-seniors-limportance-de-la-formation-tout-au-long-de-la-vie\/\" target=\"_blank\" rel=\"noopener\">m\u00eame r\u00e9f\u00e9rence<\/a>, les b\u00e9n\u00e9fices suivants d\u00e9coulent de la formation continue :<\/p>\n<ul>\n<li style=\"text-align: justify;\">am\u00e9lioration de la confiance et de l\u2019estime de soi ;<\/li>\n<li style=\"text-align: justify;\">p\u00e9rennit\u00e9 sur le march\u00e9 du travail et augmentation du potentiel de revenus pour ceux et celles encore en emploi ;<\/li>\n<li style=\"text-align: justify;\">opportunit\u00e9s de r\u00e9seautage ;<\/li>\n<li style=\"text-align: justify;\">sant\u00e9 mentale et bien-\u00eatre ;<\/li>\n<li style=\"text-align: justify;\">enrichissement personnel.<\/li>\n<\/ul>\n<hr \/>\n<h4>Les Belles Heures de l&rsquo;Universit\u00e9 de Montr\u00e9al<\/h4>\n<p style=\"text-align: justify;\">L&rsquo;Universit\u00e9 de Montr\u00e9al offre plusieurs conf\u00e9rences \u00e0 partir de cet automne dans le cadre du programme <a href=\"https:\/\/bellesheures.umontreal.ca\/\" target=\"_blank\" rel=\"noopener\"><em>Les Belles Heures<\/em><\/a>. Il peut s&rsquo;agir de pr\u00e9sentations en salle ou de conf\u00e9rences en ligne avec des tarifs variables \u00e0 la pi\u00e8ce. Vous pouvez consulter la liste de leurs activit\u00e9s <a href=\"https:\/\/bellesheures.umontreal.ca\/activites\/\" target=\"_blank\" rel=\"noopener\">en cliquant ici<\/a>.<\/p>\n<hr \/>\n<h4 style=\"text-align: justify;\">L&rsquo;Universit\u00e9 du troisi\u00e8me \u00e2ge (UTA) de l&rsquo;Universit\u00e9 de Sherbrooke<\/h4>\n<p style=\"text-align: justify;\">En <a href=\"https:\/\/cimbcc.org\/test2\/uta-monteregie-participer-en-personne-a-des-conferences-dinteret-general-donnees-pres-de-chez-vous\" target=\"_blank\" rel=\"noopener\">2023<\/a> et en <a href=\"https:\/\/cimbcc.org\/test2\/rester-jeune-desprit\" target=\"_blank\" rel=\"noopener\">2024<\/a>, je vous avais d\u00e9j\u00e0 parl\u00e9 de l&rsquo;offre de services de l&rsquo;<a href=\"https:\/\/www.usherbrooke.ca\/uta\/\" target=\"_blank\" rel=\"noopener\"><em>Universit\u00e9 du troisi\u00e8me \u00e2ge<\/em><\/a> de l&rsquo;Universit\u00e9 de Sherbrooke. Je me permets de mentionner ici les activit\u00e9s pour la Mont\u00e9r\u00e9gie donn\u00e9es \u00e0 Saint-Bruno-de-Montarville \u00e0 l&rsquo;automne 2024.<\/p>\n<p style=\"text-align: justify;\"><strong>Lundi<\/strong><br \/>\n<em>Comprendre la Chine au XXI<sup>e<\/sup> si\u00e8cle<\/em>, par Cl\u00e9ment Broche, 20 heures<\/p>\n<p style=\"text-align: justify;\"><strong>Mardi<\/strong><br \/>\n<strong>\u00c0 la d\u00e9couverte du savoir<\/strong> avec huit conf\u00e9rences d&rsquo;environ 2 h 30 :<\/p>\n<ul style=\"text-align: justify;\">\n<li><em>Dans les coulisses de <\/em><em>I<\/em><em>&lsquo;information <\/em><em>t\u00e9l\u00e9vis\u00e9e<\/em>, par Philippe Lapointe<\/li>\n<li><em>Croyez-vous aux OVNI<\/em>, par Robert Lamontagne<\/li>\n<li><em>G\u00e9rald Godin<\/em>, par Eric Dussault<\/li>\n<li><em>Le syst\u00e8me \u00e9lectoral<\/em> am\u00e9ricain, par Gabrielle Ouellette-Torp<\/li>\n<li><em>Le Sri Lanke : la perle verte de l&rsquo;oc\u00e9an<\/em> indien, par Mark Bradley<\/li>\n<li><em>Histoire des<\/em> Azt\u00e8ques, par Jimmy Guillemot<\/li>\n<li><em>Beethoven: le cr\u00e9ateur<\/em> libre, par Vincent Lapointe<\/li>\n<li><em>Cerveau vs intelligence artificielle<\/em>, par David Fortin<\/li>\n<\/ul>\n<p style=\"text-align: justify;\"><strong>Mercredi<\/strong><br \/>\n<em>Architecture de Montr\u00e9al de 1642 \u00e0<\/em>\u00a0aujourd&rsquo;hui, par David Hanna, 20\u00a0heures<\/p>\n<p style=\"text-align: justify;\"><strong>Jeudi<\/strong><br \/>\n<em>\u00c0 <\/em><em>la d\u00e9couverte de<\/em> l&rsquo;Amazonie, par Gillio Brunelli, 10 heures<br \/>\n<em>La vie intime de Napol\u00e9on<\/em>, par Alexandre Champagne, 10 heures<\/p>\n<p style=\"text-align: justify;\"><strong>Les instants culturels de l&rsquo;UTA au Manoir Saint-Bruno<\/strong>, le mardi<br \/>\n<em>Clint Eastwood, acteur et<\/em> cin\u00e9aste, par Michel Coulombe, 2 h 30<br \/>\n<em>James Cameron, l&rsquo;homme du<\/em> Titanic, par Michel Coulombe, 2 h 30<\/p>\n<p style=\"text-align: justify;\"><strong>Groupe de lecture<\/strong><br \/>\n<em>4 rencontres <\/em><em>avec<\/em><em>\u00a0<\/em>Ren\u00e9 Robitaille, 10 heures<\/p>\n<p style=\"text-align: justify;\">Veuillez noter que les inscriptions en ligne se feront \u00e0 partir du <strong><span style=\"color: #ff0000;\">13\u00a0ao\u00fbt<\/span> 2024 \u00e0 9 h<\/strong>. Les places sont limit\u00e9es.<\/p>\n<hr \/>\n<h4>Conclusion<\/h4>\n<p style=\"text-align: justify;\">Je vous souhaite d&rsquo;apprendre des choses fort int\u00e9ressantes avec la nouvelle saison qui approche.<\/p>\n<p>Richard Gervais<\/p>\n","protected":false},"excerpt":{"rendered":"<p>L&rsquo;automne se caract\u00e9rise par le rentr\u00e9e scolaire pour les plus jeunes, mais il s&rsquo;agit aussi de la saison de la reprise des activit\u00e9s p\u00e9dagogiques pour les adultes. Votre club informatique n&rsquo;y \u00e9chappe pas avec les diff\u00e9rentes annonces que vous verrez passer au fil des prochains jours. Toutefois, il existe aussi des sph\u00e8res de connaissances fort &hellip; <a href=\"https:\/\/cimbcc.org\/test2\/nouvelle-saison-pour-les-activites-pedagogiques\/\" class=\"more-link\">Continuer la lecture de <span class=\"screen-reader-text\">Nouvelle saison pour les activit\u00e9s p\u00e9dagogiques<\/span>  <span class=\"meta-nav\">&rarr;<\/span><\/a><\/p>\n","protected":false},"author":43,"featured_media":0,"comment_status":"open","ping_status":"closed","sticky":false,"template":"","format":"standard","meta":{"footnotes":""},"categories":[1],"tags":[1887,2133,2134,1889,186,1027,354,1890,1891],"class_list":["post-50077","post","type-post","status-publish","format-standard","hentry","category-sans-categories","tag-education-permanente","tag-formation-continue","tag-les-belles-heures","tag-monteregie","tag-saint-bruno-de-montarville","tag-universite-de-montreal","tag-universite-de-shebrooke","tag-universite-du-troisieme-age","tag-uta"],"_links":{"self":[{"href":"https:\/\/cimbcc.org\/test2\/wp-json\/wp\/v2\/posts\/50077","targetHints":{"allow":["GET"]}}],"collection":[{"href":"https:\/\/cimbcc.org\/test2\/wp-json\/wp\/v2\/posts"}],"about":[{"href":"https:\/\/cimbcc.org\/test2\/wp-json\/wp\/v2\/types\/post"}],"author":[{"embeddable":true,"href":"https:\/\/cimbcc.org\/test2\/wp-json\/wp\/v2\/users\/43"}],"replies":[{"embeddable":true,"href":"https:\/\/cimbcc.org\/test2\/wp-json\/wp\/v2\/comments?post=50077"}],"version-history":[{"count":8,"href":"https:\/\/cimbcc.org\/test2\/wp-json\/wp\/v2\/posts\/50077\/revisions"}],"predecessor-version":[{"id":50882,"href":"https:\/\/cimbcc.org\/test2\/wp-json\/wp\/v2\/posts\/50077\/revisions\/50882"}],"wp:attachment":[{"href":"https:\/\/cimbcc.org\/test2\/wp-json\/wp\/v2\/media?parent=50077"}],"wp:term":[{"taxonomy":"category","embeddable":true,"href":"https:\/\/cimbcc.org\/test2\/wp-json\/wp\/v2\/categories?post=50077"},{"taxonomy":"post_tag","embeddable":true,"href":"https:\/\/cimbcc.org\/test2\/wp-json\/wp\/v2\/tags?post=50077"}],"curies":[{"name":"wp","href":"https:\/\/api.w.org\/{rel}","templated":true}]}}