{"id":50281,"date":"2024-08-31T15:00:19","date_gmt":"2024-08-31T19:00:19","guid":{"rendered":"https:\/\/cimbcc.org\/test2\/?p=50281"},"modified":"2024-08-31T15:49:41","modified_gmt":"2024-08-31T19:49:41","slug":"windows-11-24h2-quelles-sont-les-nouveautes","status":"publish","type":"post","link":"https:\/\/cimbcc.org\/test2\/windows-11-24h2-quelles-sont-les-nouveautes\/","title":{"rendered":"Windows 11 24H2 \u2013 quelles sont les nouveaut\u00e9s ?"},"content":{"rendered":"<figure id=\"attachment_42194\" aria-describedby=\"caption-attachment-42194\" style=\"width: 125px\" class=\"wp-caption aligncenter\"><img loading=\"lazy\" decoding=\"async\" class=\"size-full wp-image-42194\" src=\"https:\/\/cimbcc.org\/test2\/wp-content\/uploads\/photo_vinet_daniel-e1667486419612.jpg\" alt=\"Daniel Vinet\" width=\"125\" height=\"132\" \/><figcaption id=\"caption-attachment-42194\" class=\"wp-caption-text\"><span style=\"color: #ffffff;\">mmmi<\/span>Daniel Vinet<\/figcaption><\/figure>\n<p style=\"text-align: justify;\">L\u2019automne arrive et celui-ci est souvent synonyme de nouveaux produits, comme si l\u2019\u00e9t\u00e9, cens\u00e9 \u00eatre tranquille, n\u2019aura servi qu\u2019\u00e0 pr\u00e9parer les lancements de la saison suivante associ\u00e9e \u00e0 la reprise d\u2019activit\u00e9s.<\/p>\n<p style=\"text-align: justify;\">Dans cette lign\u00e9e, <a href=\"https:\/\/fr.wikipedia.org\/wiki\/Microsoft\" target=\"_blank\" rel=\"noopener\"><em>Microsoft<\/em><\/a> lance annuellement la mise \u00e0 jour majeure de son syst\u00e8me d\u2019exploitation phare, <a href=\"https:\/\/fr.wikipedia.org\/wiki\/Windows_11\" target=\"_blank\" rel=\"noopener\"><em>Windows 11<\/em><\/a>. Ainsi, nous aurons droit \u00e0 la mise \u00e0 jour 24H2.<\/p>\n<p><!--more--><\/p>\n<h4 style=\"text-align: justify;\">Quelques pr\u00e9cisions<\/h4>\n<p style=\"text-align: justify;\">Notez que les informations que je m\u2019appr\u00eate \u00e0 vous donner ont :<\/p>\n<ul style=\"text-align: justify;\">\n<li>soit \u00e9t\u00e9 lanc\u00e9es de fa\u00e7on granulaire,<\/li>\n<li>soit elles ont \u00e9t\u00e9 rendues disponibles en version pr\u00e9liminaire \u00e0 un groupe restreint.<\/li>\n<\/ul>\n<p style=\"text-align: justify;\">Dans tous les cas, les disponibilit\u00e9s ne sont pas les m\u00eames sur la plan\u00e8te. C\u2019est pourquoi les images fournies sont en anglais, puisqu\u2019il s\u2019agit de la premi\u00e8re version disponible.<\/p>\n<p style=\"text-align: justify;\">Par ailleurs, la version 24H2 est pr\u00e9sentement disponible pour les nouveaux ordinateurs sur architecture <a href=\"https:\/\/fr.wikipedia.org\/wiki\/Architecture_ARM\" target=\"_blank\" rel=\"noopener\"><em>ARM-RISC<\/em><\/a> lanc\u00e9s au printemps et que j\u2019avais d\u00e9crits <a href=\"https:\/\/cimbcc.org\/test2\/microsoft-annonce-de-nouveaux-portables-et-fait-le-meme-pari-quapple\" target=\"_blank\" rel=\"noopener\">dans cet article<\/a>. Pour le reste d\u2019entre nous sur plateforme <a href=\"https:\/\/fr.wikipedia.org\/wiki\/X86\" target=\"_blank\" rel=\"noopener\"><em>x86<\/em><\/a> d\u2019<a href=\"https:\/\/fr.wikipedia.org\/wiki\/Intel\" target=\"_blank\" rel=\"noopener\"><em>Intel<\/em><\/a> et d\u2019<a href=\"https:\/\/fr.wikipedia.org\/wiki\/Advanced_Micro_Devices\" target=\"_blank\" rel=\"noopener\"><em>AMD<\/em><\/a>, le lancement est pr\u00e9vu pour octobre.<\/p>\n<h4>Place aux nouveaut\u00e9s<\/h4>\n<p style=\"text-align: justify;\">Premi\u00e8re modification importante, l\u2019image du bureau ne sera plus cette fleur de tissu num\u00e9rique que nous sommes habitu\u00e9s \u00e0 voir.<\/p>\n<figure id=\"attachment_50283\" aria-describedby=\"caption-attachment-50283\" style=\"width: 384px\" class=\"wp-caption aligncenter\"><img loading=\"lazy\" decoding=\"async\" class=\"size-full wp-image-50283\" src=\"https:\/\/cimbcc.org\/test2\/wp-content\/uploads\/chip_2024_09_24h2_1.jpg\" alt=\"\" width=\"384\" height=\"289\" srcset=\"https:\/\/cimbcc.org\/test2\/wp-content\/uploads\/chip_2024_09_24h2_1.jpg 384w, https:\/\/cimbcc.org\/test2\/wp-content\/uploads\/chip_2024_09_24h2_1-300x226.jpg 300w\" sizes=\"auto, (max-width: 384px) 100vw, 384px\" \/><figcaption id=\"caption-attachment-50283\" class=\"wp-caption-text\">Image embl\u00e9matique du bureau de Windows 11<\/figcaption><\/figure>\n<p style=\"text-align: justify;\">Dor\u00e9navant, le bureau affichera un paysage qui sera automatiquement chang\u00e9 de fa\u00e7on p\u00e9riodique. Notez qu\u2019\u00e0 chaque nouvelle it\u00e9ration, vous avez le choix entre quatre images diff\u00e9rentes. Une ic\u00f4ne sur le bureau au coin sup\u00e9rieur droit vous permettra ce changement ou d\u2019obtenir plus d\u2019informations sur l\u2019image affich\u00e9e.<\/p>\n<figure id=\"attachment_50284\" aria-describedby=\"caption-attachment-50284\" style=\"width: 262px\" class=\"wp-caption aligncenter\"><img loading=\"lazy\" decoding=\"async\" class=\"size-full wp-image-50284\" src=\"https:\/\/cimbcc.org\/test2\/wp-content\/uploads\/chip_2024_09_24h2_2.jpg\" alt=\"\" width=\"262\" height=\"433\" srcset=\"https:\/\/cimbcc.org\/test2\/wp-content\/uploads\/chip_2024_09_24h2_2.jpg 262w, https:\/\/cimbcc.org\/test2\/wp-content\/uploads\/chip_2024_09_24h2_2-182x300.jpg 182w\" sizes=\"auto, (max-width: 262px) 100vw, 262px\" \/><figcaption id=\"caption-attachment-50284\" class=\"wp-caption-text\">Menu de choix d\u2019image pour le bureau<\/figcaption><\/figure>\n<p style=\"text-align: justify;\">Notez que vous pouvez toujours continuer \u00e0 utiliser votre propre choix d\u2019image pour le bureau. Cette nouvelle fonctionnalit\u00e9 qui ressemble \u00e9trangement \u00e0 ce qu\u2019offrait l\u2019application <a href=\"https:\/\/www.microsoft.com\/en-us\/bing\/bing-wallpaper\" target=\"_blank\" rel=\"noopener\"><em>Bing Wallpaper<\/em><\/a> pour <a href=\"https:\/\/fr.wikipedia.org\/wiki\/Windows_10\" target=\"_blank\" rel=\"noopener\"><em>Windows 10<\/em><\/a>, il y a quelques ann\u00e9es, est simplement une option suppl\u00e9mentaire.<\/p>\n<h4>Nouvelles fonctionnalit\u00e9s pour les utilisateurs de t\u00e9l\u00e9phones Android<\/h4>\n<p style=\"text-align: justify;\"><em>Microsoft<\/em> am\u00e9liore son support des <a href=\"https:\/\/fr.wikipedia.org\/wiki\/Smartphone\" target=\"_blank\" rel=\"noopener\">t\u00e9l\u00e9phones intelligents<\/a>, principalement <a href=\"https:\/\/fr.wikipedia.org\/wiki\/Android\" target=\"_blank\" rel=\"noopener\"><em>Android<\/em><\/a>, mais fonctionne \u00e9galement avec <a href=\"https:\/\/fr.wikipedia.org\/wiki\/IPhone\" target=\"_blank\" rel=\"noopener\"><em>iPhone<\/em><\/a>. Le jumelage s\u2019effectue avec l\u2019application <em>Mobile Connect\u00e9<\/em>. Lorsque d\u00e9marr\u00e9e, vous devez choisir entre les plateformes <em>Android<\/em> ou <em>iPhone<\/em>, puis l\u2019application affichera un <a href=\"https:\/\/fr.wikipedia.org\/wiki\/Code_QR\" target=\"_blank\" rel=\"noopener\">code QR<\/a> que vous devez num\u00e9riser avec votre cellulaire. Le jumelage s\u2019effectue via le protocole <a href=\"https:\/\/fr.wikipedia.org\/wiki\/Bluetooth\" target=\"_blank\" rel=\"noopener\"><em>Bluetooth<\/em><\/a>.<\/p>\n<p style=\"text-align: justify;\"><img loading=\"lazy\" decoding=\"async\" class=\"alignleft size-full wp-image-50285\" src=\"https:\/\/cimbcc.org\/test2\/wp-content\/uploads\/chip_2024_09_24h2_3.jpg\" alt=\"\" width=\"125\" height=\"101\" \/><\/p>\n<p style=\"text-align: justify;\">Lorsque le jumelage est effectu\u00e9 entre votre ordinateur et votre t\u00e9l\u00e9phone, vous aurez acc\u00e8s \u00e0 un menu suppl\u00e9mentaire annex\u00e9 \u00e0 la droite du menu <em>D\u00e9marrer<\/em>, affichant diverses fonctionnalit\u00e9s comme l\u2019acc\u00e8s aux messages instantan\u00e9s et aux photos. Bien entendu, il est possible de d\u00e9sactiver ce menu compagnon du menu <em>D\u00e9marrer<\/em>, \u00e0 votre convenance.<\/p>\n<figure id=\"attachment_50286\" aria-describedby=\"caption-attachment-50286\" style=\"width: 432px\" class=\"wp-caption aligncenter\"><img loading=\"lazy\" decoding=\"async\" class=\"size-full wp-image-50286\" src=\"https:\/\/cimbcc.org\/test2\/wp-content\/uploads\/chip_2024_09_24h2_4.jpg\" alt=\"\" width=\"432\" height=\"366\" srcset=\"https:\/\/cimbcc.org\/test2\/wp-content\/uploads\/chip_2024_09_24h2_4.jpg 432w, https:\/\/cimbcc.org\/test2\/wp-content\/uploads\/chip_2024_09_24h2_4-300x254.jpg 300w\" sizes=\"auto, (max-width: 432px) 100vw, 432px\" \/><figcaption id=\"caption-attachment-50286\" class=\"wp-caption-text\">Menu de d\u00e9marrage et son compagnon d\u2019appareil mobile<\/figcaption><\/figure>\n<p style=\"text-align: justify;\">En cliquant sur l\u2019ic\u00f4ne du mobile, une fen\u00eatre r\u00e9pliquant votre appareil appara\u00eet. Ainsi, vous avez acc\u00e8s directement aux fonctionnalit\u00e9s de votre t\u00e9l\u00e9phone intelligent \u00e0 travers <em>Windows 11<\/em>. Plut\u00f4t impressionnant.<\/p>\n<p><img loading=\"lazy\" decoding=\"async\" class=\"size-full wp-image-50287 aligncenter\" src=\"https:\/\/cimbcc.org\/test2\/wp-content\/uploads\/chip_2024_09_24h2_5.jpg\" alt=\"\" width=\"224\" height=\"489\" srcset=\"https:\/\/cimbcc.org\/test2\/wp-content\/uploads\/chip_2024_09_24h2_5.jpg 224w, https:\/\/cimbcc.org\/test2\/wp-content\/uploads\/chip_2024_09_24h2_5-137x300.jpg 137w\" sizes=\"auto, (max-width: 224px) 100vw, 224px\" \/><\/p>\n<h4>Le menu d\u2019actions rapides plus convivial<\/h4>\n<p style=\"text-align: justify;\">Au bas, compl\u00e8tement \u00e0 droite dans votre barre des t\u00e2ches, le menu d\u2019actions rapides a \u00e9t\u00e9 am\u00e9lior\u00e9, vous obtenez maintenant toutes les options disponibles et vous pouvez d\u00e9filer celles-ci avec la roulette de votre souris sur un maximum de deux lignes. \u00c9tant donn\u00e9 qu\u2019il n\u2019est plus possible d\u2019avoir uniquement les options d\u00e9sir\u00e9es comme avant, vous pouvez maintenant les r\u00e9organiser selon vos besoins en faisant glisser l\u2019objet \u00e0 la place souhait\u00e9e afin d\u2019en changer l\u2019ordre.<\/p>\n<figure id=\"attachment_50288\" aria-describedby=\"caption-attachment-50288\" style=\"width: 247px\" class=\"wp-caption aligncenter\"><img loading=\"lazy\" decoding=\"async\" class=\"size-full wp-image-50288\" src=\"https:\/\/cimbcc.org\/test2\/wp-content\/uploads\/chip_2024_09_24h2_6.jpg\" alt=\"\" width=\"247\" height=\"285\" \/><figcaption id=\"caption-attachment-50288\" class=\"wp-caption-text\">Le menu \u00e0 actions rapides est plus souple<\/figcaption><\/figure>\n<p style=\"text-align: justify;\">Au sujet de la fonctionnalit\u00e9 de connexion au <a href=\"https:\/\/fr.wikipedia.org\/wiki\/R\u00e9seau_sans_fil\" target=\"_blank\" rel=\"noopener\">r\u00e9seau sans-fil<\/a>, un bouton de rafra\u00eechissement a \u00e9t\u00e9 rajout\u00e9 afin d\u2019effectuer un nouveau balayage des r\u00e9seaux disponibles \u00e0 proximit\u00e9.<\/p>\n<h4>L\u00e9g\u00e8re modification \u00e0 l\u2019explorateur de fichiers<\/h4>\n<p style=\"text-align: justify;\">\u00c0 l\u2019ouverture de l\u2019explorateur de fichier, vous remarquerez que <em>Microsoft<\/em> regroupe maintenant en une seule ligne les options de fichiers <strong>r\u00e9cents<\/strong>, les fichiers <strong>favoris<\/strong> et les fichiers <strong>partag\u00e9s<\/strong>. Vous activez chacun en cliquant dessus.<\/p>\n<p><img loading=\"lazy\" decoding=\"async\" class=\"size-full wp-image-50289 aligncenter\" src=\"https:\/\/cimbcc.org\/test2\/wp-content\/uploads\/chip_2024_09_24h2_7.jpg\" alt=\"\" width=\"432\" height=\"287\" srcset=\"https:\/\/cimbcc.org\/test2\/wp-content\/uploads\/chip_2024_09_24h2_7.jpg 432w, https:\/\/cimbcc.org\/test2\/wp-content\/uploads\/chip_2024_09_24h2_7-300x199.jpg 300w, https:\/\/cimbcc.org\/test2\/wp-content\/uploads\/chip_2024_09_24h2_7-120x80.jpg 120w\" sizes=\"auto, (max-width: 432px) 100vw, 432px\" \/><\/p>\n<p style=\"text-align: justify;\">Une nouvelle fonctionnalit\u00e9 de duplication de l\u2019onglet actif a \u00e9galement \u00e9t\u00e9 ajout\u00e9e. Bien que j\u2019en vois difficilement la praticit\u00e9, il faut croire que celle-ci ait \u00e9t\u00e9 en demande, puisqu\u2019ajout\u00e9e \u00e0 cette mise \u00e0 jour. Bref, cette fonction ajoutera un nouvel onglet localis\u00e9 au m\u00eame endroit o\u00f9 vous \u00e9tiez dans votre exploration de fichiers.<\/p>\n<p><img loading=\"lazy\" decoding=\"async\" class=\"size-full wp-image-50290 aligncenter\" src=\"https:\/\/cimbcc.org\/test2\/wp-content\/uploads\/chip_2024_09_24h2_8.jpg\" alt=\"\" width=\"246\" height=\"111\" \/><\/p>\n<h4>Menu contextuel clarifi\u00e9<\/h4>\n<p style=\"text-align: justify;\">Lorsque vous cliquez avec le bouton droit de votre souris sur un fichier, un <a href=\"https:\/\/fr.wikipedia.org\/wiki\/Menu_contextuel\" target=\"_blank\" rel=\"noopener\">menu contextuel<\/a> appara\u00eet vous donnant ainsi acc\u00e8s \u00e0 diverses op\u00e9rations relatives \u00e0 l\u2019objet en question. <em>Microsoft<\/em> a d\u00e9cid\u00e9 de clarifier ce menu contextuel. Les ic\u00f4nes d\u2019op\u00e9rations les plus courantes ont \u00e9t\u00e9 d\u00e9plac\u00e9es au haut de la fen\u00eatre et un intitul\u00e9 pour chacune a \u00e9t\u00e9 ajout\u00e9.<\/p>\n<p><img loading=\"lazy\" decoding=\"async\" class=\"size-full wp-image-50291 aligncenter\" src=\"https:\/\/cimbcc.org\/test2\/wp-content\/uploads\/chip_2024_09_24h2_9.jpg\" alt=\"\" width=\"297\" height=\"290\" \/><\/p>\n<p style=\"text-align: justify;\">Notez que ce changement rend ces fonctionnalit\u00e9s plus facilement accessibles pour les utilisateurs d\u2019<a href=\"https:\/\/fr.wikipedia.org\/wiki\/\u00c9cran_tactile\" target=\"_blank\" rel=\"noopener\">\u00e9cran tactile<\/a>.<\/p>\n<p style=\"text-align: justify;\"><em>Microsoft<\/em> a \u00e9galement facilit\u00e9 le partage de fichiers (<em>Share<\/em>) entre <em>Windows<\/em> et votre appareil mobile vous permettant un transfert facile de fichiers entre appareils.<\/p>\n<h4 style=\"text-align: justify;\">Ajout de la compression de fichiers \u00e0 diff\u00e9rents formats<\/h4>\n<p style=\"text-align: justify;\">Lors de la mise \u00e0 jour 23H2 l\u2019an dernier, <em>Microsoft<\/em> avait ajout\u00e9 la d\u00e9compression de fichiers aux formats 7z (<a href=\"https:\/\/fr.wikipedia.org\/wiki\/7-Zip\" target=\"_blank\" rel=\"noopener\"><em>7-Zip<\/em><\/a>) et <a href=\"https:\/\/fr.wikipedia.org\/wiki\/Tar_(informatique)\" target=\"_blank\" rel=\"noopener\"><em>TAR<\/em><\/a>. Dans la version 24H2, il nous est maintenant possible d\u2019en cr\u00e9er. Le format 7z est tr\u00e8s utilis\u00e9 par les informaticiens pour sa maniabilit\u00e9 et ses performances. Pour ce qui est du format TAR, celui-ci est principalement utilis\u00e9 dans le monde <em>Unix<\/em>, mais \u00e9galement <a href=\"https:\/\/fr.wikipedia.org\/wiki\/Linux\" target=\"_blank\" rel=\"noopener\"><em>Linux<\/em><\/a>.<\/p>\n<figure id=\"attachment_50292\" aria-describedby=\"caption-attachment-50292\" style=\"width: 303px\" class=\"wp-caption aligncenter\"><img loading=\"lazy\" decoding=\"async\" class=\"size-full wp-image-50292\" src=\"https:\/\/cimbcc.org\/test2\/wp-content\/uploads\/chip_2024_09_24h2_10.jpg\" alt=\"\" width=\"303\" height=\"91\" srcset=\"https:\/\/cimbcc.org\/test2\/wp-content\/uploads\/chip_2024_09_24h2_10.jpg 303w, https:\/\/cimbcc.org\/test2\/wp-content\/uploads\/chip_2024_09_24h2_10-300x90.jpg 300w\" sizes=\"auto, (max-width: 303px) 100vw, 303px\" \/><figcaption id=\"caption-attachment-50292\" class=\"wp-caption-text\">Les formats 7z et TAR sont disponibles \u00e0 la compression<\/figcaption><\/figure>\n<p style=\"text-align: justify;\">Notez l\u2019option \u00ab\u00a0<em>Additional options<\/em>\u00a0\u00bb qui donne acc\u00e8s \u00e0 d\u2019autres formats de compression.<\/p>\n<h4>Les applications retir\u00e9es<\/h4>\n<p style=\"text-align: justify;\">Dans cette mise \u00e0 jour, <em>Microsoft<\/em> en profite pour retirer certains produits comme <a href=\"https:\/\/fr.wikipedia.org\/wiki\/Cortana_(assistant_personnel_intelligent)\" target=\"_blank\" rel=\"noopener\"><em>Cortana<\/em><\/a>, la fameuse <a href=\"https:\/\/fr.wikipedia.org\/wiki\/Assistant_personnel_intelligent\" target=\"_blank\" rel=\"noopener\">assistante personnelle intelligente<\/a> qui, au final, n\u2019\u00e9tait pas tr\u00e8s performante. Bien que <em>Microsoft<\/em> ait amorc\u00e9 le retrait de <em>Cortana<\/em> en 2020, il nous \u00e9tait impossible de d\u00e9sinstaller celle-ci par nous-m\u00eames.<\/p>\n<p style=\"text-align: justify;\">Si vous \u00eates curieux comme moi, \u00e0 son lancement, vous avez s\u00fbrement essay\u00e9 d\u2019int\u00e9grer <em>Cortana<\/em> \u00e0 vos op\u00e9rations. Toutefois, il suffisait que de quelques minutes pour en constater toutes les limitations. Malheureusement, le peu d\u2019am\u00e9liorations apport\u00e9es par <em>Microsoft<\/em> n\u2019a jamais \u00e9t\u00e9 suffisant pour en faire une assistante intelligente digne de ce nom.<\/p>\n<p style=\"text-align: justify;\">Bref, ce produit est plut\u00f4t consid\u00e9r\u00e9 comme un flop. J\u2019en parlais d\u2019ailleurs dans <a href=\"https:\/\/cimbcc.org\/test2\/lhistoire-de-windows-cinquieme-et-derniere-partie\" target=\"_blank\" rel=\"noopener\">cet autre article<\/a> de ma s\u00e9rie sur l\u2019historique de <em>Windows<\/em>.<\/p>\n<h4>Exit l\u2019application WordPad<\/h4>\n<p style=\"text-align: justify;\"><img loading=\"lazy\" decoding=\"async\" class=\"alignleft size-full wp-image-50293\" src=\"https:\/\/cimbcc.org\/test2\/wp-content\/uploads\/chip_2024_09_24h2_11.jpg\" alt=\"\" width=\"77\" height=\"96\" \/>Ici, nous avons un choix discutable qui fera assur\u00e9ment des malheureux. L\u2019application <a href=\"https:\/\/fr.wikipedia.org\/wiki\/WordPad\" target=\"_blank\" rel=\"noopener\"><em>WordPad<\/em><\/a>, pr\u00e9sente depuis <a href=\"https:\/\/fr.wikipedia.org\/wiki\/Windows_95\" target=\"_blank\" rel=\"noopener\"><em>Windows 95<\/em><\/a>, est retir\u00e9e. <em>Microsoft<\/em> consid\u00e8re l\u2019application <a href=\"https:\/\/fr.wikipedia.org\/wiki\/Bloc-notes_(Windows)\" target=\"_blank\" rel=\"noopener\"><em>Bloc-Note<\/em><\/a><em>s<\/em> suffisante pour nos besoins de base. Sinon, pour des n\u00e9cessit\u00e9s plus importantes, <em>Microsoft<\/em> nous redirige promptement vers <a href=\"https:\/\/fr.wikipedia.org\/wiki\/Microsoft_Word\" target=\"_blank\" rel=\"noopener\"><em>Word<\/em><\/a>, solution payante.<\/p>\n<p style=\"text-align: justify;\">Notez que <em>Microsoft<\/em> en cesse le d\u00e9veloppement. Il ne sera donc pas possible de t\u00e9l\u00e9charger <em>WordPad<\/em> du <a href=\"https:\/\/fr.wikipedia.org\/wiki\/Microsoft_Store_(programme)\" target=\"_blank\" rel=\"noopener\"><em>Microsoft Store<\/em><\/a>.<\/p>\n<h4 style=\"text-align: justify;\">Autres applications retir\u00e9es de l\u2019installation de base de Windows 11<\/h4>\n<p style=\"text-align: justify;\">Voici en lots, d\u2019autres applications qui seront retir\u00e9es des applications fournies de base avec <em>Windows 11<\/em>. Notez que, contrairement \u00e0 <em>WordPad<\/em>, certaines seront disponibles au t\u00e9l\u00e9chargement dans le <em>Microsoft Store <\/em>:<\/p>\n<p><img loading=\"lazy\" decoding=\"async\" class=\"size-full wp-image-50325 aligncenter\" src=\"https:\/\/cimbcc.org\/test2\/wp-content\/uploads\/chip_2024_09_24h2_20.jpg\" alt=\"\" width=\"499\" height=\"562\" srcset=\"https:\/\/cimbcc.org\/test2\/wp-content\/uploads\/chip_2024_09_24h2_20.jpg 499w, https:\/\/cimbcc.org\/test2\/wp-content\/uploads\/chip_2024_09_24h2_20-266x300.jpg 266w\" sizes=\"auto, (max-width: 499px) 100vw, 499px\" \/><\/p>\n<h4 style=\"text-align: justify;\">Le nouvel Outlook devient l\u2019application d\u2019office<\/h4>\n<p style=\"text-align: justify;\">Lanc\u00e9e depuis une bonne ann\u00e9e, la nouvelle interface d\u2019<em>Outlook<\/em> \u00e9tait offerte \u00e0 l\u2019essai. Si vous n\u2019aimiez pas cette nouvelle interface, il vous \u00e9tait toujours possible de revenir en arri\u00e8re au mode de pr\u00e9sentation pr\u00e9c\u00e9dent.<\/p>\n<p style=\"text-align: justify;\">\u00c0 compter de la mise \u00e0 jour 24H2, le nouvel <em>Outlook<\/em> devient l\u2019apparence par d\u00e9faut. Il n\u2019est plus possible de revenir en arri\u00e8re.<\/p>\n<p><img loading=\"lazy\" decoding=\"async\" class=\"size-full wp-image-50327 aligncenter\" src=\"https:\/\/cimbcc.org\/test2\/wp-content\/uploads\/chip_2024_09_24h2_17m.jpg\" alt=\"\" width=\"947\" height=\"542\" srcset=\"https:\/\/cimbcc.org\/test2\/wp-content\/uploads\/chip_2024_09_24h2_17m.jpg 947w, https:\/\/cimbcc.org\/test2\/wp-content\/uploads\/chip_2024_09_24h2_17m-300x172.jpg 300w, https:\/\/cimbcc.org\/test2\/wp-content\/uploads\/chip_2024_09_24h2_17m-768x440.jpg 768w\" sizes=\"auto, (max-width: 947px) 100vw, 947px\" \/><\/p>\n<p style=\"text-align: justify;\">Pire, le nouvel <em>Outlook<\/em> remplace l\u2019application <em>Courrier<\/em>, comme pr\u00e9cis\u00e9 dans le tableau ci-haut. Il int\u00e8gre \u00e9galement les pr\u00e9c\u00e9dentes applications <em>Calendrier<\/em> et <em>Contacts<\/em>. La bonne vieille application <em>Courrier<\/em> n\u2019est plus. Pour les habitu\u00e9s, ce sera une transition importante. Aussi bien s\u2019y faire d\u00e8s maintenant.<\/p>\n<h4>CoPilot devient une application d\u00e9di\u00e9e<\/h4>\n<p style=\"text-align: justify;\">Lanc\u00e9 en f\u00e9vrier 2023, <a href=\"https:\/\/fr.wikipedia.org\/wiki\/Microsoft_Copilot\" target=\"_blank\" rel=\"noopener\"><em>CoPilot<\/em><\/a> est l\u2019<a href=\"https:\/\/fr.wikipedia.org\/wiki\/Chatbot\" target=\"_blank\" rel=\"noopener\">agent conversationnel<\/a> de <em>Microsoft<\/em> utilisant la technologie <a href=\"https:\/\/fr.wikipedia.org\/wiki\/ChatGPT\" target=\"_blank\" rel=\"noopener\"><em>ChatGPT<\/em><\/a> de l\u2019entreprise <a href=\"https:\/\/fr.wikipedia.org\/wiki\/OpenAI\" target=\"_blank\" rel=\"noopener\"><em>OpenAI<\/em><\/a>. Celui-ci succ\u00e8de \u00e0 <em>Cortana<\/em> que nous avons vu plus haut.<\/p>\n<p style=\"text-align: justify;\">Auparavant disponible sous forme d\u2019un menu \u00e0 droite de l\u2019\u00e9cran, <em>CoPilot<\/em> devient une application \u00e0 part enti\u00e8re et est disponible dans votre liste d\u2019applications au menu <em>D\u00e9marrer<\/em>.<\/p>\n<figure id=\"attachment_50317\" aria-describedby=\"caption-attachment-50317\" style=\"width: 380px\" class=\"wp-caption aligncenter\"><img loading=\"lazy\" decoding=\"async\" class=\"size-full wp-image-50317\" src=\"https:\/\/cimbcc.org\/test2\/wp-content\/uploads\/chip_2024_09_24h2_18.jpg\" alt=\"\" width=\"380\" height=\"180\" srcset=\"https:\/\/cimbcc.org\/test2\/wp-content\/uploads\/chip_2024_09_24h2_18.jpg 380w, https:\/\/cimbcc.org\/test2\/wp-content\/uploads\/chip_2024_09_24h2_18-300x142.jpg 300w\" sizes=\"auto, (max-width: 380px) 100vw, 380px\" \/><figcaption id=\"caption-attachment-50317\" class=\"wp-caption-text\">CoPilot maintenant disponible comme application<\/figcaption><\/figure>\n<p style=\"text-align: justify;\">Sous une apparence simpliste, cette nouvelle application donne acc\u00e8s \u00e0 une puissante <a href=\"https:\/\/fr.wikipedia.org\/wiki\/Intelligence_artificielle\" target=\"_blank\" rel=\"noopener\">I.A.<\/a> dont les prouesses ne cessent de nous surprendre. La portion gauche de la fen\u00eatre affiche un historique de vos recherches.<\/p>\n<figure id=\"attachment_50318\" aria-describedby=\"caption-attachment-50318\" style=\"width: 432px\" class=\"wp-caption aligncenter\"><img loading=\"lazy\" decoding=\"async\" class=\"size-full wp-image-50318\" src=\"https:\/\/cimbcc.org\/test2\/wp-content\/uploads\/chip_2024_09_24h2_19.jpg\" alt=\"\" width=\"432\" height=\"283\" srcset=\"https:\/\/cimbcc.org\/test2\/wp-content\/uploads\/chip_2024_09_24h2_19.jpg 432w, https:\/\/cimbcc.org\/test2\/wp-content\/uploads\/chip_2024_09_24h2_19-300x197.jpg 300w, https:\/\/cimbcc.org\/test2\/wp-content\/uploads\/chip_2024_09_24h2_19-120x80.jpg 120w\" sizes=\"auto, (max-width: 432px) 100vw, 432px\" \/><figcaption id=\"caption-attachment-50318\" class=\"wp-caption-text\">La nouvelle application CoPilot<\/figcaption><\/figure>\n<p style=\"text-align: justify;\">Cependant, il faut savoir qu\u2019il s\u2019agit ici d\u2019une <a href=\"https:\/\/fr.wikipedia.org\/wiki\/Application_web\" target=\"_blank\" rel=\"noopener\">application Web<\/a>, c\u2019est-\u00e0-dire qu\u2019elle est ax\u00e9e <a href=\"https:\/\/fr.wikipedia.org\/wiki\/Internet\" target=\"_blank\" rel=\"noopener\">sur Internet<\/a>. De ce fait, <em>CoPilot<\/em> a perdu la possibilit\u00e9 d\u2019interagir avec votre poste de travail.<\/p>\n<p style=\"text-align: justify;\">Par exemple, dans sa version pr\u00e9c\u00e9dente, vous pouviez demander \u00e0 <em>CoPilot<\/em> d\u2019activer le mode concentration afin de ne pas \u00eatre d\u00e9rang\u00e9 lorsque vous travaillez. Ou encore, vous pouviez demander \u00e0 <em>CoPilot<\/em> de changer l\u2019apparence de <em>Windows<\/em> pour le mode sombre ou clair. Toutes ces interactions ont disparu, pour le moment. Toutefois, rien n\u2019indique qu\u2019elles ne reviendront pas dans le futur.<\/p>\n<p style=\"text-align: justify;\">Point important, pour les personnes qui ne d\u00e9sirent pas utiliser <em>CoPilot<\/em>, il sera possible de d\u00e9sinstaller l\u2019application.<\/p>\n<h4>D\u2019autres modifications mineures<\/h4>\n<p style=\"text-align: justify;\">Outre ces modifications, somme toute importantes, d\u2019autres changements mineurs sont \u00e9galement apport\u00e9s \u00e0 <em>Windows 11<\/em>, tels que de nouvelles options pour la gestion de l\u2019\u00e9nergie ainsi que de nouvelles fonctionnalit\u00e9s pour les souris \u00e0 multiples boutons.<\/p>\n<p style=\"text-align: justify;\">D\u2019autres modifications de derni\u00e8res minutes pourraient \u00eatre apport\u00e9es au cours des prochaines semaines, mais disons qu\u2019il s\u2019agit l\u00e0 des points importants qui feront partie de la prochaine mise \u00e0 jour majeure de <em>Windows 11<\/em>.<\/p>\n<p>Daniel Vinet<\/p>\n","protected":false},"excerpt":{"rendered":"<p>L\u2019automne arrive et celui-ci est souvent synonyme de nouveaux produits, comme si l\u2019\u00e9t\u00e9, cens\u00e9 \u00eatre tranquille, n\u2019aura servi qu\u2019\u00e0 pr\u00e9parer les lancements de la saison suivante associ\u00e9e \u00e0 la reprise d\u2019activit\u00e9s. Dans cette lign\u00e9e, Microsoft lance annuellement la mise \u00e0 jour majeure de son syst\u00e8me d\u2019exploitation phare, Windows 11. Ainsi, nous aurons droit \u00e0 la &hellip; <a href=\"https:\/\/cimbcc.org\/test2\/windows-11-24h2-quelles-sont-les-nouveautes\/\" class=\"more-link\">Continuer la lecture de <span class=\"screen-reader-text\">Windows 11 24H2 \u2013 quelles sont les nouveaut\u00e9s ?<\/span>  <span class=\"meta-nav\">&rarr;<\/span><\/a><\/p>\n","protected":false},"author":43,"featured_media":0,"comment_status":"open","ping_status":"closed","sticky":false,"template":"","format":"standard","meta":{"footnotes":""},"categories":[1594],"tags":[2034,600,1327,1499],"class_list":["post-50281","post","type-post","status-publish","format-standard","hentry","category-chronique-technique","tag-24h2","tag-mise-a-jour","tag-nouveautes","tag-windows-11"],"_links":{"self":[{"href":"https:\/\/cimbcc.org\/test2\/wp-json\/wp\/v2\/posts\/50281","targetHints":{"allow":["GET"]}}],"collection":[{"href":"https:\/\/cimbcc.org\/test2\/wp-json\/wp\/v2\/posts"}],"about":[{"href":"https:\/\/cimbcc.org\/test2\/wp-json\/wp\/v2\/types\/post"}],"author":[{"embeddable":true,"href":"https:\/\/cimbcc.org\/test2\/wp-json\/wp\/v2\/users\/43"}],"replies":[{"embeddable":true,"href":"https:\/\/cimbcc.org\/test2\/wp-json\/wp\/v2\/comments?post=50281"}],"version-history":[{"count":17,"href":"https:\/\/cimbcc.org\/test2\/wp-json\/wp\/v2\/posts\/50281\/revisions"}],"predecessor-version":[{"id":50330,"href":"https:\/\/cimbcc.org\/test2\/wp-json\/wp\/v2\/posts\/50281\/revisions\/50330"}],"wp:attachment":[{"href":"https:\/\/cimbcc.org\/test2\/wp-json\/wp\/v2\/media?parent=50281"}],"wp:term":[{"taxonomy":"category","embeddable":true,"href":"https:\/\/cimbcc.org\/test2\/wp-json\/wp\/v2\/categories?post=50281"},{"taxonomy":"post_tag","embeddable":true,"href":"https:\/\/cimbcc.org\/test2\/wp-json\/wp\/v2\/tags?post=50281"}],"curies":[{"name":"wp","href":"https:\/\/api.w.org\/{rel}","templated":true}]}}