{"id":50679,"date":"2024-09-12T18:15:27","date_gmt":"2024-09-12T22:15:27","guid":{"rendered":"https:\/\/cimbcc.org\/test2\/?p=50679"},"modified":"2024-09-12T18:15:27","modified_gmt":"2024-09-12T22:15:27","slug":"arrivee-de-liphone-16-linnovation-sessouffle","status":"publish","type":"post","link":"https:\/\/cimbcc.org\/test2\/arrivee-de-liphone-16-linnovation-sessouffle\/","title":{"rendered":"Arriv\u00e9e de l\u2019iPhone 16 &#8211; l\u2019innovation s\u2019essouffle"},"content":{"rendered":"<figure id=\"attachment_42194\" aria-describedby=\"caption-attachment-42194\" style=\"width: 125px\" class=\"wp-caption aligncenter\"><img loading=\"lazy\" decoding=\"async\" class=\"size-full wp-image-42194\" src=\"https:\/\/cimbcc.org\/test2\/wp-content\/uploads\/photo_vinet_daniel-e1667486419612.jpg\" alt=\"Daniel Vinet\" width=\"125\" height=\"132\" \/><figcaption id=\"caption-attachment-42194\" class=\"wp-caption-text\"><span style=\"color: #ffffff;\">mmmn<\/span>Daniel Vinet<\/figcaption><\/figure>\n<p style=\"text-align: justify;\">Lundi 9 septembre dernier avait lieu la pr\u00e9sentation annuelle d\u2019<a href=\"https:\/\/fr.wikipedia.org\/wiki\/Apple\" target=\"_blank\" rel=\"noopener\"><em>Apple<\/em><\/a> pour son nouvel <a href=\"https:\/\/fr.wikipedia.org\/wiki\/IPhone\" target=\"_blank\" rel=\"noopener\"><em>iPhone<\/em><\/a>. <em>Apple<\/em> en profite \u00e9galement pour pr\u00e9senter d\u2019autres mises \u00e0 jour de ses produits. Au fil des ann\u00e9es, si nous commencions \u00e0 sentir un certain ralentissement dans les innovations apport\u00e9es \u00e0 ceux-ci, cette ann\u00e9e, nous avons clairement observ\u00e9 un essoufflement.<\/p>\n<p><!--more--><\/p>\n<hr \/>\n<h4>L\u2019iPhone 16<sup>e<\/sup> g\u00e9n\u00e9ration<\/h4>\n<p style=\"text-align: justify;\"><em>Apple<\/em> a pr\u00e9sent\u00e9 l\u2019<em>iPhone 16<\/em> qui se d\u00e9cline en deux cat\u00e9gories, standard et Pro, pour un total de quatre versions, comme par les ann\u00e9es pass\u00e9es. Nous avons donc\u00a0:<\/p>\n<ul>\n<li style=\"text-align: justify;\">iPhone 16 \u00e0 \u00e9cran <a href=\"https:\/\/fr.wikipedia.org\/wiki\/Diode_\u00e9lectroluminescente_organique\" target=\"_blank\" rel=\"noopener\">OLED<\/a> 60 <a href=\"https:\/\/fr.wikipedia.org\/wiki\/Hertz\" target=\"_blank\" rel=\"noopener\">Hz<\/a> de 6,1 pouces<\/li>\n<li style=\"text-align: justify;\">iPhone 16 Plus \u00e0 \u00e9cran OLED 60 Hz de 6,7 pouces.<\/li>\n<li style=\"text-align: justify;\">iPhone 16 Pro \u00e0 \u00e9cran OLED 120 Hz adaptatif de 6,3 pouces<\/li>\n<li style=\"text-align: justify;\">iPhone 16 Pro Max \u00e0 \u00e9cran OLED 120 Hz adaptatif de 6,9 pouces<\/li>\n<\/ul>\n<p><img loading=\"lazy\" decoding=\"async\" class=\"size-full wp-image-50682 aligncenter\" src=\"https:\/\/cimbcc.org\/test2\/wp-content\/uploads\/chip_2024_09_apple_1.jpg\" alt=\"\" width=\"799\" height=\"473\" srcset=\"https:\/\/cimbcc.org\/test2\/wp-content\/uploads\/chip_2024_09_apple_1.jpg 799w, https:\/\/cimbcc.org\/test2\/wp-content\/uploads\/chip_2024_09_apple_1-300x178.jpg 300w, https:\/\/cimbcc.org\/test2\/wp-content\/uploads\/chip_2024_09_apple_1-768x455.jpg 768w\" sizes=\"auto, (max-width: 799px) 100vw, 799px\" \/><\/p>\n<p style=\"text-align: justify;\">Les deux premiers sont propuls\u00e9s par la nouvelle puce <em>Apple<\/em> <a href=\"https:\/\/fr.wikipedia.org\/wiki\/Apple_silicon#S\u00e9rie_A\" target=\"_blank\" rel=\"noopener\"><em>A18<\/em><\/a>, alors que les deux suivants utilisent une puce <em>A18 Pro<\/em>. Les diff\u00e9rences entre les deux sont minimes. Ces nouvelles puces sont plus rapides et consomment moins d\u2019\u00e9nergie que les g\u00e9n\u00e9rations pr\u00e9c\u00e9dentes. Aux dires d\u2019<em>Apple<\/em>, ceci augmenterait significativement la dur\u00e9e d\u2019utilisation sur une seule charge. Toutefois, <em>Apple<\/em> n\u2019a fourni aucune pr\u00e9cision en ce qui a trait \u00e0 la dur\u00e9e totale pour une utilisation moyenne. Il faudra donc attendre les tests \u00e0 ce sujet pour en saisir la r\u00e9elle am\u00e9lioration.<\/p>\n<p style=\"text-align: justify;\">Par ailleurs, un taux de rafra\u00eechissement \u00e0 60 Hz pour les deux premiers mod\u00e8les est plut\u00f4t d\u00e9pass\u00e9. La plupart des fabricants de <a href=\"https:\/\/fr.wikipedia.org\/wiki\/Smartphone\" target=\"_blank\" rel=\"noopener\">t\u00e9l\u00e9phones intelligent<\/a>s ont mis \u00e0 jour leur \u00e9cran \u00e0 120 Hz pour un prix de vente moindre qu\u2019<em>Apple<\/em>. \u00c0 titre informatif, sachez qu\u2019un taux de rafra\u00eechissement plus \u00e9lev\u00e9 am\u00e9liore la fluidit\u00e9 des images lors du d\u00e9filement, r\u00e9duisant ainsi la fatigue oculaire.<\/p>\n<p style=\"text-align: justify;\">C\u00f4t\u00e9 <a href=\"https:\/\/fr.wikipedia.org\/wiki\/Microprocesseur\" target=\"_blank\" rel=\"noopener\">processeur<\/a>, la firme \u00e0 la pomme utilise toujours le principe de <a href=\"https:\/\/fr.wikipedia.org\/wiki\/Syst\u00e8me_sur_une_puce\" target=\"_blank\" rel=\"noopener\">SoC<\/a> (<em>System on CHIP<\/em>) pour ses puces, soit litt\u00e9ralement un syst\u00e8me complet embarqu\u00e9 sur une puce, technique utilis\u00e9e pour l\u2019ensemble de ses produits incluant ses tablettes <a href=\"https:\/\/fr.wikipedia.org\/wiki\/IPad\" target=\"_blank\" rel=\"noopener\"><em>iPad<\/em><\/a> et ses ordinateurs <a href=\"https:\/\/fr.wikipedia.org\/wiki\/Macintosh\" target=\"_blank\" rel=\"noopener\"><em>Mac<\/em><\/a>.<\/p>\n<h5><em>Quelles sont les am\u00e9liorations ?<\/em><\/h5>\n<p style=\"text-align: justify;\">Le <em>iPhone 16<\/em> am\u00e8ne peu de nouveaut\u00e9s et celles-ci visent principalement les fonctionnalit\u00e9s de photo et vid\u00e9o\u00a0:<\/p>\n<ul>\n<li>Photo \u00e0 48 <a href=\"https:\/\/fr.wikipedia.org\/wiki\/Pixel#M\u00e9gapixel\" target=\"_blank\" rel=\"noopener\">m\u00e9gapixels<\/a><\/li>\n<li>Zoom optique jusqu\u2019\u00e0 5X<\/li>\n<li>De nouveaux effets photos et contr\u00f4les des couleurs<\/li>\n<li>Vid\u00e9os <a href=\"https:\/\/fr.wikipedia.org\/wiki\/4K\" target=\"_blank\" rel=\"noopener\">4K<\/a> jusqu\u2019\u00e0 60 images par seconde (ips)<\/li>\n<li>Effet <a href=\"https:\/\/fr.wikipedia.org\/wiki\/Cin\u00e9matique\" target=\"_blank\" rel=\"noopener\">cin\u00e9matique<\/a> de vid\u00e9o ralenti en <a href=\"https:\/\/en.wikipedia.org\/wiki\/Dolby_Vision\" target=\"_blank\" rel=\"noopener\"><em>Dolby Vision<\/em><\/a> jusqu\u2019\u00e0 120 ips<\/li>\n<\/ul>\n<p style=\"text-align: justify;\">Fait \u00e0 noter pour l\u2019emplacement des cam\u00e9ras, celles-ci ont \u00e9t\u00e9 ramen\u00e9es l\u2019une au-dessus de l\u2019autre. Le but est de favoriser la prise de photo \u00e0 effet de profondeur pour les utilisateurs d\u2019<a href=\"https:\/\/fr.wikipedia.org\/wiki\/Apple_Vision_Pro\" target=\"_blank\" rel=\"noopener\"><em>Apple Vision Pro<\/em><\/a>.<\/p>\n<p style=\"text-align: justify;\">Un nouveau bouton de contr\u00f4le dot\u00e9 d\u2019un <a href=\"https:\/\/fr.wikipedia.org\/wiki\/Dispositif_haptique\" target=\"_blank\" rel=\"noopener\">dispositif haptique<\/a> (<em><a href=\"https:\/\/fr.wikipedia.org\/wiki\/Force_Touch\" target=\"_blank\" rel=\"noopener\">haptic touch<\/a><\/em>) permet d\u2019acc\u00e9der directement \u00e0 la cam\u00e9ra. Ce bouton offre \u00e9galement diverses fonctions de mise au point de l\u2019image, mais ceci demande du doigt\u00e9.<\/p>\n<p>En gros, il faut ;<\/p>\n<ul>\n<li style=\"text-align: justify;\">appuyer l\u00e9g\u00e8rement pour acc\u00e9der au menu des fonctionnalit\u00e9s ;<\/li>\n<li style=\"text-align: justify;\">glisser son doigt sur le bouton pour choisir la fonctionnalit\u00e9 d\u00e9sir\u00e9e ;<\/li>\n<li style=\"text-align: justify;\">r\u00e9appuyer l\u00e9g\u00e8rement pour la choisir ;<\/li>\n<li style=\"text-align: justify;\">glisser \u00e0 nouveau son doigt sur le bouton pour ajuster la s\u00e9lection\u00a0;<\/li>\n<li style=\"text-align: justify;\">appuyer plus fort pour prendre une photo.<\/li>\n<\/ul>\n<p style=\"text-align: justify;\">Les journalistes sp\u00e9cialis\u00e9s invit\u00e9s \u00e0 l\u2019\u00e9v\u00e9nement qui ont essay\u00e9 cette fonctionnalit\u00e9 ont tous conclu qu\u2019il faudra une p\u00e9riode d\u2019adaptation pour bien ma\u00eetriser les fonctionnalit\u00e9s sans d\u00e9clencher une photo par inadvertance.<\/p>\n<figure id=\"attachment_50683\" aria-describedby=\"caption-attachment-50683\" style=\"width: 730px\" class=\"wp-caption aligncenter\"><img loading=\"lazy\" decoding=\"async\" class=\"size-full wp-image-50683\" src=\"https:\/\/cimbcc.org\/test2\/wp-content\/uploads\/chip_2024_09_apple_2.jpg\" alt=\"\" width=\"730\" height=\"503\" srcset=\"https:\/\/cimbcc.org\/test2\/wp-content\/uploads\/chip_2024_09_apple_2.jpg 730w, https:\/\/cimbcc.org\/test2\/wp-content\/uploads\/chip_2024_09_apple_2-300x207.jpg 300w\" sizes=\"auto, (max-width: 730px) 100vw, 730px\" \/><figcaption id=\"caption-attachment-50683\" class=\"wp-caption-text\">D\u00e9monstration de fonctionnalit\u00e9 du bouton \u00e0 dispositif haptique (image : Apple)<\/figcaption><\/figure>\n<h5 style=\"text-align: justify;\"><em>La r\u00e9elle nouveaut\u00e9 : Apple Intelligence\u2026. \u00e0 venir<\/em><\/h5>\n<p style=\"text-align: justify;\">Il faut \u00eatre r\u00e9aliste, le nerf de la guerre actuellement en technologie est l\u2019<a href=\"https:\/\/fr.wikipedia.org\/wiki\/Intelligence_artificielle\" target=\"_blank\" rel=\"noopener\">intelligence artificielle<\/a> (I.A.). <em>Apple<\/em> d\u00e9veloppe sa version nomm\u00e9e <a href=\"https:\/\/fr.wikipedia.org\/wiki\/Apple_Intelligence\" target=\"_blank\" rel=\"noopener\"><em>Apple Intelligence<\/em><\/a>. Celle-ci fait miroiter de belles possibilit\u00e9s, mais voil\u00e0, elle n\u2019est pas encore pr\u00eate.<\/p>\n<p style=\"text-align: justify;\"><em>Apple<\/em> avait pr\u00e9sent\u00e9 son concept d\u2019I.A. en juin dernier lors de son rendez-vous annuel pour les d\u00e9veloppeurs, le <a href=\"https:\/\/fr.wikipedia.org\/wiki\/Apple_Worldwide_Developers_Conference\" target=\"_blank\" rel=\"noopener\"><em>WWDC<\/em><\/a> (<em>World Wide Developers Conference<\/em>).<\/p>\n<figure id=\"attachment_50684\" aria-describedby=\"caption-attachment-50684\" style=\"width: 771px\" class=\"wp-caption aligncenter\"><img loading=\"lazy\" decoding=\"async\" class=\"size-full wp-image-50684\" src=\"https:\/\/cimbcc.org\/test2\/wp-content\/uploads\/chip_2024_09_apple_3.jpg\" alt=\"\" width=\"771\" height=\"440\" srcset=\"https:\/\/cimbcc.org\/test2\/wp-content\/uploads\/chip_2024_09_apple_3.jpg 771w, https:\/\/cimbcc.org\/test2\/wp-content\/uploads\/chip_2024_09_apple_3-300x171.jpg 300w, https:\/\/cimbcc.org\/test2\/wp-content\/uploads\/chip_2024_09_apple_3-768x438.jpg 768w\" sizes=\"auto, (max-width: 771px) 100vw, 771px\" \/><figcaption id=\"caption-attachment-50684\" class=\"wp-caption-text\">Architecture d\u2019Apple Intelligence (Image : Apple)<\/figcaption><\/figure>\n<p style=\"text-align: justify;\">Nul doute qu\u2019<em>Apple Intelligence<\/em> sera \u00e0 la hauteur des attentes, mais pour le moment, ceci demeure dans le domaine de ce que nous appelons en jargon informatique, du \u00ab\u00a0<a href=\"https:\/\/fr.wikipedia.org\/wiki\/Vaporware\" target=\"_blank\" rel=\"noopener\"><em>vaporware<\/em>\u00a0<\/a>\u00bb (produit fant\u00f4me). Les premi\u00e8res fonctionnalit\u00e9s devraient \u00eatre offertes quelque part le mois prochain, mais en anglais seulement.<\/p>\n<p style=\"text-align: justify;\">D\u2019un autre c\u00f4t\u00e9, il faut comprendre qu\u2019<em>Apple<\/em> demeure prudente en voulant \u00e9viter les bourdes commises par ses comp\u00e9titeurs. Il nous faudra donc \u00eatre tr\u00e8s patients pour voir l\u2019ensemble des fonctionnalit\u00e9s disponibles et en fran\u00e7ais, de surcro\u00eet.<\/p>\n<hr \/>\n<h4>D\u2019autres am\u00e9liorations purement incr\u00e9mentales<\/h4>\n<p style=\"text-align: justify;\">Outre l\u2019<em>iPhone 16<\/em> qui, somme toute, nous laisse sur notre faim, les autres produits annonc\u00e9s nous offraient peu \u00e0 nous mettre sous la dent.<\/p>\n<ul>\n<li style=\"text-align: justify;\">Une nouvelle <a href=\"https:\/\/fr.wikipedia.org\/wiki\/Apple_Watch\" target=\"_blank\" rel=\"noopener\"><em>Apple Watch<\/em><\/a><em> 10<\/em> plus mince qui offrira bient\u00f4t la surveillance de l\u2019<a href=\"https:\/\/fr.wikipedia.org\/wiki\/Syndrome_d%27apn\u00e9es_du_sommeil\" target=\"_blank\" rel=\"noopener\">apn\u00e9e du sommeil<\/a>. Cette fonctionnalit\u00e9 est en attente des diverses agences gouvernementales de sant\u00e9. Disons que, pour une 10<sup>e<\/sup> version, on se serait attendu \u00e0 plus.<\/li>\n<\/ul>\n<figure id=\"attachment_50685\" aria-describedby=\"caption-attachment-50685\" style=\"width: 518px\" class=\"wp-caption aligncenter\"><img loading=\"lazy\" decoding=\"async\" class=\"size-full wp-image-50685\" src=\"https:\/\/cimbcc.org\/test2\/wp-content\/uploads\/chip_2024_09_apple_4.jpg\" alt=\"\" width=\"518\" height=\"360\" srcset=\"https:\/\/cimbcc.org\/test2\/wp-content\/uploads\/chip_2024_09_apple_4.jpg 518w, https:\/\/cimbcc.org\/test2\/wp-content\/uploads\/chip_2024_09_apple_4-300x208.jpg 300w\" sizes=\"auto, (max-width: 518px) 100vw, 518px\" \/><figcaption id=\"caption-attachment-50685\" class=\"wp-caption-text\">Apple Watch Series 10<\/figcaption><\/figure>\n<p>&nbsp;<\/p>\n<ul>\n<li style=\"text-align: justify;\">Pas de nouvelle <em>Apple Watch Ultra<\/em>, seulement une nouvelle couleur noire.<\/li>\n<\/ul>\n<figure id=\"attachment_50686\" aria-describedby=\"caption-attachment-50686\" style=\"width: 582px\" class=\"wp-caption aligncenter\"><img loading=\"lazy\" decoding=\"async\" class=\"size-full wp-image-50686\" src=\"https:\/\/cimbcc.org\/test2\/wp-content\/uploads\/chip_2024_09_apple_5.jpg\" alt=\"\" width=\"582\" height=\"401\" srcset=\"https:\/\/cimbcc.org\/test2\/wp-content\/uploads\/chip_2024_09_apple_5.jpg 582w, https:\/\/cimbcc.org\/test2\/wp-content\/uploads\/chip_2024_09_apple_5-300x207.jpg 300w\" sizes=\"auto, (max-width: 582px) 100vw, 582px\" \/><figcaption id=\"caption-attachment-50686\" class=\"wp-caption-text\">Apple Watch Ultra 2 dans sa nouvelle couleur noire<\/figcaption><\/figure>\n<p>&nbsp;<\/p>\n<ul>\n<li style=\"text-align: justify;\">Les nouveaux <a href=\"https:\/\/fr.wikipedia.org\/wiki\/AirPods\" target=\"_blank\" rel=\"noopener\"><em>AirPods<\/em><\/a><em> 4<\/em> adoptent des fonctionnalit\u00e9s de ses grands fr\u00e8res, les <a href=\"https:\/\/fr.wikipedia.org\/wiki\/AirPods_Pro\" target=\"_blank\" rel=\"noopener\"><em>AirPods Pro<\/em><\/a><em> 2<\/em> au niveau de la <a href=\"https:\/\/fr.wikipedia.org\/wiki\/R\u00e9duction_de_bruit_audio_Dolby\" target=\"_blank\" rel=\"noopener\">r\u00e9duction du bruit<\/a> ambiant, le mode de transparence et la <a href=\"https:\/\/fr.wikipedia.org\/wiki\/Spatialisation_sonore\" target=\"_blank\" rel=\"noopener\">spatialisation sonore<\/a>.<\/li>\n<li style=\"text-align: justify;\">Les <em>AirPods Pro 2<\/em> recevront une mise \u00e0 jour permettant de les utiliser comme proth\u00e8se auditive. Ici encore, <em>Apple<\/em> est en attente d\u2019approbation d\u2019agences gouvernementales. J\u2019avoue que cette nouveaut\u00e9 peut s\u2019av\u00e9rer fort int\u00e9ressante, connaissant le co\u00fbt \u00e9lev\u00e9 de ces proth\u00e8ses.<\/li>\n<\/ul>\n<p><img loading=\"lazy\" decoding=\"async\" class=\"size-full wp-image-50687 aligncenter\" src=\"https:\/\/cimbcc.org\/test2\/wp-content\/uploads\/chip_2024_09_apple_6.jpg\" alt=\"\" width=\"706\" height=\"492\" srcset=\"https:\/\/cimbcc.org\/test2\/wp-content\/uploads\/chip_2024_09_apple_6.jpg 706w, https:\/\/cimbcc.org\/test2\/wp-content\/uploads\/chip_2024_09_apple_6-300x209.jpg 300w\" sizes=\"auto, (max-width: 706px) 100vw, 706px\" \/><\/p>\n<ul>\n<li style=\"text-align: justify;\">Comble du vide ici, <em>Apple<\/em> a pr\u00e9sent\u00e9 ses <a href=\"https:\/\/en.wikipedia.org\/wiki\/AirPods_Max\" target=\"_blank\" rel=\"noopener\"><em>AirPods Max<\/em><\/a> simplement parce qu\u2019ils ont ajout\u00e9 de nouvelles couleurs et remplac\u00e9 le connecteur de chargement par une prise <a href=\"https:\/\/fr.wikipedia.org\/wiki\/USB_Type-C\" target=\"_blank\" rel=\"noopener\"><em>USB-C<\/em><\/a>. C\u2019est tout ! Aucune am\u00e9lioration.<br \/>\nIci, c\u2019est une grande d\u00e9ception pour un \u00e9quipement vieux de quatre ans dont le prix demeure inchang\u00e9 \u00e0 779$. On se serait attendu au moins \u00e0 une mise \u00e0 jour, mais non, rien, juste de nouvelles couleurs et un nouveau connecteur. Tr\u00e8s d\u00e9cevant.<\/li>\n<\/ul>\n<figure id=\"attachment_50688\" aria-describedby=\"caption-attachment-50688\" style=\"width: 451px\" class=\"wp-caption aligncenter\"><img loading=\"lazy\" decoding=\"async\" class=\"size-full wp-image-50688\" src=\"https:\/\/cimbcc.org\/test2\/wp-content\/uploads\/chip_2024_09_apple_7.jpg\" alt=\"\" width=\"451\" height=\"496\" srcset=\"https:\/\/cimbcc.org\/test2\/wp-content\/uploads\/chip_2024_09_apple_7.jpg 451w, https:\/\/cimbcc.org\/test2\/wp-content\/uploads\/chip_2024_09_apple_7-273x300.jpg 273w\" sizes=\"auto, (max-width: 451px) 100vw, 451px\" \/><figcaption id=\"caption-attachment-50688\" class=\"wp-caption-text\">AirPods Max en de nouvelles couleurs<\/figcaption><\/figure>\n<hr \/>\n<h4>Que pouvons-nous en conclure ?<\/h4>\n<p style=\"text-align: justify;\">On pourrait penser qu\u2019<em>Apple<\/em> a concentr\u00e9 sa force de travail vers le d\u00e9veloppement de l\u2019I.A. d\u00e9laissant ainsi le c\u00f4t\u00e9 innovateur dont elle a toujours \u00e9t\u00e9 un porte-\u00e9tendard. Cela demeure une possibilit\u00e9.<\/p>\n<p style=\"text-align: justify;\">Toutefois, apr\u00e8s l\u2019\u00e9coute de la pr\u00e9sentation, j\u2019avais la nette impression que nous avions atteint un nouveau sommet en mati\u00e8re d\u2019innovation. Un peu comme nous vivons pr\u00e9sentement avec la technologie des processeurs, principalement du c\u00f4t\u00e9 <a href=\"https:\/\/fr.wikipedia.org\/wiki\/Intel\" target=\"_blank\" rel=\"noopener\"><em>Intel<\/em><\/a> et son architecture <a href=\"https:\/\/fr.wikipedia.org\/wiki\/X86\" target=\"_blank\" rel=\"noopener\"><em>x86<\/em><\/a> que nous avons d\u00e9j\u00e0 abord\u00e9s lors de pr\u00e9c\u00e9dents articles.<\/p>\n<p style=\"text-align: justify;\">D\u2019un autre c\u00f4t\u00e9, je me demande depuis plusieurs ann\u00e9es pourquoi on s\u2019ent\u00eate \u00e0 appeler cet appareil un \u00ab\u00a0<em>iPhone<\/em>\u00a0\u00bb puisque la fonctionnalit\u00e9 \u00ab\u00a0t\u00e9l\u00e9phone\u00a0\u00bb a \u00e9t\u00e9 rel\u00e9gu\u00e9e loin derri\u00e8re au profit de logiciels de communications et de r\u00e9seaux sociaux tous plus imaginatifs les uns des autres.<\/p>\n<p style=\"text-align: justify;\">C\u2019est vrai, regardez les gens dans la rue. Ils sont riv\u00e9s sur leur \u00e9cran, ils \u00e9changent des messages instantan\u00e9s, ils passent de longues heures \u00e0 naviguer sur des r\u00e9seaux sans fin, mais qui parle encore au t\u00e9l\u00e9phone ? Tr\u00e8s peu et souvent de courte dur\u00e9e. Regardez votre propre historique d\u2019utilisation de votre appareil, il y a de fortes chances que la portion \u00ab t\u00e9l\u00e9phone \u00bb soit minime.<\/p>\n<p style=\"text-align: justify;\">Soyons r\u00e9alistes, ce n\u2019est plus un \u00ab\u00a0t\u00e9l\u00e9phone intelligent\u00a0\u00bb que nous trimbalons dans nos poches, mais un ordinateur complet dot\u00e9 d\u2019une puissance inou\u00efe au creux de notre main.<\/p>\n<p style=\"text-align: justify;\">En conclusion, je crois que nous assistons \u00e0 un petit passage \u00e0 vide en mati\u00e8re d\u2019innovation technologique et l\u2019intelligence artificielle, qui est en plein essor, est per\u00e7ue comme le nouvel Eldorado des \u00ab\u00a0<a href=\"https:\/\/fr.wikipedia.org\/wiki\/GAFAM\" target=\"_blank\" rel=\"noopener\"><em>Big Techs<\/em><\/a>\u00a0\u00bb. Allons chercher du popcorn et regardons le spectacle, nous assistons \u00e0 un tournant majeur de nos soci\u00e9t\u00e9s avec l\u2019I.A. qui s\u2019immisce dans toutes les sph\u00e8res d\u2019activit\u00e9s.<\/p>\n<p style=\"text-align: justify;\">Malgr\u00e9 tout, je crois que le plus impressionnant reste \u00e0 venir. Bien que nous semblions plafonner en mati\u00e8re d\u2019innovation, les prouesses de l\u2019I.A. n\u2019ont pas fini de nous surprendre.<\/p>\n<p>Daniel Vinet<\/p>\n","protected":false},"excerpt":{"rendered":"<p>Lundi 9 septembre dernier avait lieu la pr\u00e9sentation annuelle d\u2019Apple pour son nouvel iPhone. Apple en profite \u00e9galement pour pr\u00e9senter d\u2019autres mises \u00e0 jour de ses produits. Au fil des ann\u00e9es, si nous commencions \u00e0 sentir un certain ralentissement dans les innovations apport\u00e9es \u00e0 ceux-ci, cette ann\u00e9e, nous avons clairement observ\u00e9 un essoufflement.<\/p>\n","protected":false},"author":43,"featured_media":0,"comment_status":"open","ping_status":"closed","sticky":false,"template":"","format":"standard","meta":{"footnotes":""},"categories":[1594],"tags":[1357,666,427,2138,1029,731,2137],"class_list":["post-50679","post","type-post","status-publish","format-standard","hentry","category-chronique-technique","tag-airpods","tag-apnee-du-sommeil","tag-apple","tag-apple-intelligence","tag-apple-watch","tag-intelligence-artificielle","tag-iphone-16"],"_links":{"self":[{"href":"https:\/\/cimbcc.org\/test2\/wp-json\/wp\/v2\/posts\/50679","targetHints":{"allow":["GET"]}}],"collection":[{"href":"https:\/\/cimbcc.org\/test2\/wp-json\/wp\/v2\/posts"}],"about":[{"href":"https:\/\/cimbcc.org\/test2\/wp-json\/wp\/v2\/types\/post"}],"author":[{"embeddable":true,"href":"https:\/\/cimbcc.org\/test2\/wp-json\/wp\/v2\/users\/43"}],"replies":[{"embeddable":true,"href":"https:\/\/cimbcc.org\/test2\/wp-json\/wp\/v2\/comments?post=50679"}],"version-history":[{"count":12,"href":"https:\/\/cimbcc.org\/test2\/wp-json\/wp\/v2\/posts\/50679\/revisions"}],"predecessor-version":[{"id":50699,"href":"https:\/\/cimbcc.org\/test2\/wp-json\/wp\/v2\/posts\/50679\/revisions\/50699"}],"wp:attachment":[{"href":"https:\/\/cimbcc.org\/test2\/wp-json\/wp\/v2\/media?parent=50679"}],"wp:term":[{"taxonomy":"category","embeddable":true,"href":"https:\/\/cimbcc.org\/test2\/wp-json\/wp\/v2\/categories?post=50679"},{"taxonomy":"post_tag","embeddable":true,"href":"https:\/\/cimbcc.org\/test2\/wp-json\/wp\/v2\/tags?post=50679"}],"curies":[{"name":"wp","href":"https:\/\/api.w.org\/{rel}","templated":true}]}}